{"id":188190,"date":"2026-01-05T11:58:08","date_gmt":"2026-01-05T11:58:08","guid":{"rendered":"https:\/\/www.europesays.com\/pl\/188190\/"},"modified":"2026-01-05T11:58:08","modified_gmt":"2026-01-05T11:58:08","slug":"znalazl-kawalek-marsa-byl-warty-20-mln-zl","status":"publish","type":"post","link":"https:\/\/www.europesays.com\/pl\/188190\/","title":{"rendered":"Znalaz\u0142 kawa\u0142ek Marsa. By\u0142 warty 20 mln z\u0142"},"content":{"rendered":"<p>\u0141owca meteoryt\u00f3w odkry\u0142 w\u00a0listopadzie 2023 r. na Saharze w\u00a0Nigrze ciemny, ale nietypowy kamie\u0144. Ska\u0142a wa\u017cy\u0142a a\u017c 24,5 kg. P\u00f3\u017aniejsze analizy wykaza\u0142y, \u017ce tajemniczym obiektem by\u0142 meteoryt b\u0119d\u0105cy jednocze\u015bnie najwi\u0119kszym znanym fragmentem Marsa na Ziemi. Obiekt trafi\u0142 w\u00a0lipcu 2025 r. na aukcj\u0119 i\u00a0zosta\u0142 sprzedany za 5,3 mln dol., czyli ok. 20 mln z\u0142.<\/p>\n<p>Meteoryt NWA 16788 ma imponuj\u0105ce wymiary 375 \u00d7\u00a0279 \u00d7\u00a0152 mm. Jest r\u00f3wnie\u017c o\u00a0ok. 70 proc. wi\u0119kszy od kolejnego co do wielko\u015bci fragmentu Czerwonej Planety znalezionego kiedykolwiek na Ziemi. Stanowi te\u017c a\u017c 7\u00a0proc. ca\u0142ego znanego materia\u0142u marsja\u0144skiego odkrytego na Ziemi. <\/p>\n<p>\u2013 Ogromny rozmiar i\u00a0niepowtarzalny czerwony kolor meteorytu wyr\u00f3\u017cniaj\u0105 go jako znalezisko, kt\u00f3rego nie da si\u0119 pomyli\u0107 z\u00a0niczym innym. NWA 16788 zapewnia namacalny zwi\u0105zek z\u00a0czerwon\u0105 planet\u0105 \u2013\u00a0naszym niebia\u0144skim s\u0105siadem, kt\u00f3ry od dawna pobudza ludzk\u0105 wyobra\u017ani\u0119&#8221; \u2013\u00a0powiedzia\u0142a Cassandra Hatton, wiceprzewodnicz\u0105ca ds. nauki i\u00a0historii naturalnej z\u00a0domu aukcyjnego Sotheby\u2019s.<\/p>\n<p>Eksperci por\u00f3wnali meteoryt z\u00a0materia\u0142em z\u00a0sondy Viking z\u00a01976 r., kt\u00f3ra to w\u00f3wczas wyl\u0105dowa\u0142a na Czerwonej Planecie. Badaczom uda\u0142o si\u0119 w\u00a0ten spos\u00f3b ustali\u0107 pochodzenie NWA 16788. Wykazali r\u00f3wnie\u017c, \u017ce ska\u0142a zawiera piroksen i\u00a0oliwin. S\u0105 to minera\u0142y typowe dla powstania w\u00a0wyniku powolnego stygni\u0119cia marsja\u0144skiej magmy.<\/p>\n<p>Analiza sk\u0142adu wewn\u0119trznego meteorytu wykaza\u0142a, \u017ce meteoryt zosta\u0142 oderwany od powierzchni Marsa i\u00a0wyrzucony w\u00a0przestrze\u0144 kosmiczn\u0105 przez uderzenie asteroidy. Zjawisko to by\u0142o tak silne, \u017ce zamieni\u0142o cz\u0119\u015bci od\u0142amka w\u00a0szk\u0142o. Szklista skorupa z\u00a0kolei powsta\u0142a podczas przebijania si\u0119 meteorytu przez atmosfer\u0119.<\/p>\n","protected":false},"excerpt":{"rendered":"\u0141owca meteoryt\u00f3w odkry\u0142 w\u00a0listopadzie 2023 r. na Saharze w\u00a0Nigrze ciemny, ale nietypowy kamie\u0144. Ska\u0142a wa\u017cy\u0142a a\u017c 24,5 kg.&hellip;\n","protected":false},"author":2,"featured_media":188191,"comment_status":"","ping_status":"","sticky":false,"template":"","format":"standard","meta":{"footnotes":""},"categories":[20],"tags":[120,118,119,42,38,40,39,41,116,114,115,121,117],"class_list":{"0":"post-188190","1":"post","2":"type-post","3":"status-publish","4":"format-standard","5":"has-post-thumbnail","7":"category-nauka-i-technika","8":"tag-nauka","9":"tag-nauka-i-technika","10":"tag-naukatechnika","11":"tag-pl","12":"tag-poland","13":"tag-polish","14":"tag-polska","15":"tag-polski","16":"tag-science","17":"tag-science-and-technology","18":"tag-sciencetechnology","19":"tag-technika","20":"tag-technology"},"share_on_mastodon":{"url":"https:\/\/pubeurope.com\/@pl\/115842377626928500","error":""},"_links":{"self":[{"href":"https:\/\/www.europesays.com\/pl\/wp-json\/wp\/v2\/posts\/188190","targetHints":{"allow":["GET"]}}],"collection":[{"href":"https:\/\/www.europesays.com\/pl\/wp-json\/wp\/v2\/posts"}],"about":[{"href":"https:\/\/www.europesays.com\/pl\/wp-json\/wp\/v2\/types\/post"}],"author":[{"embeddable":true,"href":"https:\/\/www.europesays.com\/pl\/wp-json\/wp\/v2\/users\/2"}],"replies":[{"embeddable":true,"href":"https:\/\/www.europesays.com\/pl\/wp-json\/wp\/v2\/comments?post=188190"}],"version-history":[{"count":0,"href":"https:\/\/www.europesays.com\/pl\/wp-json\/wp\/v2\/posts\/188190\/revisions"}],"wp:featuredmedia":[{"embeddable":true,"href":"https:\/\/www.europesays.com\/pl\/wp-json\/wp\/v2\/media\/188191"}],"wp:attachment":[{"href":"https:\/\/www.europesays.com\/pl\/wp-json\/wp\/v2\/media?parent=188190"}],"wp:term":[{"taxonomy":"category","embeddable":true,"href":"https:\/\/www.europesays.com\/pl\/wp-json\/wp\/v2\/categories?post=188190"},{"taxonomy":"post_tag","embeddable":true,"href":"https:\/\/www.europesays.com\/pl\/wp-json\/wp\/v2\/tags?post=188190"}],"curies":[{"name":"wp","href":"https:\/\/api.w.org\/{rel}","templated":true}]}}