{"id":188297,"date":"2026-01-05T13:12:07","date_gmt":"2026-01-05T13:12:07","guid":{"rendered":"https:\/\/www.europesays.com\/pl\/188297\/"},"modified":"2026-01-05T13:12:07","modified_gmt":"2026-01-05T13:12:07","slug":"auchan-sprzedaje-sklepy-w-polsce-wegrzy-na-zakupach","status":"publish","type":"post","link":"https:\/\/www.europesays.com\/pl\/188297\/","title":{"rendered":"Auchan sprzedaje sklepy w Polsce. W\u0119grzy na zakupach"},"content":{"rendered":"<p data-section=\"detail-body\">Auchan Polska i Ceetrus podpisa\u0142y przedwst\u0119pn\u0105 umow\u0119 sprzeda\u017cy o\u015bmiu centr\u00f3w handlowych w r\u00f3\u017cnych cz\u0119\u015bciach kraju. Nabywc\u0105 jest Adventum Penta Fund SCA SICAV-RAIF \u2014 w\u0119gierski fundusz inwestycyjny. Przy transakcji doradza\u0142a kancelaria Greenberg Traurig.<\/p>\n<p class=\"article_p\" data-section=\"detail-body\">Czytaj te\u017c: <a href=\"https:\/\/businessinsider.com.pl\/biznes\/auchan-pokazuje-wyniki-finansowe-ile-zarabia-najtansza-siec-marketow\/bp8rwmd\" id=\"5980ec9f-88fc-4064-91ae-948f8a81e5ee\" rel=\"nofollow noopener\" target=\"_blank\">Auchan pokazuje wyniki finansowe. Ile zarabia najta\u0144sza sie\u0107 market\u00f3w?<\/a><\/p>\n<p class=\"article_p\" data-section=\"detail-body\">To jedna z najwi\u0119kszych transakcji na polskim rynku nieruchomo\u015bci w 2025 r. Sprzeda\u017c zosta\u0142a zorganizowana w formule sale-and-leaseback, co oznacza, \u017ce Auchan pozostanie g\u0142\u00f3wnym najemc\u0105 tych obiekt\u00f3w na podstawie 15-letniej umowy z mo\u017cliwo\u015bci\u0105 przed\u0142u\u017cenia.<\/p>\n<p class=\"article_p\" data-section=\"detail-body\">\u2014 Sprzeda\u017c tego portfela o\u015bmiu centr\u00f3w handlowych, obj\u0119tych d\u0142ugoterminowymi umowami sale-and-leaseback, zachowuje operacyjny zasi\u0119g Auchan w Polsce. Ta transakcja odzwierciedla odporno\u015b\u0107 polskiego rynku nieruchomo\u015bci handlowych oraz utrzymuj\u0105ce si\u0119 zaufanie kapita\u0142u instytucjonalnego do wysokiej jako\u015bci infrastruktury handlowej \u2014 powiedzia\u0142 partner w warszawskiej Greenberg Traurig Karol Brzoskowski, cytowany w komunikacie.<\/p>\n<p>            Czytaj tak\u017ce w BUSINESS INSIDER<\/p>\n<p class=\"article_p\" data-section=\"detail-body\">Czytaj te\u017c: <a href=\"https:\/\/businessinsider.com.pl\/wiadomosci\/pracownicy-auchan-skarza-sie-na-warunki-odebrano-nawet-paczki-dla-dzieci\/fhpt4kp\" id=\"684bfb72-2ce6-46a0-8cbc-ed3d25e7ec07\" rel=\"nofollow noopener\" target=\"_blank\">Pracownicy Auchan skar\u017c\u0105 si\u0119 na warunki. &#8222;Odebrano nawet paczki dla dzieci&#8221;<\/a><\/p>\n<p>        Kim s\u0105 uczestnicy transakcji?<\/p>\n<ul class=\"article_ul\">\n<li class=\"article_ul_li\">Greenberg Traurig \u2014 mi\u0119dzynarodowa kancelaria prawna z ponad 3000 prawnik\u00f3w w 51 biurach na \u015bwiecie.<\/li>\n<li class=\"article_ul_li\">Ceetrus \u2014 firma inwestuj\u0105ca w nieruchomo\u015bci komercyjne i projekty rewitalizacji miast.<\/li>\n<li class=\"article_ul_li\">Adventum Group \u2014 w\u0119gierska grupa zarz\u0105dzaj\u0105ca funduszami inwestycyjnymi w Europie \u015arodkowo-Wschodniej. Posiada ponad 700 tys. m\u00b2 nieruchomo\u015bci w Polsce, Czechach, na S\u0142owacji, W\u0119grzech i w Rumunii.<\/li>\n<li class=\"article_ul_li\">Auchan Polska \u2014 sie\u0107 handlowa obecna w Polsce od 1996 r., prowadz\u0105ca hipermarkety, supermarkety, sklepy osiedlowe, autonomiczne oraz e-commerce.<\/li>\n<\/ul>\n<p class=\"article_p\" data-section=\"detail-body\">Auchan Polska to wielkoformatowa sie\u0107 sprzeda\u017cy detalicznej o francuskich korzeniach, obecna w Polsce od 1996 r., zarz\u0105dzaj\u0105ca na polskim rynku sieci\u0105 hipermarket\u00f3w pod mark\u0105 Auchan, supermarket\u00f3w pod mark\u0105 Auchan Supermarket, sklepami typu convenience store pod mark\u0105 Easy Auchan, sklepami osiedlowymi pod mark\u0105 Moje Auchan, sklepami autonomicznymi pod mark\u0105 Auchan GO, a tak\u017ce kana\u0142em handlu e-commerce. Sie\u0107 posiada r\u00f3wnie\u017c sklepy franczyzowe w formacie supermarket i hipermarket.<\/p>\n","protected":false},"excerpt":{"rendered":"Auchan Polska i Ceetrus podpisa\u0142y przedwst\u0119pn\u0105 umow\u0119 sprzeda\u017cy o\u015bmiu centr\u00f3w handlowych w r\u00f3\u017cnych cz\u0119\u015bciach kraju. Nabywc\u0105 jest Adventum&hellip;\n","protected":false},"author":2,"featured_media":188298,"comment_status":"","ping_status":"","sticky":false,"template":"","format":"standard","meta":{"footnotes":""},"categories":[5],"tags":[32,33,36,37,27,34,35,28,31,25,42,38,40,39,41,29,30,26],"class_list":{"0":"post-188297","1":"post","2":"type-post","3":"status-publish","4":"format-standard","5":"has-post-thumbnail","7":"category-naglowki","8":"tag-breaking-news","9":"tag-breakingnews","10":"tag-featured-news","11":"tag-featurednews","12":"tag-headlines","13":"tag-latest-news","14":"tag-latestnews","15":"tag-naglowki","16":"tag-najwazniejsze-artykuly","17":"tag-news","18":"tag-pl","19":"tag-poland","20":"tag-polish","21":"tag-polska","22":"tag-polski","23":"tag-top-stories","24":"tag-topstories","25":"tag-wiadomosci"},"share_on_mastodon":{"url":"https:\/\/pubeurope.com\/@pl\/115842668448089968","error":""},"_links":{"self":[{"href":"https:\/\/www.europesays.com\/pl\/wp-json\/wp\/v2\/posts\/188297","targetHints":{"allow":["GET"]}}],"collection":[{"href":"https:\/\/www.europesays.com\/pl\/wp-json\/wp\/v2\/posts"}],"about":[{"href":"https:\/\/www.europesays.com\/pl\/wp-json\/wp\/v2\/types\/post"}],"author":[{"embeddable":true,"href":"https:\/\/www.europesays.com\/pl\/wp-json\/wp\/v2\/users\/2"}],"replies":[{"embeddable":true,"href":"https:\/\/www.europesays.com\/pl\/wp-json\/wp\/v2\/comments?post=188297"}],"version-history":[{"count":0,"href":"https:\/\/www.europesays.com\/pl\/wp-json\/wp\/v2\/posts\/188297\/revisions"}],"wp:featuredmedia":[{"embeddable":true,"href":"https:\/\/www.europesays.com\/pl\/wp-json\/wp\/v2\/media\/188298"}],"wp:attachment":[{"href":"https:\/\/www.europesays.com\/pl\/wp-json\/wp\/v2\/media?parent=188297"}],"wp:term":[{"taxonomy":"category","embeddable":true,"href":"https:\/\/www.europesays.com\/pl\/wp-json\/wp\/v2\/categories?post=188297"},{"taxonomy":"post_tag","embeddable":true,"href":"https:\/\/www.europesays.com\/pl\/wp-json\/wp\/v2\/tags?post=188297"}],"curies":[{"name":"wp","href":"https:\/\/api.w.org\/{rel}","templated":true}]}}