{"id":188495,"date":"2026-01-05T15:14:16","date_gmt":"2026-01-05T15:14:16","guid":{"rendered":"https:\/\/www.europesays.com\/pl\/188495\/"},"modified":"2026-01-05T15:14:16","modified_gmt":"2026-01-05T15:14:16","slug":"poco-m8-ujawnia-specyfikacje-przed-premiera-tanio-i-dobrze","status":"publish","type":"post","link":"https:\/\/www.europesays.com\/pl\/188495\/","title":{"rendered":"POCO M8 ujawnia specyfikacj\u0119 przed premier\u0105. Tanio i dobrze?"},"content":{"rendered":"<p class=\"lead\" style=\"--editable-content-color: #d1cbc7; --original-color: #000000; --original-background-color: #ffffff;\">Nowy rok, to i nowe, tanie telefony zmierzaj\u0105 ku premierze. W\u015br\u00f3d nich znajduje si\u0119 m.in. POCO M8, kt\u00f3ry w\u0142a\u015bnie zdradzi\u0142 kolejne aspekty swojej specyfikacji. Sprawd\u017amy w takim razie, co takiego ma zaoferowa\u0107 u\u017cytkownikowi oraz kiedy konkretnie zostanie zaprezentowany \u015bwiatu.<\/p>\n<p style=\"--original-color: #333333; --original-background-color: #ffffff;\">POCO nie pr\u00f3\u017cnuje i ju\u017c zaraz poka\u017ce kolejny telefon \u2014 je\u017celi dobrze kojarz\u0119, pierwszy w 2026 roku. Mowa oczywi\u015bcie o POCO M8, kt\u00f3ry w przeciekach wyjawi\u0142 kolejne tajemnice i cechy, kt\u00f3rymi zamierza walczy\u0107 o klienta.<\/p>\n<p>POCO M8 z najlepszym ekranem w swojej klasie?<\/p>\n<p style=\"--original-color: #333333; --original-background-color: #ffffff;\">Zacznijmy wi\u0119c od wy\u015bwietlacza. Producent zdecydowa\u0142 si\u0119 tutaj na zagi\u0119ty po bokach panel OLED, cechuj\u0105cy si\u0119 przek\u0105tn\u0105 6,77\u2033, rozdzielczo\u015bci\u0105 2392 \u00d7 1080 pikseli oraz od\u015bwie\u017caniem na poziomie 120 Hz. Warto tak\u017ce wspomnie\u0107 o jasno\u015bci, kt\u00f3ra ma si\u0119ga\u0107 do 3200 nit\u00f3w\u2026 ale nie wydaje mi si\u0119, by uda\u0142o si\u0119 to osi\u0105gn\u0105\u0107 w tak tanim telefonie. POCO chwali si\u0119 r\u00f3wnie\u017c, \u017ce ma to by\u0107 najbardziej wytrzyma\u0142y telefon z zagi\u0119tym ekranem na rynku.<\/p>\n<p><a style=\"--link-color: #75b6ea !important; --link-color-hover: #90c4ee !important; --link-color-active: #71b3ea !important; --visited-color: #a075ea !important; --visited-color-hover: #b390ee !important; --visited-color-active: #9d71ea !important; --original-color: #000000;\" href=\"https:\/\/www.gsmmaniak.pl\/wp-content\/uploads\/gsmmaniak\/2026\/01\/poco-m8-2.jpg\" rel=\"lightbox-post4 nofollow noopener\" target=\"_blank\"><img loading=\"lazy\" decoding=\"async\" aria-describedby=\"caption-attachment-1625794\" class=\"size-medium wp-image-1625794\" style=\"--link-color: #75b6ea !important; --link-color-hover: #90c4ee !important; --link-color-active: #71b3ea !important; --visited-color: #a075ea !important; --visited-color-hover: #b390ee !important; --visited-color-active: #9d71ea !important; --original-color: #000000;\" src=\"https:\/\/www.europesays.com\/pl\/wp-content\/uploads\/2026\/01\/poco-m8-2-medium.jpg\" alt=\"POCO M8\" width=\"500\" height=\"369\"   itemprop=\"image\" \/><\/a><\/p>\n<p id=\"caption-attachment-1625794\" class=\"wp-caption-text\">POCO M8 \/ fot. producent<\/p>\n<p style=\"--original-color: #333333; --original-background-color: #ffffff;\">Co jeszcze o nim wiemy? Posiada on wojskowy certyfikat wytrzyma\u0142o\u015bci, jakim jest MIL-STD-810H, a do tego IP66. Nie b\u0119dzie to zdecydowanie ani gruby, ani ci\u0119\u017cki smartfon, bo m\u00f3wimy o grubo\u015bci na poziomie 7,35 mm oraz wadze r\u00f3wnej 178 gramom. B\u0119dzie to prawdopodobnie najl\u017cejsze i najbardziej smuk\u0142e urz\u0105dzenie w swojej klasie.<\/p>\n<p>Premiera ju\u017c tu\u017c tu\u017c<\/p>\n<p style=\"--original-color: #333333; --original-background-color: #ffffff;\">No ale nie zapominajmy o ca\u0142ej reszcie. POCO M8 ma by\u0107 nap\u0119dzany przez procesor Snapdragon 6 Gen 3, wsparty zapewne 8 b\u0105d\u017a 12 GB pami\u0119ci operacyjnej oraz 128 lub 256 GB pami\u0119ci wewn\u0119trznej. Do tego na pok\u0142adzie ma znale\u017a\u0107 si\u0119 miejsce na 50 MP aparat g\u0142\u00f3wny, czy 20 MP kamerk\u0119 selfie. Ca\u0142o\u015b\u0107 zasilana b\u0119dzie bateri\u0105 o pojemno\u015bci 5520 mAh, kt\u00f3rej poziom uzupe\u0142nicie z u\u017cyciem 45 W \u0142adowania przewodowego.<\/p>\n<p style=\"--original-color: #333333; --original-background-color: #ffffff;\">Zapowiada si\u0119 ciekawy telefonik dla mniej wymagaj\u0105cych u\u017cytkownik\u00f3w, jednak oczywi\u015bcie najwa\u017cniejsza b\u0119dzie jego ko\u0144cowa cena. Pr\u00f3cz tego, ciekawi mnie, na ile aktualizacji systemu b\u0119dzie m\u00f3g\u0142 liczy\u0107 \u2014 dwie, trzy? Je\u017celi tak, to troch\u0119 szkoda, ale z drugiej strony, je\u017celi to b\u0119dzie telefon za mniej ni\u017c 1000 z\u0142otych na start, to raczej po 3 latach nie b\u0119dzie demonem pr\u0119dko\u015bci. A premiera? 8 stycznia, wi\u0119c ju\u017c zaraz.<\/p>\n<p style=\"--original-color: #333333; --original-background-color: #ffffff;\">\u0179r\u00f3d\u0142o: <a style=\"--link-color: #75b6ea !important; --link-color-hover: #90c4ee !important; --link-color-active: #71b3ea !important; --visited-color: #a075ea !important; --visited-color-hover: #b390ee !important; --visited-color-active: #9d71ea !important; --original-color: #000000;\" href=\"https:\/\/www.gsmarena.com\/poco_officially_reveals_more_m8_specs-news-70925.php\" rel=\"nofollow noopener\" target=\"_blank\">GSMArena<\/a>, opracowanie w\u0142asne<\/p>\n","protected":false},"excerpt":{"rendered":"Nowy rok, to i nowe, tanie telefony zmierzaj\u0105 ku premierze. W\u015br\u00f3d nich znajduje si\u0119 m.in. POCO M8, kt\u00f3ry&hellip;\n","protected":false},"author":2,"featured_media":188496,"comment_status":"","ping_status":"","sticky":false,"template":"","format":"standard","meta":{"footnotes":""},"categories":[20],"tags":[120,118,119,42,38,40,39,41,116,114,115,121,117],"class_list":{"0":"post-188495","1":"post","2":"type-post","3":"status-publish","4":"format-standard","5":"has-post-thumbnail","7":"category-nauka-i-technika","8":"tag-nauka","9":"tag-nauka-i-technika","10":"tag-naukatechnika","11":"tag-pl","12":"tag-poland","13":"tag-polish","14":"tag-polska","15":"tag-polski","16":"tag-science","17":"tag-science-and-technology","18":"tag-sciencetechnology","19":"tag-technika","20":"tag-technology"},"share_on_mastodon":{"url":"https:\/\/pubeurope.com\/@pl\/115843148306049175","error":""},"_links":{"self":[{"href":"https:\/\/www.europesays.com\/pl\/wp-json\/wp\/v2\/posts\/188495","targetHints":{"allow":["GET"]}}],"collection":[{"href":"https:\/\/www.europesays.com\/pl\/wp-json\/wp\/v2\/posts"}],"about":[{"href":"https:\/\/www.europesays.com\/pl\/wp-json\/wp\/v2\/types\/post"}],"author":[{"embeddable":true,"href":"https:\/\/www.europesays.com\/pl\/wp-json\/wp\/v2\/users\/2"}],"replies":[{"embeddable":true,"href":"https:\/\/www.europesays.com\/pl\/wp-json\/wp\/v2\/comments?post=188495"}],"version-history":[{"count":0,"href":"https:\/\/www.europesays.com\/pl\/wp-json\/wp\/v2\/posts\/188495\/revisions"}],"wp:featuredmedia":[{"embeddable":true,"href":"https:\/\/www.europesays.com\/pl\/wp-json\/wp\/v2\/media\/188496"}],"wp:attachment":[{"href":"https:\/\/www.europesays.com\/pl\/wp-json\/wp\/v2\/media?parent=188495"}],"wp:term":[{"taxonomy":"category","embeddable":true,"href":"https:\/\/www.europesays.com\/pl\/wp-json\/wp\/v2\/categories?post=188495"},{"taxonomy":"post_tag","embeddable":true,"href":"https:\/\/www.europesays.com\/pl\/wp-json\/wp\/v2\/tags?post=188495"}],"curies":[{"name":"wp","href":"https:\/\/api.w.org\/{rel}","templated":true}]}}