{"id":188515,"date":"2026-01-05T15:26:09","date_gmt":"2026-01-05T15:26:09","guid":{"rendered":"https:\/\/www.europesays.com\/pl\/188515\/"},"modified":"2026-01-05T15:26:09","modified_gmt":"2026-01-05T15:26:09","slug":"skandal-z-marianna-schreiber-na-konferencji-prime-mma-celebrytka-oberwala-gasnica","status":"publish","type":"post","link":"https:\/\/www.europesays.com\/pl\/188515\/","title":{"rendered":"Skandal z Mariann\u0105 Schreiber na konferencji Prime MMA. Celebrytka oberwa\u0142a ga\u015bnic\u0105"},"content":{"rendered":"<p class=\"Paragraph_desktopParagraph__U31Gm\">Cho\u0107 internetowe porzekad\u0142o &#8222;nowy rok, nowa ja&#8221; zyskuje na popularno\u015bci, <a href=\"https:\/\/plejada.pl\/temat\/marianna-schreiber\/dprj9dv\" id=\"389ae8e8-eae3-4796-b452-23429d1a0613\" rel=\"nofollow noopener\" target=\"_blank\">Marianna Schreiber<\/a> zdaje si\u0119 nie przejmowa\u0107 podobnymi trendami. W sobot\u0119 10 stycznia podczas kolejnej gali Prime MMA zmierzy si\u0119 z Sar\u0105 Sise. Zgodnie z tradycj\u0105, przed walk\u0105 zorganizowano konferencj\u0119, kt\u00f3ra \u2014 jak to bywa w \u015bwiecie freak fight\u00f3w \u2014 szybko zamieni\u0142a si\u0119 w pole do wzajemnych prowokacji.<\/p>\n<ul class=\"OchatFollowUps_wrapper__1ry7X\">\n<li class=\"OchatFollowUps_item__Dhyly OchatFollowUps_itemDesktop__R6aBv\">Co si\u0119 wydarzy\u0142o na konferencji przed gal\u0105 Prime MMA?<\/li>\n<li class=\"OchatFollowUps_item__Dhyly OchatFollowUps_itemDesktop__R6aBv\">Jak Marianna Schreiber zareagowa\u0142a na atak ga\u015bnic\u0105?<\/li>\n<li class=\"OchatFollowUps_item__Dhyly OchatFollowUps_itemDesktop__R6aBv\">Kto zaatakowa\u0142 Mariann\u0119 Schreiber ga\u015bnic\u0105?<\/li>\n<li class=\"OchatFollowUps_item__Dhyly OchatFollowUps_itemDesktop__R6aBv\">Co powiedzia\u0142a Schreiber po incydencie?<\/li>\n<\/ul>\n<p>Marianna Schreiber oberwa\u0142a ga\u015bnic\u0105 od rywalki. &#8222;Jeste\u015bcie chorzy z nienawi\u015bci&#8221; <\/p>\n<p class=\"Paragraph_desktopParagraph__U31Gm\">Tym razem jednak poziom emocji przekroczy\u0142 dotychczasowe normy. Marianna Schreiber nie omieszka\u0142a podzieli\u0107 si\u0119 nagraniem z zaj\u015bcia na swoim Instagramie. Pokaza\u0142a r\u00f3wnie\u017c, jak po incydencie inhaluje si\u0119 wrz\u0105tkiem, komentuj\u0105c z przek\u0105sem sw\u00f3j stan zdrowia.<\/p>\n<p class=\"Paragraph_desktopParagraph__U31Gm\">Lasuczita, wykorzystuj\u0105c ga\u015bnic\u0119, spryska\u0142a Schreiber na oczach zgromadzonych. Zaskoczona uczestniczka zdo\u0142a\u0142a jedynie odpowiedzie\u0107 seri\u0105 wyzwisk, po czym zacz\u0119\u0142a si\u0119 dusi\u0107. Jej rywalka nie kry\u0142a satysfakcji z przebiegu wydarzenia. &#8222;Wr\u00f3ci\u0142a\u015b z hotelu poselskiego, sz***o?!&#8221; \u2014 krzykn\u0119\u0142a zadowolona z siebie.<\/p>\n<p class=\"Paragraph_desktopParagraph__U31Gm\"> \u2014 napisa\u0142a po incydencie Marianna Schreiber i pokaza\u0142a, jak robi sobie inhalacj\u0119 z wrz\u0105tku. Na InstaStories zaprezentowa\u0142a tak\u017ce p\u0142aszcz, kt\u00f3ry \u2014 jak sama zauwa\u017cy\u0142a \u2014 nie wyszed\u0142 bez szwanku z tego starcia. &#8222;Mo\u017cna sobie tylko wyobra\u017ca\u0107, jak w takiej sytuacji reaguj\u0105 p\u0142uca&#8221; \u2014 napisa\u0142a, odnosz\u0105c si\u0119 do skutk\u00f3w ataku.<\/p>\n<p class=\"Paragraph_desktopParagraph__U31Gm\">Warto przypomnie\u0107, \u017ce Schreiber w przesz\u0142o\u015bci sama u\u017cy\u0142a ga\u015bnicy wobec aktywist\u00f3w, cho\u0107 wtedy nie pojawi\u0142a si\u0119 podobna refleksja. Tym razem sytuacja obr\u00f3ci\u0142a si\u0119 przeciwko niej.<\/p>\n<p class=\"Paragraph_desktopParagraph__U31Gm\">Marianna Schreiber po zaj\u015bciu zmierzy\u0142a si\u0119 z fal\u0105 przykrych komentarzy. Nie omieszka\u0142a si\u0119 do nich odnie\u015b\u0107, t\u0142umacz\u0105c swoj\u0105 sytuacj\u0119.<\/p>\n<p class=\"Paragraph_desktopParagraph__U31Gm\">&#8222;To ja dosta\u0142am ga\u015bnic\u0105 w twarz. Ale to na mnie jest hejt, za to, \u017ce to kto\u015b mnie zaatakowa\u0142 z premedytacj\u0105, \u017cebym si\u0119 tego nawdycha\u0142a. Jeste\u015bcie ludzie przera\u017caj\u0105cy za to, \u017ce jeszcze na to przyklaskujecie. W jakim my spo\u0142ecze\u0144stwie \u017cyjemy, \u017ce jeden drugiego utopi\u0142by w \u0142y\u017cce wody cho\u0107by za to, \u017ce go nie lubi. Ludzie ciesz\u0105 si\u0119, \u017ce komu\u015b si\u0119 dzieje krzywda, \u017ce trawa u niego bardziej zielona ni\u017c u s\u0105siada, \u017ce to jemu krowa si\u0119 ocieli, a nie s\u0105siadowi. Jeste\u015bcie ludzie chorzy z nienawi\u015bci&#8221; \u2014 napisa\u0142a na Instagramie.<\/p>\n<p class=\"Paragraph_desktopParagraph__U31Gm\">Dzi\u0119kujemy, \u017ce przeczyta\u0142a\u015b\/e\u015b nasz artyku\u0142 do ko\u0144ca. W serwisie Plejada.pl ka\u017cdego dnia piszemy o najwa\u017cniejszych wydarzeniach show-biznesowych. B\u0105d\u017a na bie\u017c\u0105co! <a rel=\"nofollow noopener\" href=\"https:\/\/profile.google.com\/cp\/Cg0vZy8xMWJ6X19wdHBx\" id=\"d0ab52f3-6a35-458f-af88-1d048e0819f0\" target=\"_blank\">Obserwuj<\/a> Plejad\u0119 w Google. Odwied\u017a nas tak\u017ce na <a rel=\"nofollow noopener\" href=\"https:\/\/www.facebook.com\/plejadapl\" id=\"3183343f-a962-41a5-b05c-ebf421a7627b\" target=\"_blank\">Facebooku<\/a>, <a rel=\"nofollow noopener\" href=\"https:\/\/www.instagram.com\/plejadapl\/\" id=\"c9cfbad0-3b76-47be-a525-b4ea79fb3f81\" target=\"_blank\">Instagramie<\/a>, <a rel=\"nofollow noopener\" href=\"https:\/\/www.youtube.com\/c\/plejada\" id=\"fd737af1-65c2-40c0-b187-962f23580261\" target=\"_blank\">YouTubie<\/a> oraz <a rel=\"nofollow noopener\" href=\"https:\/\/www.tiktok.com\/@plejada_pl\" id=\"f200e4b9-4bd5-4d61-b984-635d4e2761f8\" target=\"_blank\">TikToku<\/a>.<\/p>\n<p class=\"Paragraph_desktopParagraph__U31Gm\">Chcesz podzieli\u0107 si\u0119 ciekawym newsem lub zaproponowa\u0107 temat? Skontaktuj si\u0119 z nami, pisz\u0105c maila na adres: <a href=\"https:\/\/www.onet.pl\/styl-zycia\/plejada\/skandal-z-marianna-schreiber-na-konferencji-prime-mma-celebrytka-oberwala-gasnica\/mailto:plejada@redakcjaonet.pl\" id=\"253412d1-17c4-4613-b4f5-a8d322441394\" rel=\"nofollow noopener\" target=\"_blank\">plejada@redakcjaon<\/a><a rel=\"nofollow noopener\" href=\"http:\/\/et.pl\" id=\"7446d786-1eaa-421c-a1cb-61a001dad4d8\" target=\"_blank\">et.pl<\/a>.<\/p>\n<p><script async src=\"\/\/www.instagram.com\/embed.js\"><\/script><script async src=\"\/\/www.tiktok.com\/embed.js\"><\/script><\/p>\n","protected":false},"excerpt":{"rendered":"Cho\u0107 internetowe porzekad\u0142o &#8222;nowy rok, nowa ja&#8221; zyskuje na popularno\u015bci, Marianna Schreiber zdaje si\u0119 nie przejmowa\u0107 podobnymi trendami.&hellip;\n","protected":false},"author":2,"featured_media":188516,"comment_status":"","ping_status":"","sticky":false,"template":"","format":"standard","meta":{"footnotes":""},"categories":[24],"tags":[67,2042,1255,53,52,68,51,55,42,38,40,39,41,12597,47,127,126,196,65,50],"class_list":{"0":"post-188515","1":"post","2":"type-post","3":"status-publish","4":"format-standard","5":"has-post-thumbnail","7":"category-sport","8":"tag-intextvideo_splayer","9":"tag-marianna_schreiber","10":"tag-mma","11":"tag-new_header","12":"tag-onet3","13":"tag-onet3d","14":"tag-onet3d_2i","15":"tag-phx","16":"tag-pl","17":"tag-poland","18":"tag-polish","19":"tag-polska","20":"tag-polski","21":"tag-prime_mma","22":"tag-screening_general","23":"tag-sport","24":"tag-sports","25":"tag-styl_zycia","26":"tag-update_me","27":"tag-v2021"},"share_on_mastodon":{"url":"https:\/\/pubeurope.com\/@pl\/115843195440991507","error":""},"_links":{"self":[{"href":"https:\/\/www.europesays.com\/pl\/wp-json\/wp\/v2\/posts\/188515","targetHints":{"allow":["GET"]}}],"collection":[{"href":"https:\/\/www.europesays.com\/pl\/wp-json\/wp\/v2\/posts"}],"about":[{"href":"https:\/\/www.europesays.com\/pl\/wp-json\/wp\/v2\/types\/post"}],"author":[{"embeddable":true,"href":"https:\/\/www.europesays.com\/pl\/wp-json\/wp\/v2\/users\/2"}],"replies":[{"embeddable":true,"href":"https:\/\/www.europesays.com\/pl\/wp-json\/wp\/v2\/comments?post=188515"}],"version-history":[{"count":0,"href":"https:\/\/www.europesays.com\/pl\/wp-json\/wp\/v2\/posts\/188515\/revisions"}],"wp:featuredmedia":[{"embeddable":true,"href":"https:\/\/www.europesays.com\/pl\/wp-json\/wp\/v2\/media\/188516"}],"wp:attachment":[{"href":"https:\/\/www.europesays.com\/pl\/wp-json\/wp\/v2\/media?parent=188515"}],"wp:term":[{"taxonomy":"category","embeddable":true,"href":"https:\/\/www.europesays.com\/pl\/wp-json\/wp\/v2\/categories?post=188515"},{"taxonomy":"post_tag","embeddable":true,"href":"https:\/\/www.europesays.com\/pl\/wp-json\/wp\/v2\/tags?post=188515"}],"curies":[{"name":"wp","href":"https:\/\/api.w.org\/{rel}","templated":true}]}}