{"id":188547,"date":"2026-01-05T15:44:07","date_gmt":"2026-01-05T15:44:07","guid":{"rendered":"https:\/\/www.europesays.com\/pl\/188547\/"},"modified":"2026-01-05T15:44:07","modified_gmt":"2026-01-05T15:44:07","slug":"kolumbia-rozmieszcza-wojsko-na-granicy-z-wenezuela-to-przez-amerykanski-atak","status":"publish","type":"post","link":"https:\/\/www.europesays.com\/pl\/188547\/","title":{"rendered":"Kolumbia rozmieszcza wojsko na granicy z Wenezuel\u0105. To przez ameryka\u0144ski atak"},"content":{"rendered":"<p class=\"ods-c-paragraph \">Jak poinformowa\u0142 w rozmowie z telewizj\u0105 CNN minister obrony Kolumbii, Pedro Arnulfo Sanchez, do niedzielnego popo\u0142udnia kolumbijska armia zwi\u0119kszy\u0142a liczebno\u015b\u0107 posterunk\u00f3w w miejscach du\u017cej aktywno\u015bci paramilitarnych grup powi\u0105zanych z przemytem narkotyk\u00f3w, takich jak ELN i Tren de Aragua. Doda\u0142, \u017ce g\u0142\u00f3wnym powodem wzmocnienia si\u0142 na granicy jest zmiana sytuacji politycznej w Wenezueli w nast\u0119pstwie zbrojnej interwencji USA.<\/p>\n<p>Dalszy ci\u0105g artyku\u0142u pod materia\u0142em wideo<\/p>\n<p> Ile \u017co\u0142nierzy Kolumbia rozmie\u015bci\u0142a na granicy z Wenezuel\u0105? <\/p>\n<p> Dlaczego Kolumbia zwi\u0119kszy\u0142a liczebno\u015b\u0107 posterunk\u00f3w wojskowych? <\/p>\n<p> Co si\u0119 sta\u0142o z Nicolasem Maduro? <\/p>\n<p> Jakie by\u0142y cele ameryka\u0144skich atak\u00f3w w Caracas? <\/p>\n<p>  Granica &#8222;pozostaje spokojna&#8221;<\/p>\n<p class=\"ods-c-paragraph \">Niezale\u017cny dziennik wenezuelski &#8222;El Nacional&#8221; odnotowuj\u0105c wzmocnienie posterunk\u00f3w wojskowych po stronie s\u0105siada przekaza\u0142, \u017ce od sobotniego ataku wojsk USA granica Wenezueli z Kolumbi\u0105 &#8222;pozostaje spokojna&#8221;. &#8222;Jedyn\u0105 widoczn\u0105 r\u00f3\u017cnic\u0105 jest przybycie na granic\u0119 licznych dziennikarzy zagranicznych, poszukuj\u0105cych informacji i opinii Wenezuelczyk\u00f3w na temat uj\u0119cia Maduro, a tak\u017ce mo\u017cliwej zmiany sytuacji w kraju&#8221; \u2014 odnotowa\u0142 &#8222;El Nacional&#8221;.<\/p>\n<p class=\"ods-c-paragraph \">W sobot\u0119 wczesnym rankiem ameryka\u0144skie wojsko przeprowadzi\u0142o szereg uderze\u0144 w aglomeracji Caracas. Celem atak\u00f3w by\u0142 m.in. Fort Tiuna w Caracas, w kt\u00f3rym mie\u015bci si\u0119 siedziba resortu obrony i dow\u00f3dztwo wenezuelskiej armii, a tak\u017ce na port w mie\u015bcie La Guaira oraz lotnisko Higuerote.<\/p>\n<p class=\"ods-c-paragraph \">Si\u0142y ameryka\u0144skie podczas interwencji uj\u0119\u0142y wraz z Maduro jego \u017con\u0119 Cili\u0119 Flores. Oboje zostali w sobot\u0119 przetransportowani do stanu Nowy Jork, gdzie maj\u0105 stan\u0105\u0107 w poniedzia\u0142ek przed s\u0105dem w zwi\u0105zku z oskar\u017ceniami o przest\u0119pstwa zwi\u0105zane z narkotykami i terroryzmem.<\/p>\n","protected":false},"excerpt":{"rendered":"Jak poinformowa\u0142 w rozmowie z telewizj\u0105 CNN minister obrony Kolumbii, Pedro Arnulfo Sanchez, do niedzielnego popo\u0142udnia kolumbijska armia&hellip;\n","protected":false},"author":2,"featured_media":188548,"comment_status":"","ping_status":"","sticky":false,"template":"","format":"standard","meta":{"footnotes":""},"categories":[14],"tags":[32,33,27,3294,34,35,28,31,48,25,46,40,41,47,80,29,30,3008,26,82,83,84],"class_list":{"0":"post-188547","1":"post","2":"type-post","3":"status-publish","4":"format-standard","5":"has-post-thumbnail","7":"category-swiat","8":"tag-breaking-news","9":"tag-breakingnews","10":"tag-headlines","11":"tag-kolumbia","12":"tag-latest-news","13":"tag-latestnews","14":"tag-naglowki","15":"tag-najwazniejsze-artykuly","16":"tag-nat_styl","17":"tag-news","18":"tag-omp","19":"tag-polish","20":"tag-polski","21":"tag-screening_general","22":"tag-swiat","23":"tag-top-stories","24":"tag-topstories","25":"tag-wenezuela","26":"tag-wiadomosci","27":"tag-world","28":"tag-world-news","29":"tag-worldnews"},"share_on_mastodon":{"url":"https:\/\/pubeurope.com\/@pl\/115843266186607899","error":""},"_links":{"self":[{"href":"https:\/\/www.europesays.com\/pl\/wp-json\/wp\/v2\/posts\/188547","targetHints":{"allow":["GET"]}}],"collection":[{"href":"https:\/\/www.europesays.com\/pl\/wp-json\/wp\/v2\/posts"}],"about":[{"href":"https:\/\/www.europesays.com\/pl\/wp-json\/wp\/v2\/types\/post"}],"author":[{"embeddable":true,"href":"https:\/\/www.europesays.com\/pl\/wp-json\/wp\/v2\/users\/2"}],"replies":[{"embeddable":true,"href":"https:\/\/www.europesays.com\/pl\/wp-json\/wp\/v2\/comments?post=188547"}],"version-history":[{"count":0,"href":"https:\/\/www.europesays.com\/pl\/wp-json\/wp\/v2\/posts\/188547\/revisions"}],"wp:featuredmedia":[{"embeddable":true,"href":"https:\/\/www.europesays.com\/pl\/wp-json\/wp\/v2\/media\/188548"}],"wp:attachment":[{"href":"https:\/\/www.europesays.com\/pl\/wp-json\/wp\/v2\/media?parent=188547"}],"wp:term":[{"taxonomy":"category","embeddable":true,"href":"https:\/\/www.europesays.com\/pl\/wp-json\/wp\/v2\/categories?post=188547"},{"taxonomy":"post_tag","embeddable":true,"href":"https:\/\/www.europesays.com\/pl\/wp-json\/wp\/v2\/tags?post=188547"}],"curies":[{"name":"wp","href":"https:\/\/api.w.org\/{rel}","templated":true}]}}