{"id":188551,"date":"2026-01-05T15:46:11","date_gmt":"2026-01-05T15:46:11","guid":{"rendered":"https:\/\/www.europesays.com\/pl\/188551\/"},"modified":"2026-01-05T15:46:11","modified_gmt":"2026-01-05T15:46:11","slug":"nagroda-im-zbyszka-cybulskiego-2025-oto-nominacje","status":"publish","type":"post","link":"https:\/\/www.europesays.com\/pl\/188551\/","title":{"rendered":"Nagroda im. Zbyszka Cybulskiego 2025: oto nominacje"},"content":{"rendered":"<p>Og\u0142oszono nominacje do tegorocznej Nagrody im. Zbyszka Cybulskiego. Tradycyjnie kapitu\u0142a wy\u0142oni\u0142a grup\u0119 sk\u0142adaj\u0105c\u0105 si\u0119 z pi\u0119ciorga m\u0142odych aktor\u00f3w i aktorek, kt\u00f3rzy wyr\u00f3\u017cnili si\u0119 swoimi ekranowymi kreacjami. Nagroda ma na celu promowanie wschodz\u0105cych gwiazd polskiego kina, staj\u0105c si\u0119 cz\u0119sto pierwszym powa\u017cnym wyr\u00f3\u017cnieniem dla najwa\u017cniejszych aktor\u00f3w i aktorek rodzimego przemys\u0142u.\u00a0 \u00a0 Nagroda im. Zbyszka Cybulskiego 2025 &#8211; nominacje<\/p>\n<p>O statuetk\u0119 powalcz\u0105: <br \/><a class=\"internal\" href=\"https:\/\/www.filmweb.pl\/person\/Bart%C5%82omiej+Deklewa-3020024\" title=\"Bart\u0142omiej Deklewa\" rel=\"nofollow noopener\" target=\"_blank\">Bart\u0142omiej Deklewa<\/a> za rol\u0119 w filmie &#8222;<a class=\"internal\" href=\"https:\/\/www.filmweb.pl\/film\/Nie+ma+duch%C3%B3w+w+mieszkaniu+na+Dobrej-2025-10073587\" title=\"Nie ma duch\u00f3w w mieszkaniu na Dobrej\" rel=\"nofollow noopener\" target=\"_blank\">Nie ma duch\u00f3w w mieszkaniu na Dobrej<\/a>&#8221; <br \/><a class=\"internal\" href=\"https:\/\/www.filmweb.pl\/person\/Sebastian+Dela-2705406\" title=\"Sebastian Dela\" rel=\"nofollow noopener\" target=\"_blank\">Sebastian Dela<\/a> za rol\u0119 w filmie &#8222;<a class=\"internal\" href=\"https:\/\/www.filmweb.pl\/film\/B%C5%82azny-2023-10041524\" title=\"B\u0142azny\" rel=\"nofollow noopener\" target=\"_blank\">B\u0142azny<\/a>&#8221; <br \/><a class=\"internal\" href=\"https:\/\/www.filmweb.pl\/person\/Izabella+Dudziak-1270291\" title=\"Izabella Dudziak\" rel=\"nofollow noopener\" target=\"_blank\">Izabella Dudziak<\/a> za rol\u0119 w filmie &#8222;<a class=\"internal\" href=\"https:\/\/www.filmweb.pl\/film\/Nie+ma+duch%C3%B3w+w+mieszkaniu+na+Dobrej-2025-10073587\" title=\"Nie ma duch\u00f3w w mieszkaniu na Dobrej\" rel=\"nofollow noopener\" target=\"_blank\">Nie ma duch\u00f3w w mieszkaniu na Dobrej<\/a>&#8221; <br \/><a class=\"internal\" href=\"https:\/\/www.filmweb.pl\/person\/Karolina+Rzepa-2374972\" title=\"Karolina Rzepa\" rel=\"nofollow noopener\" target=\"_blank\">Karolina Rzepa<\/a> za rol\u0119 w filmie &#8222;<a class=\"internal\" href=\"https:\/\/www.filmweb.pl\/film\/Nie+ma+duch%C3%B3w+w+mieszkaniu+na+Dobrej-2025-10073587\" title=\"Nie ma duch\u00f3w w mieszkaniu na Dobrej\" rel=\"nofollow noopener\" target=\"_blank\">Nie ma duch\u00f3w w mieszkaniu na Dobrej<\/a>&#8221; <br \/><a class=\"internal\" href=\"https:\/\/www.filmweb.pl\/person\/Agata+Turkot-2471026\" title=\"Agata Turkot\" rel=\"nofollow noopener\" target=\"_blank\">Agata Turkot<\/a> za rol\u0119 w filmie &#8222;<a class=\"internal\" href=\"https:\/\/www.filmweb.pl\/film\/Dom+dobry-2025-10021613\" title=\"Dom dobry\" rel=\"nofollow noopener\" target=\"_blank\">Dom dobry<\/a>&#8221; <\/p>\n<p><a class=\"markupPhoto\" href=\"https:\/\/fwcdn.pl\/nph\/49468\/2026\/69110.7.jpg\" data-lightbox=\"true\" data-li=\"\" rel=\"lightbox[photos] nofollow noopener\" data-photo=\"https:\/\/www.europesays.com\/pl\/wp-content\/uploads\/2026\/01\/69110.6.jpg\" target=\"photo-69110\" data-id=\"69110\" data-index=\"69110\"> <img decoding=\"async\" src=\"https:\/\/www.europesays.com\/pl\/wp-content\/uploads\/2026\/01\/69110.6.jpg\" alt=\"Plakat_Cybulski_2025.jpg\" class=\"MarkupPhotoHTML-6\" loading=\"lazy\" data-light-box=\"{ &quot;group&quot;: true, &quot;photo&quot;: { &quot;id&quot;: &quot;69110&quot;, &quot;src&quot;: &quot;https:\/\/fwcdn.pl\/nph\/49468\/2026\/69110.7.jpg&quot;, &quot;thumb&quot;: &quot;https:\/\/fwcdn.pl\/nph\/49468\/2026\/69110.2.jpg&quot; } }\"\/> <\/a><br \/>Laureatk\u0119 lub laureata poznamy 26 stycznia 2026 na gali w warszawskim kinie Iluzjon.\u00a0Wtedy dowiemy si\u0119 r\u00f3wnie\u017c, kt\u00f3ra ksi\u0105\u017cka otrzyma Nagrod\u0119 im. Boles\u0142awa Micha\u0142ka. To wyr\u00f3\u017cnienie przyznawane od 1997 roku dla najlepszej ksi\u0105\u017cki traktuj\u0105cej o tematyce filmowej oraz filmoznawczej. O nagrod\u0119 w tym roku walczy\u0107 b\u0119d\u0105:\u00a0\u00a0 <\/p>\n<p>Grzegorz Fortuna Jr za ksi\u0105\u017ck\u0119 &#8222;Elektroniczny bandyta : rynek wideo w Polsce okresu transformacji&#8221; (s\u0142owo \/ obraz terytoria) <br \/>Tadeusz Sobolewski za ksi\u0105\u017ck\u0119 &#8222;Cannes: religia kina&#8221; (Wydawnictwo Agora) <br \/>Emil Sowi\u0144ski za ksi\u0105\u017ck\u0119 &#8222;Niezale\u017cni producenci : Studio Filmowe im. Karola Irzykowskiego w latach 1981-2005&#8221; (Wydawnictwo Uniwersytetu \u0141\u00f3dzkiego) <\/p>\n<p><a class=\"markupPhoto\" href=\"https:\/\/fwcdn.pl\/nph\/49468\/2026\/69112.7.jpg\" data-lightbox=\"true\" data-li=\"\" rel=\"lightbox[photos] nofollow noopener\" data-photo=\"https:\/\/www.europesays.com\/pl\/wp-content\/uploads\/2026\/01\/69112.6.jpg\" target=\"photo-69112\" data-id=\"69112\" data-index=\"69112\"> <img decoding=\"async\" src=\"https:\/\/www.europesays.com\/pl\/wp-content\/uploads\/2026\/01\/69112.6.jpg\" alt=\"Plakat_Michalek_2025.jpg\" class=\"MarkupPhotoHTML-6\" loading=\"lazy\" data-light-box=\"{ &quot;group&quot;: true, &quot;photo&quot;: { &quot;id&quot;: &quot;69112&quot;, &quot;src&quot;: &quot;https:\/\/fwcdn.pl\/nph\/49468\/2026\/69112.7.jpg&quot;, &quot;thumb&quot;: &quot;https:\/\/fwcdn.pl\/nph\/49468\/2026\/69112.2.jpg&quot; } }\"\/> <\/a><\/p>\n<p>Nagrod\u0119 im. <a class=\"internal\" href=\"https:\/\/www.filmweb.pl\/person\/Zbigniew+Cybulski-26\" title=\"Zbyszka Cybulskiego\" rel=\"nofollow noopener\" target=\"_blank\">Zbyszka Cybulskiego<\/a> wr\u0119czono po raz pierwszy w 1969 roku. Jej pomys\u0142odawczyni\u0105 by\u0142a <a class=\"internal\" href=\"https:\/\/www.filmweb.pl\/person\/Wies%C5%82awa+Czapi%C5%84ska-583341\" title=\"Wies\u0142awa Czapi\u0144ska\" rel=\"nofollow noopener\" target=\"_blank\">Wies\u0142awa Czapi\u0144ska<\/a>. G\u0142\u00f3wna idea za\u0142o\u017cycieli to wy\u0142onienie &#8222;m\u0142odych aktor\u00f3w wyr\u00f3\u017cniaj\u0105cych si\u0119 wybitn\u0105 indywidualno\u015bci\u0105&#8221;. Pierwszym laureatem by\u0142 <a class=\"internal\" href=\"https:\/\/www.filmweb.pl\/person\/Daniel+Olbrychski-270\" title=\"Daniel Olbrychski\" rel=\"nofollow noopener\" target=\"_blank\">Daniel Olbrychski<\/a>. <\/p>\n<p>Nagroda im. <a class=\"internal\" href=\"https:\/\/www.filmweb.pl\/person\/Zbigniew+Cybulski-26\" title=\"Zbyszka Cybulskiego\" rel=\"nofollow noopener\" target=\"_blank\">Zbyszka Cybulskiego<\/a> jest wr\u0119czana od 1969. W 2005, po 10-letniej przerwie, zosta\u0142a wznowiona przez Fundacj\u0119 &#8222;KINO&#8221; (wydawc\u0119 miesi\u0119cznika &#8222;KINO&#8221;). W\u015br\u00f3d jej laureat\u00f3w s\u0105 takie s\u0142awy jak <a class=\"internal\" href=\"https:\/\/www.filmweb.pl\/person\/Krystyna+Janda-54\" title=\"Krystyna Janda\" rel=\"nofollow noopener\" target=\"_blank\">Krystyna Janda<\/a>,<a class=\"internal\" href=\"https:\/\/www.filmweb.pl\/person\/Jadwiga+Jankowska+Cie%C5%9Blak-507\" title=\" Jadwiga Jankowska-Cie\u015blak\" rel=\"nofollow noopener\" target=\"_blank\"> Jadwiga Jankowska-Cie\u015blak<\/a>, <a class=\"internal\" href=\"https:\/\/www.filmweb.pl\/person\/Maja+Komorowska-444\" title=\"Maja Komorowska\" rel=\"nofollow noopener\" target=\"_blank\">Maja Komorowska<\/a>, <a class=\"internal\" href=\"https:\/\/www.filmweb.pl\/person\/Dorota+Segda-8920\" title=\"Dorota Segda\" rel=\"nofollow noopener\" target=\"_blank\">Dorota Segda<\/a>, <a class=\"internal\" href=\"https:\/\/www.filmweb.pl\/person\/Olgierd+%C5%81ukaszewicz-405\" title=\"Olgierd \u0141ukaszewicz\" rel=\"nofollow noopener\" target=\"_blank\">Olgierd \u0141ukaszewicz<\/a>, <a class=\"internal\" href=\"https:\/\/www.filmweb.pl\/person\/Daniel+Olbrychski-270\" title=\"Daniel Olbrychski\" rel=\"nofollow noopener\" target=\"_blank\">Daniel Olbrychski<\/a>, <a class=\"internal\" href=\"https:\/\/www.filmweb.pl\/person\/Zbigniew+Zamachowski-390\" title=\"Zbigniew Zamachowski\" rel=\"nofollow noopener\" target=\"_blank\">Zbigniew Zamachowski<\/a>, <a class=\"internal\" href=\"https:\/\/www.filmweb.pl\/person\/Artur+%C5%BBmijewski-433\" title=\"Artur \u017bmijewski\" rel=\"nofollow noopener\" target=\"_blank\">Artur \u017bmijewski<\/a>, <a class=\"internal\" href=\"https:\/\/www.filmweb.pl\/person\/Marcin+Doroci%C5%84ski-42489\" title=\"Marcin Doroci\u0144ski\" rel=\"nofollow noopener\" target=\"_blank\">Marcin Doroci\u0144ski<\/a>, <a class=\"internal\" href=\"https:\/\/www.filmweb.pl\/person\/Maja+Ostaszewska-7883\" title=\"Maja Ostaszewska\" rel=\"nofollow noopener\" target=\"_blank\">Maja Ostaszewska<\/a>, <a class=\"internal\" href=\"https:\/\/www.filmweb.pl\/person\/Sonia+Bohosiewicz-66693\" title=\"Sonia Bohosiewicz\" rel=\"nofollow noopener\" target=\"_blank\">Sonia Bohosiewicz<\/a>, <a class=\"internal\" href=\"https:\/\/www.filmweb.pl\/person\/Eryk+Lubos-152937\" title=\"Eryk Lubos\" rel=\"nofollow noopener\" target=\"_blank\">Eryk Lubos<\/a>, <a class=\"internal\" href=\"https:\/\/www.filmweb.pl\/person\/Agata+Buzek-3387\" title=\"Agata Buzek\" rel=\"nofollow noopener\" target=\"_blank\">Agata Buzek<\/a>, <a class=\"internal\" href=\"https:\/\/www.filmweb.pl\/person\/Maciej+Stuhr-360\" title=\"Maciej Stuhr\" rel=\"nofollow noopener\" target=\"_blank\">Maciej Stuhr<\/a>, <a class=\"internal\" href=\"https:\/\/www.filmweb.pl\/person\/Piotr+G%C5%82owacki-241108\" title=\"Piotr G\u0142owacki\" rel=\"nofollow noopener\" target=\"_blank\">Piotr G\u0142owacki<\/a>, <a class=\"internal\" href=\"https:\/\/www.filmweb.pl\/person\/Marta+Nieradkiewicz-52565\" title=\"Marta Nieradkiewicz\" rel=\"nofollow noopener\" target=\"_blank\">Marta Nieradkiewicz<\/a>, <a class=\"internal\" href=\"https:\/\/www.filmweb.pl\/person\/Dawid+Ogrodnik-1223717\" title=\"Dawid Ogrodnik\" rel=\"nofollow noopener\" target=\"_blank\">Dawid Ogrodnik<\/a>, <a class=\"internal\" href=\"https:\/\/www.filmweb.pl\/person\/Magdalena+Kole%C5%9Bnik-2037564\" title=\"Magdalena Kole\u015bnik\" rel=\"nofollow noopener\" target=\"_blank\">Magdalena Kole\u015bnik<\/a>, <a class=\"internal\" href=\"https:\/\/www.filmweb.pl\/person\/Eryk+Kulm-209992\" title=\"Eryk Kulm \" rel=\"nofollow noopener\" target=\"_blank\">Eryk Kulm <\/a>, <a class=\"internal\" href=\"https:\/\/www.filmweb.pl\/person\/Tomasz+W%C5%82osok-1640315\" title=\"Tomasz W\u0142osok\" rel=\"nofollow noopener\" target=\"_blank\">Tomasz W\u0142osok<\/a> oraz <a class=\"internal\" href=\"https:\/\/www.filmweb.pl\/person\/Julian+%C5%9Awie%C5%BCewski-2051561\" title=\"Julian \u015awie\u017cewski\" rel=\"nofollow noopener\" target=\"_blank\">Julian \u015awie\u017cewski<\/a>.\u00a0 <\/p>\n","protected":false},"excerpt":{"rendered":"Og\u0142oszono nominacje do tegorocznej Nagrody im. Zbyszka Cybulskiego. Tradycyjnie kapitu\u0142a wy\u0142oni\u0142a grup\u0119 sk\u0142adaj\u0105c\u0105 si\u0119 z pi\u0119ciorga m\u0142odych aktor\u00f3w&hellip;\n","protected":false},"author":2,"featured_media":188552,"comment_status":"","ping_status":"","sticky":false,"template":"","format":"standard","meta":{"footnotes":""},"categories":[5],"tags":[32,33,36,37,27,34,35,28,31,25,42,38,40,39,41,29,30,26],"class_list":{"0":"post-188551","1":"post","2":"type-post","3":"status-publish","4":"format-standard","5":"has-post-thumbnail","7":"category-naglowki","8":"tag-breaking-news","9":"tag-breakingnews","10":"tag-featured-news","11":"tag-featurednews","12":"tag-headlines","13":"tag-latest-news","14":"tag-latestnews","15":"tag-naglowki","16":"tag-najwazniejsze-artykuly","17":"tag-news","18":"tag-pl","19":"tag-poland","20":"tag-polish","21":"tag-polska","22":"tag-polski","23":"tag-top-stories","24":"tag-topstories","25":"tag-wiadomosci"},"share_on_mastodon":{"url":"https:\/\/pubeurope.com\/@pl\/115843274139120984","error":""},"_links":{"self":[{"href":"https:\/\/www.europesays.com\/pl\/wp-json\/wp\/v2\/posts\/188551","targetHints":{"allow":["GET"]}}],"collection":[{"href":"https:\/\/www.europesays.com\/pl\/wp-json\/wp\/v2\/posts"}],"about":[{"href":"https:\/\/www.europesays.com\/pl\/wp-json\/wp\/v2\/types\/post"}],"author":[{"embeddable":true,"href":"https:\/\/www.europesays.com\/pl\/wp-json\/wp\/v2\/users\/2"}],"replies":[{"embeddable":true,"href":"https:\/\/www.europesays.com\/pl\/wp-json\/wp\/v2\/comments?post=188551"}],"version-history":[{"count":0,"href":"https:\/\/www.europesays.com\/pl\/wp-json\/wp\/v2\/posts\/188551\/revisions"}],"wp:featuredmedia":[{"embeddable":true,"href":"https:\/\/www.europesays.com\/pl\/wp-json\/wp\/v2\/media\/188552"}],"wp:attachment":[{"href":"https:\/\/www.europesays.com\/pl\/wp-json\/wp\/v2\/media?parent=188551"}],"wp:term":[{"taxonomy":"category","embeddable":true,"href":"https:\/\/www.europesays.com\/pl\/wp-json\/wp\/v2\/categories?post=188551"},{"taxonomy":"post_tag","embeddable":true,"href":"https:\/\/www.europesays.com\/pl\/wp-json\/wp\/v2\/tags?post=188551"}],"curies":[{"name":"wp","href":"https:\/\/api.w.org\/{rel}","templated":true}]}}