{"id":188611,"date":"2026-01-05T16:16:08","date_gmt":"2026-01-05T16:16:08","guid":{"rendered":"https:\/\/www.europesays.com\/pl\/188611\/"},"modified":"2026-01-05T16:16:08","modified_gmt":"2026-01-05T16:16:08","slug":"zaneta-rosinska-wbija-szpile-mezowi-twierdzi-ze-mnie-nie-followuje","status":"publish","type":"post","link":"https:\/\/www.europesays.com\/pl\/188611\/","title":{"rendered":"\u017baneta Rosi\u0144ska wbija szpil\u0119 &#8222;m\u0119\u017cowi&#8221;. &#8222;Twierdzi, \u017ce mnie nie followuje&#8221;"},"content":{"rendered":"<p class=\"Paragraph_desktopParagraph__U31Gm\"><a href=\"https:\/\/plejada.pl\/temat\/kuba-wojewodzki-dziennikarz-jakub-wojewodzki\/x310yht\" id=\"2f886f83-517a-47d1-b9b8-dffca34eb077\" rel=\"nofollow noopener\" target=\"_blank\">Kuba Wojew\u00f3dzki<\/a> zaskoczy\u0142 w ubieg\u0142ym roku, gdy w swoim programie, rozmawiaj\u0105c z Wersow i Frizem, pokaza\u0142 obr\u0105czk\u0119 i wyzna\u0142, \u017ce &#8222;na serio&#8221; wzi\u0105\u0142 \u015blub. Wed\u0142ug nieoficjalnych doniesie\u0144 jego wybrank\u0105 mia\u0142a by\u0107 \u017baneta Rosi\u0144ska, pogodynka i prezenterka &#8222;Dzie\u0144 dobry TVN&#8221;. W ostatnich latach kilkakrotnie para zosta\u0142a sfotografowana razem, lecz jak to bywa w przypadku Kuby Wojew\u00f3dzkiego, dziennikarz bardzo chroni swoje \u017cycie prywatne. Przed \u015bwi\u0119tami Wojew\u00f3dzki &#8222;pogrza\u0142&#8221; atmosfer\u0119, komentuj\u0105c zapowied\u017a wigilijnego koncertu TVN, kt\u00f3ry prowadzi\u0142a Rosi\u0144ska. &#8222;Moja rodzina te\u017c tam b\u0119dzie&#8221; \u2014 napisa\u0142, zapraszaj\u0105c na wydarzenie.<\/p>\n<ul class=\"OchatFollowUps_wrapper__1ry7X\">\n<li class=\"OchatFollowUps_item__Dhyly OchatFollowUps_itemDesktop__R6aBv\">Kim jest m\u0105\u017c \u017banety Rosi\u0144skiej?<\/li>\n<li class=\"OchatFollowUps_item__Dhyly OchatFollowUps_itemDesktop__R6aBv\">Czy \u017baneta Rosi\u0144ska ma obr\u0105czk\u0119?<\/li>\n<li class=\"OchatFollowUps_item__Dhyly OchatFollowUps_itemDesktop__R6aBv\">Co \u017baneta Rosi\u0144ska napisa\u0142a o swoim m\u0119\u017cu?<\/li>\n<li class=\"OchatFollowUps_item__Dhyly OchatFollowUps_itemDesktop__R6aBv\">Dlaczego Kuba Wojew\u00f3dzki chroni swoje \u017cycie prywatne?<\/li>\n<\/ul>\n<p>\u017baneta Rosi\u0144ska wbija szpil\u0119 &#8222;m\u0119\u017cowi&#8221; <\/p>\n<p class=\"Paragraph_desktopParagraph__U31Gm\"><a href=\"https:\/\/plejada.pl\/temat\/zaneta-rosinska\/t6c8bkb\" id=\"613f4eed-7632-43a6-a91e-fae9c3a5fdcf\" rel=\"nofollow noopener\" target=\"_blank\">\u017baneta Rosi\u0144ska<\/a> opublikowa\u0142a w\u0142a\u015bnie now\u0105 seri\u0119 zdj\u0119\u0107 z rajskich wakacji. Wszystkie fotografie by\u0142y wykonane w podobnym stylu \u2014 pogodynka by\u0142a pokazana od ty\u0142u, a fotograf za ni\u0105 pod\u0105\u017ca\u0142.<\/p>\n<blockquote>\n<p class=\"Paragraph_desktopParagraph__U31Gm\">M\u0105\u017c, kt\u00f3ry nadal twierdzi, \u017ce mnie &#8222;nie folo\u0142uje&#8221;<\/p>\n<\/blockquote>\n<p class=\"Paragraph_desktopParagraph__U31Gm\">\u2014 napisa\u0142a.<\/p>\n<p class=\"Paragraph_desktopParagraph__U31Gm\">By\u0142a to gra s\u0142\u00f3w, \u0142\u0105cz\u0105ca followowanie (obserwowanie) na Instagramie, oraz follow \u2014 jako &#8222;pod\u0105\u017ca\u0107 za kim\u015b&#8221;.<\/p>\n<p class=\"Paragraph_desktopParagraph__U31Gm\">Kilka miesi\u0119cy wcze\u015bniej Rosi\u0144ska po raz pierwszy zaskoczy\u0142a swoich obserwator\u00f3w wyznaniem o &#8222;m\u0119\u017cu&#8221;, dodaj\u0105c na Instagramie filmik, na kt\u00f3rym wyra\u017anie wida\u0107 obr\u0105czk\u0119.<\/p>\n<blockquote>\n<p class=\"Paragraph_desktopParagraph__U31Gm\">M\u00f3j m\u0105\u017c i ja postanowili\u015bmy, \u017ce nigdy nie b\u0119dziemy k\u0142a\u015b\u0107 si\u0119 spa\u0107 \u017ali na siebie. Nie \u015bpimy od soboty<\/p>\n<\/blockquote>\n<p class=\"Paragraph_desktopParagraph__U31Gm\">\u2014 pisa\u0142a w\u00f3wczas.<\/p>\n<p class=\"Paragraph_desktopParagraph__U31Gm\">Dzi\u0119kujemy, \u017ce przeczyta\u0142a\u015b\/e\u015b nasz artyku\u0142 do ko\u0144ca. W serwisie Plejada.pl ka\u017cdego dnia piszemy o najwa\u017cniejszych wydarzeniach show-biznesowych. B\u0105d\u017a na bie\u017c\u0105co! <a rel=\"nofollow noopener\" href=\"https:\/\/profile.google.com\/cp\/Cg0vZy8xMWJ6X19wdHBx\" id=\"882ab302-1164-4acc-b080-8d061ccc2a3a\" target=\"_blank\">Obserwuj<\/a> Plejad\u0119 w Google. Odwied\u017a nas tak\u017ce na <a rel=\"nofollow noopener\" href=\"https:\/\/www.facebook.com\/plejadapl\" id=\"43b18bbf-5521-493f-b88e-9234097e3263\" target=\"_blank\">Facebooku<\/a>, <a rel=\"nofollow noopener\" href=\"https:\/\/www.instagram.com\/plejadapl\/\" id=\"c88310a5-0761-4393-98a9-386310382c9a\" target=\"_blank\">Instagramie<\/a>, <a rel=\"nofollow noopener\" href=\"https:\/\/www.youtube.com\/c\/plejada\" id=\"c5c501ed-9e06-475e-abba-55ecc995d55c\" target=\"_blank\">YouTubie<\/a> oraz <a rel=\"nofollow noopener\" href=\"https:\/\/www.tiktok.com\/@plejada_pl\" id=\"0cadb6de-bd65-4b00-b3af-64617a5f60cd\" target=\"_blank\">TikToku<\/a>.<\/p>\n<p class=\"Paragraph_desktopParagraph__U31Gm\">Chcesz podzieli\u0107 si\u0119 ciekawym newsem lub zaproponowa\u0107 temat? Skontaktuj si\u0119 z nami, pisz\u0105c maila na adres: <a href=\"https:\/\/www.onet.pl\/styl-zycia\/plejada\/zaneta-rosinska-wbija-szpile-mezowi-twierdzi-ze-mnie-nie-followuje\/mailto:plejada@redakcjaonet.pl\" id=\"40fe6b57-2328-456f-89df-851912a0b32f\" rel=\"nofollow noopener\" target=\"_blank\">plejada@redakcjaon<\/a><a rel=\"nofollow noopener\" href=\"http:\/\/et.pl\" id=\"a3543d26-e92a-42ea-9303-a57aa750b165\" target=\"_blank\">et.pl<\/a>.<\/p>\n<p><script async src=\"\/\/www.instagram.com\/embed.js\"><\/script><script async src=\"\/\/www.tiktok.com\/embed.js\"><\/script><\/p>\n","protected":false},"excerpt":{"rendered":"Kuba Wojew\u00f3dzki zaskoczy\u0142 w ubieg\u0142ym roku, gdy w swoim programie, rozmawiaj\u0105c z Wersow i Frizem, pokaza\u0142 obr\u0105czk\u0119 i&hellip;\n","protected":false},"author":2,"featured_media":188612,"comment_status":"","ping_status":"","sticky":false,"template":"","format":"standard","meta":{"footnotes":""},"categories":[22],"tags":[122,67,719,53,52,68,51,55,42,38,40,39,41,123,47,196,65,50,32457],"class_list":{"0":"post-188611","1":"post","2":"type-post","3":"status-publish","4":"format-standard","5":"has-post-thumbnail","7":"category-rozrywka","8":"tag-entertainment","9":"tag-intextvideo_splayer","10":"tag-kuba_wojewodzki_dziennikarz_jakub_wojewodzki","11":"tag-new_header","12":"tag-onet3","13":"tag-onet3d","14":"tag-onet3d_2i","15":"tag-phx","16":"tag-pl","17":"tag-poland","18":"tag-polish","19":"tag-polska","20":"tag-polski","21":"tag-rozrywka","22":"tag-screening_general","23":"tag-styl_zycia","24":"tag-update_me","25":"tag-v2021","26":"tag-zaneta_rosinska"},"share_on_mastodon":{"url":"https:\/\/pubeurope.com\/@pl\/115843391951951423","error":""},"_links":{"self":[{"href":"https:\/\/www.europesays.com\/pl\/wp-json\/wp\/v2\/posts\/188611","targetHints":{"allow":["GET"]}}],"collection":[{"href":"https:\/\/www.europesays.com\/pl\/wp-json\/wp\/v2\/posts"}],"about":[{"href":"https:\/\/www.europesays.com\/pl\/wp-json\/wp\/v2\/types\/post"}],"author":[{"embeddable":true,"href":"https:\/\/www.europesays.com\/pl\/wp-json\/wp\/v2\/users\/2"}],"replies":[{"embeddable":true,"href":"https:\/\/www.europesays.com\/pl\/wp-json\/wp\/v2\/comments?post=188611"}],"version-history":[{"count":0,"href":"https:\/\/www.europesays.com\/pl\/wp-json\/wp\/v2\/posts\/188611\/revisions"}],"wp:featuredmedia":[{"embeddable":true,"href":"https:\/\/www.europesays.com\/pl\/wp-json\/wp\/v2\/media\/188612"}],"wp:attachment":[{"href":"https:\/\/www.europesays.com\/pl\/wp-json\/wp\/v2\/media?parent=188611"}],"wp:term":[{"taxonomy":"category","embeddable":true,"href":"https:\/\/www.europesays.com\/pl\/wp-json\/wp\/v2\/categories?post=188611"},{"taxonomy":"post_tag","embeddable":true,"href":"https:\/\/www.europesays.com\/pl\/wp-json\/wp\/v2\/tags?post=188611"}],"curies":[{"name":"wp","href":"https:\/\/api.w.org\/{rel}","templated":true}]}}