{"id":188821,"date":"2026-01-05T18:35:10","date_gmt":"2026-01-05T18:35:10","guid":{"rendered":"https:\/\/www.europesays.com\/pl\/188821\/"},"modified":"2026-01-05T18:35:10","modified_gmt":"2026-01-05T18:35:10","slug":"zuzel-polonia-dostala-wiecej-pieniedzy-niz-unia-to-im-nie-pomoglo-znamy-szczegoly","status":"publish","type":"post","link":"https:\/\/www.europesays.com\/pl\/188821\/","title":{"rendered":"\u017bu\u017cel. Polonia dosta\u0142a wi\u0119cej pieni\u0119dzy ni\u017c Unia. To im nie pomog\u0142o, znamy szczeg\u00f3\u0142y"},"content":{"rendered":"\n<p class=\"contentpart contentpart--default contentpart--text\" data-position=\"0\">Do 10. wy\u015bcigu pierwszego fina\u0142u <a href=\"https:\/\/sportowefakty.wp.pl\/zuzel\/i-liga\" rel=\"nofollow noopener\" target=\"_blank\">Metalkas 2. Ekstraligi<\/a>\u00a0wydawa\u0142o si\u0119, \u017ce <a href=\"https:\/\/sportowefakty.wp.pl\/zuzel\/polonia-bydgoszcz\" rel=\"nofollow noopener\" target=\"_blank\">Abramczyk Polonia Bydgoszcz<\/a>\u00a0mo\u017ce sp\u0142ata\u0107 figla <a href=\"https:\/\/sportowefakty.wp.pl\/zuzel\/fogo-unia-leszno\" rel=\"nofollow noopener\" target=\"_blank\">Fogo Unii Leszno<\/a>. Pod koniec meczu Unia z\u0142apa\u0142a wiatr w \u017cagle i doprowadzi\u0142a do remisu, natomiast podczas rewan\u017cu u siebie &#8211; tak, jak przez ca\u0142\u0105 faz\u0119 zasadnicz\u0105 &#8211; dominowa\u0142a.<\/p>\n<p class=\"contentpart contentpart--default contentpart--text\" data-position=\"1\">Bud\u017cet Unii by\u0142 wi\u0119kszy, ni\u017c Polonii, niemniej to zas\u0142uga akcjonariuszy klubowych oraz sponsor\u00f3w. Je\u015bli chodzi o wsparcie miejskie, to bydgoszczanie znale\u017ali wi\u0119cej \u015brodk\u00f3w.<\/p>\n<p> <img role=\"presentation\" src=\"https:\/\/std.wpcdn.pl\/images\/adv\/placeholder_wp.svg\" loading=\"lazy\" alt=\"\" decoding=\"async\"\/>  <\/p>\n<p class=\"contentpart contentpart--default contentpart--text\" data-position=\"2\">ZOBACZ WIDEO:\u00a0KL\u017b bez transmisji? Przewodnicz\u0105cy GKS\u017b m\u00f3wi wprost: Nie ma wielkiego zainteresowania telewizj\u0105<\/p>\n<p class=\"contentpart contentpart--default contentpart--text\" data-position=\"4\">Polonia otrzyma\u0142a 2 010 000 z\u0142otych dotacji, a tak\u017ce kwot\u0119 340 000 z\u0142otych na us\u0142ugi promocyjne miasta oraz 29 995 z\u0142otych na stowarzyszenie zajmuj\u0105ce si\u0119 szkoleniem m\u0142odzie\u017cy w zakresie sportu \u017cu\u017clowego. To daje \u0142\u0105czn\u0105 kwot\u0119 wsparcia na poziomie 2 379 995 z\u0142otych. Na przysz\u0142y sezon miasto zadeklarowa\u0142o wsparcie dla Polonii w wysoko\u015bci 1 759 000 z\u0142otych.<\/p>\n<p class=\"contentpart contentpart--default contentpart--text\" data-position=\"5\">Unia Leszno otrzyma\u0142a z miejskich funduszy 2 000 000 dotacji. Ponadto klub otrzyma\u0142 30 000 z\u0142otych na zorganizowanie rundy <a href=\"https:\/\/sportowefakty.wp.pl\/zuzel\/sec\" rel=\"nofollow noopener\" target=\"_blank\">Tauron SEC<\/a>, 20 000 z\u0142otych na organizacj\u0119 memoria\u0142u <a href=\"https:\/\/sportowefakty.wp.pl\/zuzel\/alfred-smoczyk\" rel=\"nofollow noopener\" target=\"_blank\">Alfreda Smoczyka<\/a>\u00a0oraz 20 000 z\u0142otych na stowarzyszenie zajmuj\u0105ce si\u0119 szkoleniem m\u0142odzie\u017cy. To daje \u0142\u0105czn\u0105 kwot\u0119 wsparcia 2 070 000 z\u0142otych, a zatem 309 995 z\u0142otych mniej ni\u017c otrzymali rywale z Bydgoszczy. Unia na przysz\u0142y rok ma obiecane wsparcie na poziomie 3 milion\u00f3w z\u0142otych.<\/p>\n<p class=\"contentpart contentpart--default contentpart--text\" data-position=\"6\">Oczywi\u015bcie zar\u00f3wno Bydgoszcz, jak i Leszno pokrywa\u0142o koszty bie\u017c\u0105cego utrzymania stadionu oraz ulepszenia infrastruktury stadionowej. W Lesznie w 2025 roku na ten cel przeznaczono 856 386,2 z\u0142otych, a najwi\u0119cej koszt\u00f3w poch\u0142on\u0105\u0142 zakup nowego telebimu. Z kolei w Bydgoszczy na inwestycje w infrastruktur\u0119 stadionow\u0105 przeznaczono 8 315 000 z\u0142otych, a najwi\u0119kszym kosztem, bo si\u0119gaj\u0105cym kwoty a\u017c 7 500 000 z\u0142otych by\u0142o wykonanie nowego o\u015bwietlenia toru \u017cu\u017clowego i boiska pi\u0142karskiego.<\/p>\n","protected":false},"excerpt":{"rendered":"Do 10. wy\u015bcigu pierwszego fina\u0142u Metalkas 2. Ekstraligi\u00a0wydawa\u0142o si\u0119, \u017ce Abramczyk Polonia Bydgoszcz\u00a0mo\u017ce sp\u0142ata\u0107 figla Fogo Unii Leszno.&hellip;\n","protected":false},"author":2,"featured_media":188822,"comment_status":"","ping_status":"","sticky":false,"template":"","format":"standard","meta":{"footnotes":""},"categories":[24],"tags":[883,36921,7132,979,2620,42,38,40,39,41,127,126,174],"class_list":{"0":"post-188821","1":"post","2":"type-post","3":"status-publish","4":"format-standard","5":"has-post-thumbnail","7":"category-sport","8":"tag-abramczyk-polonia-bydgoszcz","9":"tag-alfred-smoczyk","10":"tag-bydgoszcz","11":"tag-metalkas-2-ekstraliga","12":"tag-ms-me","13":"tag-pl","14":"tag-poland","15":"tag-polish","16":"tag-polska","17":"tag-polski","18":"tag-sport","19":"tag-sports","20":"tag-zuzel"},"share_on_mastodon":{"url":"https:\/\/pubeurope.com\/@pl\/115843938587063730","error":""},"_links":{"self":[{"href":"https:\/\/www.europesays.com\/pl\/wp-json\/wp\/v2\/posts\/188821","targetHints":{"allow":["GET"]}}],"collection":[{"href":"https:\/\/www.europesays.com\/pl\/wp-json\/wp\/v2\/posts"}],"about":[{"href":"https:\/\/www.europesays.com\/pl\/wp-json\/wp\/v2\/types\/post"}],"author":[{"embeddable":true,"href":"https:\/\/www.europesays.com\/pl\/wp-json\/wp\/v2\/users\/2"}],"replies":[{"embeddable":true,"href":"https:\/\/www.europesays.com\/pl\/wp-json\/wp\/v2\/comments?post=188821"}],"version-history":[{"count":0,"href":"https:\/\/www.europesays.com\/pl\/wp-json\/wp\/v2\/posts\/188821\/revisions"}],"wp:featuredmedia":[{"embeddable":true,"href":"https:\/\/www.europesays.com\/pl\/wp-json\/wp\/v2\/media\/188822"}],"wp:attachment":[{"href":"https:\/\/www.europesays.com\/pl\/wp-json\/wp\/v2\/media?parent=188821"}],"wp:term":[{"taxonomy":"category","embeddable":true,"href":"https:\/\/www.europesays.com\/pl\/wp-json\/wp\/v2\/categories?post=188821"},{"taxonomy":"post_tag","embeddable":true,"href":"https:\/\/www.europesays.com\/pl\/wp-json\/wp\/v2\/tags?post=188821"}],"curies":[{"name":"wp","href":"https:\/\/api.w.org\/{rel}","templated":true}]}}