{"id":188847,"date":"2026-01-05T18:55:04","date_gmt":"2026-01-05T18:55:04","guid":{"rendered":"https:\/\/www.europesays.com\/pl\/188847\/"},"modified":"2026-01-05T18:55:04","modified_gmt":"2026-01-05T18:55:04","slug":"afera-po-dyskwalifikacji-polaka-w-tcs-jest-odpowiedz-producenta-smarow","status":"publish","type":"post","link":"https:\/\/www.europesays.com\/pl\/188847\/","title":{"rendered":"Afera po dyskwalifikacji Polaka w TCS! Jest odpowied\u017a producenta smar\u00f3w"},"content":{"rendered":"<p class=\"Paragraph_desktopParagraph__Fd2e9\">Szokuj\u0105ca dyskwalifikacja polskiego skoczka w Innsbrucka poruszy\u0142a nie tylko polskich fan\u00f3w, ale ca\u0142y \u015bwiat dyscypliny. W ko\u0144cu pierwszy raz zdarzy\u0142o si\u0119, by zawodnik zosta\u0142 ukarany za u\u017cycie zakazanego od ponad trzech lat fluoru. \u2014 Na razie nie mamy zielonego poj\u0119cia, sk\u0105d na nartach wzi\u0105\u0142 si\u0119 fluor \u2014 m\u00f3wi\u0142 Maciej Maciusiak i podkre\u015bla\u0142, \u017ce w smarze nie mog\u0142o by\u0107 tej substancji. <\/p>\n<p class=\"VideoPlayerText_videoPlayerText__zrtJk\">Dalszy ci\u0105g materia\u0142u pod wideo<\/p>\n<p class=\"Paragraph_desktopParagraph__Fd2e9\">\u2014 Jeste\u015bmy bardzo zaskoczeni, bo na pewno nie posiadamy takich smar\u00f3w i mamy zakaz kupowania czego\u015b takiego. Z tego pomiaru, kt\u00f3ry zosta\u0142 nam przedstawiony, wynika, \u017ce musia\u0142o by\u0107 go du\u017co. <a href=\"https:\/\/przegladsportowy.onet.pl\/sporty-zimowe\/skoki-narciarskie\/pawel-wasek-zdradzil-kulisy-dyskwalifikacji-to-boli-najbardziej\/8d1ydwp\" id=\"5022018e-e75b-4564-af56-c6e640842503\" rel=\"nofollow noopener\" target=\"_blank\">To nie s\u0105 \u015bladowe ilo\u015bci<\/a>. Wychodzi na to, jakby ewidentnie by\u0142o to smarowane fluorem, a przecie\u017c tego samego smaru u\u017cywali\u015bmy w Garmisch, gdzie przechodzili\u015bmy kontrol\u0119 bez \u017cadnego problemu \u2014 dodawa\u0142 polski trener.<\/p>\n<p>Producent smaru odpowiada Polakom<\/p>\n<p class=\"Paragraph_desktopParagraph__Fd2e9\">Jeszcze przed konkursem w Innsbrucku szkoleniowiec sugerowa\u0142, \u017ce b\u0142\u0105d m\u00f3g\u0142 pope\u0142ni\u0107 producent smaru. &#8222;Maciej Maciusiak przekaza\u0142, \u017ce sprawa fluoru w smarze nart u Paw\u0142a W\u0105ska to najprawdopodobniej kwestia zanieczyszczonego\/niew\u0142a\u015bciwego smaru szwajcarskiej firmy Toko \u2014 z certyfikatem i zatwierdzonymi regulacjami&#8221; \u2014 czytamy w niedzielnym wpisie dziennikarza Jakuba Balcerskiego.<\/p>\n<p class=\"Paragraph_desktopParagraph__Fd2e9\">Serwis Sport.pl zwr\u00f3ci\u0142 si\u0119 do firmy TOKO w tej sprawie i uzyska\u0142 odpowied\u017a. &#8222;Z naszej strony mo\u017cemy 100-proc. zagwarantowa\u0107, \u017ce od czterech lat nie sprzedajemy bezpo\u015brednio jako TOKO produkt\u00f3w zawieraj\u0105cych st\u0119\u017cenie fluoru. Podkre\u015blam: nasza firma na etapie produkcji nie dodaje niczego, co zawiera fluor&#8221; \u2014 ocenia wprost  dyrektor zarz\u0105dzaj\u0105cy Bruno Kernen.<\/p>\n<p class=\"Paragraph_desktopParagraph__Fd2e9\">Przedstawiciel szwajcarskiej firmy dodaje bez zastanowienia, \u017ce z jego punktu widzenia b\u0142\u0105d musia\u0142 zosta\u0107 pope\u0142niony w polskiej kadrze. &#8222;Wed\u0142ug mnie b\u0142\u0105d w sytuacji z Paw\u0142em W\u0105skiem w Innsbrucku pope\u0142niono po stronie polskiego sztabu&#8221; \u2014 analizuje.<\/p>\n<p class=\"Paragraph_desktopParagraph__Fd2e9\">Sam skoczek nie ukrywa\u0142, \u017ce ca\u0142a sytuacja mia\u0142a na niego negatywny wp\u0142yw. \u2014 <a href=\"https:\/\/przegladsportowy.onet.pl\/sporty-zimowe\/skoki-narciarskie\/pawel-wasek-zdradzil-kulisy-dyskwalifikacji-to-boli-najbardziej\/8d1ydwp\" id=\"5a51f9a7-d6d3-453a-b752-4d0dea4b1253\" rel=\"nofollow noopener\" target=\"_blank\">By\u0142em w rozsypce. Ta sytuacja mnie dobi\u0142a<\/a>, nie b\u0119d\u0119 tego ukrywa\u0142 \u2014 wyzna\u0142 na \u0142amach Przegl\u0105du Sportowego Onet.<\/p>\n<p class=\"Paragraph_desktopParagraph__Fd2e9\">\u2014 Dzi\u015b [w niedziel\u0119] narty zn\u00f3w by\u0142y sprawdzane i wtedy okaza\u0142o si\u0119, \u017ce zawini\u0142 konkretny smar, kt\u00f3ry najpewniej \u017ale &#8222;wyszed\u0142&#8221; ju\u017c z produkcji. Po pierwszym dzisiejszym te\u015bcie zn\u00f3w wyszed\u0142 wynik pozytywny. Potem narty zabra\u0142 serwismen i wyczy\u015bci\u0142 je, by tego fluoru nie by\u0142o \u2014 t\u0142umaczy\u0142 W\u0105sek.<\/p>\n","protected":false},"excerpt":{"rendered":"Szokuj\u0105ca dyskwalifikacja polskiego skoczka w Innsbrucka poruszy\u0142a nie tylko polskich fan\u00f3w, ale ca\u0142y \u015bwiat dyscypliny. W ko\u0144cu pierwszy&hellip;\n","protected":false},"author":2,"featured_media":188848,"comment_status":"","ping_status":"","sticky":false,"template":"","format":"standard","meta":{"footnotes":""},"categories":[5],"tags":[32,33,36,37,27,67,34,35,746,14477,28,31,25,14480,42,38,40,39,36923,41,136,128,47,1874,135,29,30,26,130],"class_list":{"0":"post-188847","1":"post","2":"type-post","3":"status-publish","4":"format-standard","5":"has-post-thumbnail","7":"category-naglowki","8":"tag-breaking-news","9":"tag-breakingnews","10":"tag-featured-news","11":"tag-featurednews","12":"tag-headlines","13":"tag-intextvideo_splayer","14":"tag-latest-news","15":"tag-latestnews","16":"tag-lysy","17":"tag-maciej_maciusiak","18":"tag-naglowki","19":"tag-najwazniejsze-artykuly","20":"tag-news","21":"tag-pawel_wasek","22":"tag-pl","23":"tag-poland","24":"tag-polish","25":"tag-polska","26":"tag-polska_kadra_skoczkow","27":"tag-polski","28":"tag-ps_detal_new","29":"tag-psv2","30":"tag-screening_general","31":"tag-skoki_narciarskie","32":"tag-sport_sport","33":"tag-top-stories","34":"tag-topstories","35":"tag-wiadomosci","36":"tag-wiadomosci_sportowe"},"share_on_mastodon":{"url":"https:\/\/pubeurope.com\/@pl\/115844017246608214","error":""},"_links":{"self":[{"href":"https:\/\/www.europesays.com\/pl\/wp-json\/wp\/v2\/posts\/188847","targetHints":{"allow":["GET"]}}],"collection":[{"href":"https:\/\/www.europesays.com\/pl\/wp-json\/wp\/v2\/posts"}],"about":[{"href":"https:\/\/www.europesays.com\/pl\/wp-json\/wp\/v2\/types\/post"}],"author":[{"embeddable":true,"href":"https:\/\/www.europesays.com\/pl\/wp-json\/wp\/v2\/users\/2"}],"replies":[{"embeddable":true,"href":"https:\/\/www.europesays.com\/pl\/wp-json\/wp\/v2\/comments?post=188847"}],"version-history":[{"count":0,"href":"https:\/\/www.europesays.com\/pl\/wp-json\/wp\/v2\/posts\/188847\/revisions"}],"wp:featuredmedia":[{"embeddable":true,"href":"https:\/\/www.europesays.com\/pl\/wp-json\/wp\/v2\/media\/188848"}],"wp:attachment":[{"href":"https:\/\/www.europesays.com\/pl\/wp-json\/wp\/v2\/media?parent=188847"}],"wp:term":[{"taxonomy":"category","embeddable":true,"href":"https:\/\/www.europesays.com\/pl\/wp-json\/wp\/v2\/categories?post=188847"},{"taxonomy":"post_tag","embeddable":true,"href":"https:\/\/www.europesays.com\/pl\/wp-json\/wp\/v2\/tags?post=188847"}],"curies":[{"name":"wp","href":"https:\/\/api.w.org\/{rel}","templated":true}]}}