{"id":189106,"date":"2026-01-05T21:50:09","date_gmt":"2026-01-05T21:50:09","guid":{"rendered":"https:\/\/www.europesays.com\/pl\/189106\/"},"modified":"2026-01-05T21:50:09","modified_gmt":"2026-01-05T21:50:09","slug":"rosyjski-atak-dronow-amerykanie-poniesli-straty","status":"publish","type":"post","link":"https:\/\/www.europesays.com\/pl\/189106\/","title":{"rendered":"Rosyjski atak dron\u00f3w. Amerykanie ponie\u015bli straty"},"content":{"rendered":"<p><a href=\"https:\/\/wiadomosci.wp.pl\/rosyjska-okupacja-ukrainy-analitycy-podaja-dane-dotyczace-obszarow-7239185524370400a\" rel=\"noopener noreferrer nofollow\" target=\"_blank\">Rosyjskie wojska<\/a> przeprowadzi\u0142y atak dronami na przedsi\u0119biorstwo Bunge w\u00a0Dnieprze. Skutkiem tego, jak podaje mer Borys Fi\u0142atow, na ulice miasta wyla\u0142o si\u0119 300 ton oleju ro\u015blinnego. Pracownicy komunalni podj\u0119li dzia\u0142ania, aby zminimalizowa\u0107 skutki tego incydentu.<\/p>\n<p>Karolina Gilon odnosi si\u0119 do\u00a0krytyki internaut\u00f3w: &#8222;Dajcie mi\u00a0prawo do\u00a0moich emocji&#8221; (WIDEO) <\/p>\n<p>&#8222;W wyniku ataku dron\u00f3w na drogi Dniepra wyla\u0142o si\u0119 300 ton oleju! Pracownicy komunalni sprz\u0105taj\u0105, wysypuj\u0105 piasek i\u00a0mieszank\u0119, ale przejazd ulic\u0105 Nabere\u017cn\u0105 b\u0119dzie niemo\u017cliwy przez oko\u0142o 2-3 doby&#8221; &#8211;\u00a0przekaza\u0142 Fi\u0142atow na Telegramie.<\/p>\n<p>Mer Dniepra podkre\u015bli\u0142, \u017ce celem by\u0142a ameryka\u0144ska w\u0142asno\u015b\u0107 w\u00a0Ukrainie. Sp\u00f3\u0142ka Bunge ma swoj\u0105 siedzib\u0119 w\u00a0Saint Louis, Missouri i\u00a0prowadzi dzia\u0142alno\u015b\u0107 tak\u017ce w\u00a0Dnieprze oraz Miko\u0142ajowie.<\/p>\n<p>Agencja Interfax-Ukraina informuje, \u017ce Bunge-Ukraina prowadzi dwa zak\u0142ady ekstrakcji oleju: du\u017cy kompleks w\u00a0Dnieprze, produkuj\u0105cy olej pod mark\u0105 O\u0142ejna, oraz nowoczesn\u0105 plac\u00f3wk\u0119 w\u00a0Miko\u0142ajowie, zajmuj\u0105c\u0105 si\u0119 przetwarzaniem s\u0142onecznika i\u00a0soi. Firma dzia\u0142a r\u00f3wnie\u017c w\u00a0Charkowie.<\/p>\n","protected":false},"excerpt":{"rendered":"Rosyjskie wojska przeprowadzi\u0142y atak dronami na przedsi\u0119biorstwo Bunge w\u00a0Dnieprze. Skutkiem tego, jak podaje mer Borys Fi\u0142atow, na ulice&hellip;\n","protected":false},"author":2,"featured_media":189107,"comment_status":"","ping_status":"","sticky":false,"template":"","format":"standard","meta":{"footnotes":""},"categories":[5],"tags":[32,33,36,37,27,34,35,28,31,25,42,38,40,39,41,29,30,26],"class_list":{"0":"post-189106","1":"post","2":"type-post","3":"status-publish","4":"format-standard","5":"has-post-thumbnail","7":"category-naglowki","8":"tag-breaking-news","9":"tag-breakingnews","10":"tag-featured-news","11":"tag-featurednews","12":"tag-headlines","13":"tag-latest-news","14":"tag-latestnews","15":"tag-naglowki","16":"tag-najwazniejsze-artykuly","17":"tag-news","18":"tag-pl","19":"tag-poland","20":"tag-polish","21":"tag-polska","22":"tag-polski","23":"tag-top-stories","24":"tag-topstories","25":"tag-wiadomosci"},"share_on_mastodon":{"url":"https:\/\/pubeurope.com\/@pl\/115844705347558050","error":""},"_links":{"self":[{"href":"https:\/\/www.europesays.com\/pl\/wp-json\/wp\/v2\/posts\/189106","targetHints":{"allow":["GET"]}}],"collection":[{"href":"https:\/\/www.europesays.com\/pl\/wp-json\/wp\/v2\/posts"}],"about":[{"href":"https:\/\/www.europesays.com\/pl\/wp-json\/wp\/v2\/types\/post"}],"author":[{"embeddable":true,"href":"https:\/\/www.europesays.com\/pl\/wp-json\/wp\/v2\/users\/2"}],"replies":[{"embeddable":true,"href":"https:\/\/www.europesays.com\/pl\/wp-json\/wp\/v2\/comments?post=189106"}],"version-history":[{"count":0,"href":"https:\/\/www.europesays.com\/pl\/wp-json\/wp\/v2\/posts\/189106\/revisions"}],"wp:featuredmedia":[{"embeddable":true,"href":"https:\/\/www.europesays.com\/pl\/wp-json\/wp\/v2\/media\/189107"}],"wp:attachment":[{"href":"https:\/\/www.europesays.com\/pl\/wp-json\/wp\/v2\/media?parent=189106"}],"wp:term":[{"taxonomy":"category","embeddable":true,"href":"https:\/\/www.europesays.com\/pl\/wp-json\/wp\/v2\/categories?post=189106"},{"taxonomy":"post_tag","embeddable":true,"href":"https:\/\/www.europesays.com\/pl\/wp-json\/wp\/v2\/tags?post=189106"}],"curies":[{"name":"wp","href":"https:\/\/api.w.org\/{rel}","templated":true}]}}