{"id":189120,"date":"2026-01-05T22:04:11","date_gmt":"2026-01-05T22:04:11","guid":{"rendered":"https:\/\/www.europesays.com\/pl\/189120\/"},"modified":"2026-01-05T22:04:11","modified_gmt":"2026-01-05T22:04:11","slug":"minister-rzadu-tuska-podjal-decyzje-ws-wosp-owsiak-nie-kryl-zdziwienia","status":"publish","type":"post","link":"https:\/\/www.europesays.com\/pl\/189120\/","title":{"rendered":"Minister rz\u0105du Tuska podj\u0105\u0142 decyzj\u0119 ws. WO\u015aP. Owsiak nie kry\u0142 zdziwienia"},"content":{"rendered":"<p>Wielkimi krokami zbli\u017ca si\u0119 34. Fina\u0142 WO\u015aP<\/p>\n<p class=\"Paragraph_desktopParagraph__Fd2e9\">Coraz wi\u0119cej Polak\u00f3w wspiera Jerzego Owsiaka, kt\u00f3rego orkiestra bije rekordy i co roku udaje jej si\u0119 uzbiera\u0107 wi\u0119cej pieni\u0119dzy ni\u017c w poprzednich latach. Wp\u0142yw ma na to wiele czynnik\u00f3w, ale te\u017c to, \u017ce znani Polacy i nie tylko, coraz ch\u0119tniej na aukcje WO\u015aP przekazuj\u0105 cenne dla nich przedmioty, kt\u00f3re p\u00f3\u017aniej licytowane s\u0105 podczas aukcji internetowych.<\/p>\n<p class=\"Paragraph_desktopParagraph__Fd2e9\">W tym roku Jerzego Owsiaka zaskoczy\u0142 pozytywnie Jakub Rutnicki, kt\u00f3ry na aukcj\u0119 przekaza\u0142 koszulk\u0119 siatkarskiej reprezentacji Polski z podpisami. Podczas 34. Fina\u0142u zrobi te\u017c co\u015b wi\u0119cej!<\/p>\n<p class=\"VideoPlayerText_videoPlayerText__zrtJk\">Dalszy ci\u0105g materia\u0142u pod wideo<\/p>\n<p>Oto co Jakub Rutnicki przekaza\u0142 na aukcj\u0119 WO\u015aP<\/p>\n<p class=\"Paragraph_desktopParagraph__Fd2e9\">&#8222;Minister sportu i turystyki Jakub Rutnicki przekaza\u0142 na aukcj\u0119 Wielkiej Orkiestry \u015awi\u0105tecznej Pomocy koszulk\u0119 Reprezentacji Polski w siatk\u00f3wce z podpisami br\u0105zowych medalist\u00f3w tegorocznych mistrzostw \u015bwiata na Filipinach. Na koszulce znajduj\u0105 si\u0119 autografy naszych mistrz\u00f3w, kt\u00f3rzy wywalczyli br\u0105zowy medal mistrzostw \u015bwiata, zapisuj\u0105c si\u0119 na sta\u0142e w historii polskiego sportu&#8221; &#8211; napisano w opisie licytacji w popularnym polskim serwisie aukcyjnym.<\/p>\n<p class=\"Paragraph_desktopParagraph__Fd2e9\">Na wspomnianej koszulce podpisy z\u0142o\u017cyli: Jakub Kochanowski, Jakub Popiwczak, Tomasz Fornal, Wilfredo Leon, Kamil Semeniuk, Kewin Sasak, Norbert Huber, Marcin Komenda, Artur Szalpuk, Maksymilian Granieczny, Szymon Jakubiszak, Jan Firlej, Jakub Nowak.<\/p>\n<p><img decoding=\"async\" src=\"https:\/\/www.europesays.com\/pl\/wp-content\/uploads\/2026\/01\/koszulka-przekazana-na-rzecz-aukcji-wosp-przez-jakuba-rutnickiego.jpg\" alt=\"Koszulka przekazana na rzecz aukcji WO\u015aP przez Jakuba Rutnickiego\" width=\"944\" height=\"412\" loading=\"lazy\" class=\"\" \/>Koszulka przekazana na rzecz aukcji WO\u015aP przez Jakuba Rutnickiego (Foto: Allegro)<\/p>\n<p class=\"Paragraph_desktopParagraph__Fd2e9\">&#8222;Mistrzowska koszulka naszych siatkarzy otrzymana od Ministra Sportu, kt\u00f3ry nam j\u0105 wr\u0119czy\u0142, gdy omawiali\u015bmy szczeg\u00f3\u0142y Fina\u0142u pod PGE Narodowym, kt\u00f3rego gospodarzem jest\u2026 Minister Sportu i Turystyki. Przy okazji dowiedzieli\u015bmy si\u0119, \u017ce pan Minister na 34. Finale po raz\u2026 kolejny prowadzi\u0107 b\u0119dzie fina\u0142owe granie w jego rodzinnym mie\u015bcie w Pniewach. Jest wtedy prowadz\u0105cym, DJ-em, konferansjerem i wszystko w jednym!&#8221; &#8211; zaznaczy\u0142 Jerzy Owsiak, wyra\u017anie zaskoczony dzia\u0142aniami ministra Donalda Tuska. <\/p>\n<p class=\"Paragraph_desktopParagraph__Fd2e9\">Aukcja zako\u0144czy si\u0119 12 lutego, a orkiestra Jerzego Owsiaka gra tym razem pod has\u0142em: &#8222;Zdrowe brzuszki naszych dzieci&#8221;, dla gastroenterologii dzieci\u0119cej.<\/p>\n","protected":false},"excerpt":{"rendered":"Wielkimi krokami zbli\u017ca si\u0119 34. Fina\u0142 WO\u015aP Coraz wi\u0119cej Polak\u00f3w wspiera Jerzego Owsiaka, kt\u00f3rego orkiestra bije rekordy i&hellip;\n","protected":false},"author":2,"featured_media":189121,"comment_status":"","ping_status":"","sticky":false,"template":"","format":"standard","meta":{"footnotes":""},"categories":[5],"tags":[32,33,212,36,37,27,67,15349,34,35,28,31,25,129,42,38,40,39,41,136,128,47,655,29,30,26,130,24147],"class_list":{"0":"post-189120","1":"post","2":"type-post","3":"status-publish","4":"format-standard","5":"has-post-thumbnail","7":"category-naglowki","8":"tag-breaking-news","9":"tag-breakingnews","10":"tag-donald_tusk","11":"tag-featured-news","12":"tag-featurednews","13":"tag-headlines","14":"tag-intextvideo_splayer","15":"tag-jakub_rutnicki","16":"tag-latest-news","17":"tag-latestnews","18":"tag-naglowki","19":"tag-najwazniejsze-artykuly","20":"tag-news","21":"tag-ofsajd","22":"tag-pl","23":"tag-poland","24":"tag-polish","25":"tag-polska","26":"tag-polski","27":"tag-ps_detal_new","28":"tag-psv2","29":"tag-screening_general","30":"tag-styl_zycia_lifestyle_","31":"tag-top-stories","32":"tag-topstories","33":"tag-wiadomosci","34":"tag-wiadomosci_sportowe","35":"tag-wosp"},"share_on_mastodon":{"url":"https:\/\/pubeurope.com\/@pl\/115844760584933185","error":""},"_links":{"self":[{"href":"https:\/\/www.europesays.com\/pl\/wp-json\/wp\/v2\/posts\/189120","targetHints":{"allow":["GET"]}}],"collection":[{"href":"https:\/\/www.europesays.com\/pl\/wp-json\/wp\/v2\/posts"}],"about":[{"href":"https:\/\/www.europesays.com\/pl\/wp-json\/wp\/v2\/types\/post"}],"author":[{"embeddable":true,"href":"https:\/\/www.europesays.com\/pl\/wp-json\/wp\/v2\/users\/2"}],"replies":[{"embeddable":true,"href":"https:\/\/www.europesays.com\/pl\/wp-json\/wp\/v2\/comments?post=189120"}],"version-history":[{"count":0,"href":"https:\/\/www.europesays.com\/pl\/wp-json\/wp\/v2\/posts\/189120\/revisions"}],"wp:featuredmedia":[{"embeddable":true,"href":"https:\/\/www.europesays.com\/pl\/wp-json\/wp\/v2\/media\/189121"}],"wp:attachment":[{"href":"https:\/\/www.europesays.com\/pl\/wp-json\/wp\/v2\/media?parent=189120"}],"wp:term":[{"taxonomy":"category","embeddable":true,"href":"https:\/\/www.europesays.com\/pl\/wp-json\/wp\/v2\/categories?post=189120"},{"taxonomy":"post_tag","embeddable":true,"href":"https:\/\/www.europesays.com\/pl\/wp-json\/wp\/v2\/tags?post=189120"}],"curies":[{"name":"wp","href":"https:\/\/api.w.org\/{rel}","templated":true}]}}