{"id":189251,"date":"2026-01-06T00:25:11","date_gmt":"2026-01-06T00:25:11","guid":{"rendered":"https:\/\/www.europesays.com\/pl\/189251\/"},"modified":"2026-01-06T00:25:11","modified_gmt":"2026-01-06T00:25:11","slug":"tcs-bischofshofen-prevc-najlepszy-w-kwalifikacjach-trzech-polakow-w-drugiej-dziesiatce","status":"publish","type":"post","link":"https:\/\/www.europesays.com\/pl\/189251\/","title":{"rendered":"TCS Bischofshofen: Prevc najlepszy w\u00a0kwalifikacjach, trzech Polak\u00f3w w\u00a0drugiej dziesi\u0105tce"},"content":{"rendered":"<p>\t&#13;<br \/>\n\t\tTCS Bischofshofen: Prevc najlepszy w\u00a0kwalifikacjach, trzech Polak\u00f3w w\u00a0drugiej dziesi\u0105tce\t<\/p>\n<p>Opublikowano: 5 stycznia 2026, 17:44<\/p>\n<p>\t<img decoding=\"async\" itemprop=\"image\" class=\"content\" src=\"https:\/\/www.europesays.com\/pl\/wp-content\/uploads\/2026\/01\/prevc_d46_fot_Vierschanzentournee_Brigitte_Waltl.jpg\" alt=\"TCS Bischofshofen: Prevc najlepszy w\u00a0kwalifikacjach, trzech Polak\u00f3w w\u00a0drugiej dziesi\u0105tce\" title=\"TCS Bischofshofen: Prevc najlepszy w\u00a0kwalifikacjach, trzech Polak\u00f3w w\u00a0drugiej dziesi\u0105tce\"\/><\/p>\n<p>\t&#13;<br \/>\n\t\tDomen Prevc wygra\u0142 kwalifikacje do\u00a0fina\u0142owego konkursu Turnieju Czterech Skoczni w\u00a0Bischofshofen. W drugiej dziesi\u0105tce uplasowa\u0142o si\u0119 trzech Polak\u00f3w: Kacper Tomasiak, Maciej Kot i\u00a0Kamil Stoch.&#13;<br \/>\nPrevc polecia\u0142 najdalej ze wszystkich zawodnik\u00f3w (140 m), na\u00a0dodatek dokona\u0142 tego ze skr\u00f3conego rozbiegu (belka czternasta), w\u00a0trudnych warunkach (0,89 m\/s w\u00a0plecy) i\u00a0w\u00a0bardzo dobrym stylu (55,5 punktu). To wszystko z\u0142o\u017cy\u0142o si\u0119 na\u00a0przewag\u0119 6,2 punktu nad Stephanem Embacherem (138 m z\u00a0belki pi\u0119tnastej, wiatr 0,81 m\/s, za to nieco wy\u017csze noty za styl).<\/p>\n<p>W czo\u0142\u00f3wce znale\u017ali si\u0119 tak\u017ce Jan Hoerl (137 m), Daniel Tschofenig (133,5 m), Ryoyu Kobayashi (134 m) i\u00a0Halvor Egner Granerud (135,5 m).<\/p>\n<p>W\u015br\u00f3d Polak\u00f3w najwy\u017cej uplasowa\u0142 si\u0119 Kacper Tomasiak (czternaste miejsce &#8211; 130,5 m), cho\u0107 niewiele ust\u0119powali mu Maciej Kot (szesnasty &#8211; 130,5 m) i\u00a0Kamil Stoch (osiemnasty &#8211; 130 m). Du\u017co ni\u017cej &#8211; w\u00a0czwartej dziesi\u0105tce &#8211; sklasyfikowano Dawida Kubackiego (122 m) i\u00a0Paw\u0142a W\u0105ska (122,5 m).<\/p>\n<p>Wszyscy skoczkowie startowali przy wietrze w\u00a0plecy, osi\u0105gaj\u0105cym pr\u0119dko\u015b\u0107 do\u00a0jednego metra na\u00a0sekund\u0119. Belka startowa od d\u0142ugo pozostawa\u0142a ustawiona w\u00a0pozycji pi\u0119tnastej, jedynie w\u00a0ko\u0144c\u00f3wce rozbieg skr\u00f3cono do\u00a0bramki czternastej.&#13;\n<\/p>\n<p>&#13;<\/p>\n<p>przesu\u0144 kursor myszy nad odleg\u0142o\u015b\u0107, aby zobaczy\u0107 szczeg\u00f3\u0142y skoku<\/p>\n<p><\/p>\n<p>Autor: Andrzej Mysiak<\/p>\n<p>\u0179r\u00f3d\u0142o: wiadomo\u015b\u0107 w\u0142asna, fot. Vierschanzentournee \/ Brigitte Waltl<\/p>\n<p>\t&#13;<br \/>\n\t\t&#13;<\/p>\n<p>Zaloguj si\u0119, aby komentowa\u0107<\/p>\n<p>\t&#13;<\/p>\n<ol class=\"komentarze_regulamin\">&#13;<\/p>\n<li>Redakcja zastrzega sobie prawo do usuni\u0119cia b\u0105d\u017a zmodyfikowania komentarzy nie zwi\u0105zanych z komentowan\u0105 tre\u015bci\u0105 (artyku\u0142em, tekstem na blogu, zdj\u0119ciami, relacj\u0105 LIVE itd.), a tak\u017ce obra\u017caj\u0105cych skoczk\u00f3w, cz\u0142onk\u00f3w redakcji i innych u\u017cytkownik\u00f3w portalu oraz zawieraj\u0105cych wulgaryzmy. R\u00f3wnie\u017c &#8222;czaty&#8221; prowadzone w komentarzach nie s\u0105 mile widziane.<\/li>\n<p>&#13;<\/p>\n<li>Zabronione jest zamieszczanie w komentarzach jakichkolwiek reklam, w tym odno\u015bnik\u00f3w do stron internetowych.<\/li>\n<p>&#13;<\/p>\n<li>Zabronione jest wielokrotne wysy\u0142anie komentarza o tej samej tre\u015bci.<\/li>\n<p>&#13;<\/p>\n<li>Redakcja pragnie r\u00f3wnie\u017c zaznaczy\u0107, \u017ce niekoniecznie odpowiada na typowe prowokacje (dotycz\u0105ce np. tematyki artyku\u0142u, kt\u00f3ra nie odpowiada indywidualnemu u\u017cytkownikowi).<\/li>\n<p>&#13;<\/p>\n<li>Wszelkie opinie krytyczne pod adresem redakcji prosimy kierowa\u0107 na adres e-mail redakcji &#8211; te zamieszczone w komentarzach b\u0119d\u0105 ignorowane, aby unikn\u0105\u0107 zej\u015bcia z tematu.<\/li>\n<p>&#13;<\/p>\n<li>W komentarzach zamieszczanych w reklacji LIVE zabronione jest zamieszczanie informacji zawieraj\u0105cych jedynie wynik zawodnika (odleg\u0142o\u015b\u0107, miejsce).<\/li>\n<p>&#13;<\/p>\n<li>Za nagminne \u0142amanie regu\u0142 wymienionych w regulaminie, og\u00f3lnie poj\u0119tych zasad dobrego wychowania oraz netykiety na dany adres IP mo\u017ce zosta\u0107 na\u0142o\u017cona czasowa blokada adresu IP.<\/li>\n<p>&#13;<\/p>\n<li>Redakcja nie ponosi odpowiedzialno\u015bci za tre\u015b\u0107 wypowiedzi zamieszczanych przez u\u017cytkownik\u00f3w. Osoby zamieszczaj\u0105ce wypowiedzi naruszaj\u0105ce prawo lub prawem chronione dobra os\u00f3b trzecich mog\u0105 ponie\u015b\u0107 z tego tytu\u0142u odpowiedzialno\u015b\u0107 karn\u0105 lub cywiln\u0105.<\/li>\n<p>&#13;<\/p>\n<li>Redakcja informuje, \u017ce podczas dodawania komentarza zbierane s\u0105 informacje o adresie IP komputera, z kt\u00f3rego komentarz jest dodawany. Informacje te w razie potrzeby mog\u0105 zosta\u0107 udost\u0119pnione organom \u015bcigania w celu poci\u0105gni\u0119cia autora komentarza do odpowiedzialno\u015bci karnej lub cywilnej.<\/li>\n<p>&#13;<\/p>\n<li>Redakcja gor\u0105co zach\u0119ca do rozwagi i zachowania zdrowego rozs\u0105dku podczas umieszczania komentarzy.<\/li>\n<p>&#13;<\/p>\n<li>Wysy\u0142anie komentarza jest jednoznaczne z akceptacj\u0105 powy\u017cszych zasad.<\/li>\n<p>&#13;\n\t<\/ol>\n<p>&#13;<br \/>\n&#13;<\/p>\n<p>Komentarze (3)<\/p>\n<p>kategorie u\u017cytkownik\u00f3w:<\/p>\n<p>niezarejestrowany<\/p>\n<p>zarejestrowany<\/p>\n<p>redaktor<\/p>\n<p>VIP<\/p>\n<p>\t&#13;<\/p>\n<p>Artix9<\/p>\n<p>05.01.2026, 19:58<\/p>\n<p>Zajc jest zawieszony na dwa konkursy, ale reprezentacja traci jednego zawodnika tylko na jeden konkurs.<\/p>\n<p>Semenic<\/p>\n<p>05.01.2026, 19:35<\/p>\n<p>\t\t\t\t\tCiekawostka: Stoch drugi raz z rz\u0119du w kwalifikacjach jest ex aequo z Deschwandenem, w og\u00f3le s\u0105 na podobnym poziomie aktualnie.<\/p>\n<p>Co do par to przynajmniej ju\u017c mamy co najmniej 2 Polak\u00f3w w drugiej serii, a licz\u0105c Tomasiaka, kt\u00f3ry ma \u0142atw\u0105 par\u0119 to trzech.<\/p>\n<p>PawRycerzBogaAvengers2467<\/p>\n<p>05.01.2026, 18:47<\/p>\n<p>Jak to mo\u017cliwe, \u017ce S\u0142owe\u0144c\u00f3w by\u0142o pi\u0119ciu, przecie\u017c Zajc ma czerwon\u0105 kartk\u0119, wi\u0119c powinno ich wyst\u0105pi\u0107 tylko czterech, a czerwona kartka jest na dwa konkursy ja protestuj\u0119.<\/p>\n<p>\t\t\t\t\t&#13;<\/p>\n<p>\t\t\t\t<a onclick=\"gtag(&#039;event&#039;,&#039;Adas1,5%-2-click&#039;,{&#039;event_category&#039;:&#039;Reklama&#039;,&#039;event_label&#039;:&#039;Sezon20222023&#039;});\" href=\"https:\/\/sercadlamaluszka.pl\/nasi-podopieczni\/adam-mysiak\" target=\"_blank\" rel=\"nofollow noopener\">&#13;<br \/>\n\t\t\t\t\t<img decoding=\"async\" onload=\"gtag('event','Adas1,5%-2-Wyswietl',{'event_category':'Reklama','event_label':'Sezon20222023'});\" class=\"obrazek_maly\" style=\"margin-top: 0px; max-width: 351px; width: 100%;\" src=\"https:\/\/www.europesays.com\/pl\/wp-content\/uploads\/2025\/12\/adas_15proc_2.jpg\" alt=\"Przeka\u017c 1,5% podatku na rehabilitacj\u0119 syna naszego redaktora - Adam Mysiak\" title=\"Przeka\u017c 1,5% podatku na rehabilitacj\u0119 syna naszego redaktora - Adam Mysiak\"\/>&#13;<br \/>\n\t\t\t\t<\/a><\/p>\n","protected":false},"excerpt":{"rendered":"&#13; TCS Bischofshofen: Prevc najlepszy w\u00a0kwalifikacjach, trzech Polak\u00f3w w\u00a0drugiej dziesi\u0105tce Opublikowano: 5 stycznia 2026, 17:44 &#13; Domen Prevc&hellip;\n","protected":false},"author":2,"featured_media":189252,"comment_status":"","ping_status":"","sticky":false,"template":"","format":"standard","meta":{"footnotes":""},"categories":[24],"tags":[1557,27728,27730,16103,27725,27727,27726,1547,27731,1540,42,38,40,39,41,27722,27721,17495,27729,1567,1559,27723,1566,1569,27724,1539,1538,127,126,4038,27732,4112],"class_list":{"0":"post-189251","1":"post","2":"type-post","3":"status-publish","4":"format-standard","5":"has-post-thumbnail","7":"category-sport","8":"tag-adam-malysz","9":"tag-ahonen","10":"tag-gregor-schlierenzauer","11":"tag-janne-ahonen","12":"tag-klasyfikacja","13":"tag-klasyfikacja-generalna","14":"tag-klasyfikacje","15":"tag-malysz","16":"tag-morgenstern","17":"tag-narciarskie","18":"tag-pl","19":"tag-poland","20":"tag-polish","21":"tag-polska","22":"tag-polski","23":"tag-ps","24":"tag-puchar-swiata","25":"tag-puchar-swiata-w-skokach-narciarskich","26":"tag-schlierenzauer","27":"tag-ski-jumping","28":"tag-skijumping","29":"tag-skoczek","30":"tag-skoczkowie","31":"tag-skocznie","32":"tag-skocznie-narciarskie","33":"tag-skoki","34":"tag-skoki-narciarskie","35":"tag-sport","36":"tag-sports","37":"tag-sylwetki","38":"tag-thomas-morgenstern","39":"tag-wyniki"},"share_on_mastodon":{"url":"","error":"Validation failed: Text character limit of 500 exceeded"},"_links":{"self":[{"href":"https:\/\/www.europesays.com\/pl\/wp-json\/wp\/v2\/posts\/189251","targetHints":{"allow":["GET"]}}],"collection":[{"href":"https:\/\/www.europesays.com\/pl\/wp-json\/wp\/v2\/posts"}],"about":[{"href":"https:\/\/www.europesays.com\/pl\/wp-json\/wp\/v2\/types\/post"}],"author":[{"embeddable":true,"href":"https:\/\/www.europesays.com\/pl\/wp-json\/wp\/v2\/users\/2"}],"replies":[{"embeddable":true,"href":"https:\/\/www.europesays.com\/pl\/wp-json\/wp\/v2\/comments?post=189251"}],"version-history":[{"count":0,"href":"https:\/\/www.europesays.com\/pl\/wp-json\/wp\/v2\/posts\/189251\/revisions"}],"wp:featuredmedia":[{"embeddable":true,"href":"https:\/\/www.europesays.com\/pl\/wp-json\/wp\/v2\/media\/189252"}],"wp:attachment":[{"href":"https:\/\/www.europesays.com\/pl\/wp-json\/wp\/v2\/media?parent=189251"}],"wp:term":[{"taxonomy":"category","embeddable":true,"href":"https:\/\/www.europesays.com\/pl\/wp-json\/wp\/v2\/categories?post=189251"},{"taxonomy":"post_tag","embeddable":true,"href":"https:\/\/www.europesays.com\/pl\/wp-json\/wp\/v2\/tags?post=189251"}],"curies":[{"name":"wp","href":"https:\/\/api.w.org\/{rel}","templated":true}]}}