{"id":189310,"date":"2026-01-06T01:35:19","date_gmt":"2026-01-06T01:35:19","guid":{"rendered":"https:\/\/www.europesays.com\/pl\/189310\/"},"modified":"2026-01-06T01:35:19","modified_gmt":"2026-01-06T01:35:19","slug":"siatkowka-polacy-poznali-kolejnego-rywala-w-memoriale-wagnera-2","status":"publish","type":"post","link":"https:\/\/www.europesays.com\/pl\/189310\/","title":{"rendered":"Siatk\u00f3wka. Polacy poznali kolejnego rywala w Memoriale Wagnera"},"content":{"rendered":"<p class=\"typography ids-typeset-body ids-typeset-body--preset-large link paragraph ids-paragraph ids-paragraph--default\">Polscy siatkarze w 2025 roku wygrali Lig\u0119 Narod\u00f3w i si\u0119gn\u0119li po br\u0105z mistrzostw \u015bwiata, a w kolejnym sezonie powalcz\u0105 o obron\u0119 dw\u00f3ch tytu\u0142\u00f3w. Nie do\u015b\u0107, \u017ce ponownie wezm\u0105 udzia\u0142 w Lidze Narod\u00f3w, to jeszcze czekaj\u0105 ich mistrzostwa Europy (9-26 wrze\u015bnia). A przypomnijmy, \u017ce to w\u0142a\u015bnie &#8222;Bia\u0142o-Czerwoni&#8221; wygrali czempionat Starego Kontynentu rozgrywany w 2023 roku.<\/p>\n<p class=\"typography ids-typeset-body ids-typeset-body--preset-large link paragraph ids-paragraph ids-paragraph--default\">Kibice polskiej kadry swoich ulubie\u0144c\u00f3w b\u0119d\u0105 ogl\u0105dali w akcji nie tylko podczas oficjalnych spotka\u0144. Aktualni wicemistrzowie olimpijscy swoj\u0105 form\u0119 sprawdz\u0105 r\u00f3wnie\u017c podczas mecz\u00f3w towarzyskich, w tym w trakcie Memoria\u0142u Huberta Jerzego Wagnera. Ten zostanie rozegrany pod koniec sierpnia i b\u0119dzie stanowi\u0142 powa\u017cny rozdzia\u0142 przed mistrzostwami Europy.<\/p>\n<p>Memoria\u0142 Wagnera. Polscy siatkarze poznali kolejnego rywala<\/p>\n<p class=\"typography ids-typeset-body ids-typeset-body--preset-large link paragraph ids-paragraph ids-paragraph--default\">30 grudnia 2025 roku organizatorzy imprezy poinformowali, \u017ce poza Polakami udzia\u0142 w turnieju wezm\u0105 Francuzi. Kilka dni p\u00f3\u017aniej og\u0142oszono kolejnego uczestnika &#8211; b\u0119dzie nim S\u0142owenia.<\/p>\n<blockquote role=\"blockquote\" class=\"quote ids-quote ids-quote--nosurface--short--medium\"><p>\u015awiatowy poziom. Zero przypadku. Bo Nikola Grbi\u0107 wybiera tylko takie zespo\u0142y, kt\u00f3re gwarantuj\u0105 tempo, jako\u015b\u0107 i widowisko od pierwszej pi\u0142kiog\u0142osili organizatorzy na Facebooku.<\/p><\/blockquote>\n<p class=\"typography ids-typeset-body ids-typeset-body--preset-large link paragraph ids-paragraph ids-paragraph--default\">S\u0142owe\u0144cy od lat uchodz\u0105 za siatkarsk\u0105 pot\u0119g\u0119 i bardzo niewygodnego rywala, to w\u0142a\u015bnie oni pokonywali Polak\u00f3w w p\u00f3\u0142finale mistrzostw Europy w 2019 i 2021 roku. Co ciekawe, w poprzednim sezonie &#8222;Bia\u0142o-Czerwoni&#8221; ani razu nie zmierzyli si\u0119 z tym przeciwnikiem, chocia\u017c przecie\u017c starli si\u0119 z kilkoma pot\u0119gami (m.in. z W\u0142ochami w finale Ligi Narod\u00f3w i p\u00f3\u0142finale mistrzostw \u015bwiata, z Brazyli\u0105 w p\u00f3\u0142finale Ligi Narod\u00f3w czy z Francj\u0105 w fazie zasadniczej tych rozgrywek).<\/p>\n<p>Ataki w meczu MKS \u015alepsk Malow Suwa\u0142ki &#8211; JSW Jastrz\u0119bski W\u0119giel. WIDEOPolsat SportPolsat Sport<\/p>\n<p><img decoding=\"async\" class=\"ids-image-holder__img\" loading=\"lazy\" alt=\"Grupa siatkarzy w bia\u0142o-czerwonych strojach obejmuje si\u0119 i wyra\u017ca rado\u015b\u0107 po zdobytym punkcie, dominuj\u0105 gesty triumfu i sportowej jedno\u015bci, w tle widoczna siatka.\" title=\"Polscy siatkarze\" width=\"4191\" height=\"2794\" src=\"https:\/\/www.europesays.com\/pl\/wp-content\/uploads\/2026\/01\/000LOEPL8SDG8Q4A-C323-F4.webp.webp\"\/><\/p>\n<p>Polscy siatkarzeSHERWIN VARDELEONAFP<\/p>\n<p><img decoding=\"async\" class=\"ids-image-holder__img\" loading=\"lazy\" alt=\"Grupa siatkarzy w bia\u0142o-czerwonych strojach \u015bwi\u0119tuje zdobycie punktu na hali sportowej, emocje i rado\u015b\u0107 widoczne na twarzach zawodnik\u00f3w.\" title=\"Polscy siatkarze w meczu fina\u0142owym z W\u0142ochami\" width=\"1280\" height=\"853\" src=\"https:\/\/www.europesays.com\/pl\/wp-content\/uploads\/2026\/01\/000LEVDONM4O5OYT-C323-F4.webp.webp\"\/><\/p>\n<p>Polscy siatkarze w meczu fina\u0142owym z W\u0142ochamivolleyballworld.commateria\u0142y prasowe<\/p>\n<p><img decoding=\"async\" class=\"ids-image-holder__img\" loading=\"lazy\" alt=\"Zawodnicy reprezentacji Polski w siatk\u00f3wce \u015bwi\u0119tuj\u0105 zdobycie punktu podczas meczu, tworz\u0105c zwart\u0105 grup\u0119 na \u015brodku boiska, ubrani w sportowe stroje w bia\u0142o-czerwonych barwach, widoczny jest tak\u017ce libero w zielonym stroju\" title=\"Siatkarze reprezentacji Polski\" width=\"1280\" height=\"853\" src=\"https:\/\/www.europesays.com\/pl\/wp-content\/uploads\/2026\/01\/000LNX6VHV0CSYHH-C323-F4.webp.webp\"\/><\/p>\n<p>Siatkarze reprezentacji Polskivolleyball worldmateria\u0142y prasowe<\/p>\n<p><a class=\"ids-undecorated-link source ids-page-info--source__link\" href=\"https:\/\/www.interia.pl\" rel=\"nofollow noopener\" target=\"_blank\"><img decoding=\"async\" class=\"ids-image-holder__img\" loading=\"lazy\" alt=\"\" title=\"\" height=\"24px\" src=\"https:\/\/www.europesays.com\/pl\/wp-content\/uploads\/2026\/01\/1767480799_462_0009A60QQ5I2TYF7-C202-F4.webp.webp\"\/><\/a><\/p>\n<p>Masz sugestie, uwagi albo widzisz b\u0142\u0105d? Napisz do nas<\/p>\n","protected":false},"excerpt":{"rendered":"Polscy siatkarze w 2025 roku wygrali Lig\u0119 Narod\u00f3w i si\u0119gn\u0119li po br\u0105z mistrzostw \u015bwiata, a w kolejnym sezonie&hellip;\n","protected":false},"author":2,"featured_media":188075,"comment_status":"","ping_status":"","sticky":false,"template":"","format":"standard","meta":{"footnotes":""},"categories":[24],"tags":[42,38,40,39,41,127,126],"class_list":{"0":"post-189310","1":"post","2":"type-post","3":"status-publish","4":"format-standard","5":"has-post-thumbnail","7":"category-sport","8":"tag-pl","9":"tag-poland","10":"tag-polish","11":"tag-polska","12":"tag-polski","13":"tag-sport","14":"tag-sports"},"share_on_mastodon":{"url":"https:\/\/pubeurope.com\/@pl\/115845590327532897","error":""},"_links":{"self":[{"href":"https:\/\/www.europesays.com\/pl\/wp-json\/wp\/v2\/posts\/189310","targetHints":{"allow":["GET"]}}],"collection":[{"href":"https:\/\/www.europesays.com\/pl\/wp-json\/wp\/v2\/posts"}],"about":[{"href":"https:\/\/www.europesays.com\/pl\/wp-json\/wp\/v2\/types\/post"}],"author":[{"embeddable":true,"href":"https:\/\/www.europesays.com\/pl\/wp-json\/wp\/v2\/users\/2"}],"replies":[{"embeddable":true,"href":"https:\/\/www.europesays.com\/pl\/wp-json\/wp\/v2\/comments?post=189310"}],"version-history":[{"count":0,"href":"https:\/\/www.europesays.com\/pl\/wp-json\/wp\/v2\/posts\/189310\/revisions"}],"wp:featuredmedia":[{"embeddable":true,"href":"https:\/\/www.europesays.com\/pl\/wp-json\/wp\/v2\/media\/188075"}],"wp:attachment":[{"href":"https:\/\/www.europesays.com\/pl\/wp-json\/wp\/v2\/media?parent=189310"}],"wp:term":[{"taxonomy":"category","embeddable":true,"href":"https:\/\/www.europesays.com\/pl\/wp-json\/wp\/v2\/categories?post=189310"},{"taxonomy":"post_tag","embeddable":true,"href":"https:\/\/www.europesays.com\/pl\/wp-json\/wp\/v2\/tags?post=189310"}],"curies":[{"name":"wp","href":"https:\/\/api.w.org\/{rel}","templated":true}]}}