{"id":189365,"date":"2026-01-06T03:35:10","date_gmt":"2026-01-06T03:35:10","guid":{"rendered":"https:\/\/www.europesays.com\/pl\/189365\/"},"modified":"2026-01-06T03:35:10","modified_gmt":"2026-01-06T03:35:10","slug":"powstaje-kolejna-adaptacja-lalki-znamy-pelna-obsade","status":"publish","type":"post","link":"https:\/\/www.europesays.com\/pl\/189365\/","title":{"rendered":"Powstaje kolejna adaptacja &#8222;Lalki&#8221;. Znamy pe\u0142n\u0105 obsad\u0119"},"content":{"rendered":"<p class=\"Paragraph_desktopParagraph__U31Gm\">Na przestrzeni ostatnich miesi\u0119cy tw\u00f3rcy filmowi zapowiadali adaptacje kultowej powie\u015bci &#8222;Lalka&#8221; Boles\u0142awa Prusa. Ogromn\u0105 popularno\u015bci\u0105 cieszy\u0142y si\u0119 <a href=\"https:\/\/plejada.pl\/newsy\/marek-kondrat-na-planie-lalki-internauci-jednoznacznie-ocenili-jego-wyglad\/2hzktjt\" id=\"e463094d-f7cb-4ecd-b204-7d4c2fcea0c2\" rel=\"nofollow noopener\" target=\"_blank\">zapowiedzi ekranizacji w re\u017cyserii Macieja Kawalskiego<\/a>, kt\u00f3ra b\u0119dzie mia\u0142a premier\u0119 30 wrze\u015bnia. W produkcji zobaczymy m.in.: Marcina Doroci\u0144skiego, Kamil\u0119 Urz\u0119dowsk\u0105, Marka Kondrata, Maj\u0119 Ostaszewsk\u0105, Krystyn\u0119 Jand\u0119, Maj\u0119 Komorowsk\u0105 oraz Cezarego \u017baka.<\/p>\n<p class=\"Paragraph_desktopParagraph__U31Gm\">Z kolei na platform\u0119 Netflix jest kr\u0119cona adaptacja re\u017cyserowana przez Paw\u0142a Ma\u015blon\u0119. W obsadzie nie brakuje Tomasza Schuchardta i Sandry Drzymalskiej.<\/p>\n<ul class=\"OchatFollowUps_wrapper__1ry7X\">\n<li class=\"OchatFollowUps_item__Dhyly OchatFollowUps_itemDesktop__R6aBv\">Kiedy odb\u0119dzie si\u0119 premiera teatralnej adaptacji 'Lalki&#8217;?<\/li>\n<li class=\"OchatFollowUps_item__Dhyly OchatFollowUps_itemDesktop__R6aBv\">Kto zagra g\u0142\u00f3wn\u0105 rol\u0119 w spektaklu?<\/li>\n<li class=\"OchatFollowUps_item__Dhyly OchatFollowUps_itemDesktop__R6aBv\">Jakie inne adaptacje 'Lalki&#8217; s\u0105 w produkcji?<\/li>\n<li class=\"OchatFollowUps_item__Dhyly OchatFollowUps_itemDesktop__R6aBv\">Kto jest re\u017cyserem teatralnej wersji 'Lalki&#8217;?<\/li>\n<\/ul>\n<p>Powstaje kolejna adaptacja &#8222;Lalki&#8221;. Znamy pe\u0142n\u0105 obsad\u0119 <\/p>\n<p class=\"Paragraph_desktopParagraph__U31Gm\">Co zaskakuj\u0105ce, na pocz\u0105tku nowego roku pojawi\u0142y si\u0119 informacje o kolejnej adaptacji s\u0142ynnej powie\u015bci \u2014 tym razem w wersji teatralnej. Na deskach Teatru Dramatycznego w Warszawie zostanie wystawiona inscenizacja &#8222;Lalki&#8221;, kt\u00f3rej premiera odb\u0119dzie si\u0119 w 20 marca. Re\u017cyserem spektaklu jest Mikita I\u0142nczyk.<\/p>\n<blockquote>\n<p class=\"Paragraph_desktopParagraph__U31Gm\">Wokulski, \u0141\u0119cka, Rzecki i inni \u2014 od dzi\u015b maj\u0105 twarze aktorek i aktor\u00f3w Dramatycznego. Na pr\u00f3bach spektaklu Mikity I\u0142ynczyka postaci nabieraj\u0105 charakter\u00f3w z ka\u017cd\u0105 scen\u0105. Nie mo\u017cemy si\u0119 doczeka\u0107 efektu! <\/p>\n<\/blockquote>\n<p class=\"Paragraph_desktopParagraph__U31Gm\">\u2014 zapowiadaj\u0105 tw\u00f3rcy, kt\u00f3rzy r\u00f3wnie\u017c og\u0142osili obsad\u0119 spektaklu.<\/p>\n<p class=\"Paragraph_desktopParagraph__U31Gm\">W roli Stanis\u0142awa Wokulskiego zobaczymy Marcina Bosaka, natomiast Marta Ojrzy\u0144ska wcieli si\u0119 w Izabel\u0119 \u0141\u0119ck\u0105. Piotr Siwkiewicz zagra Ignacego Rzeckiego, Robert T. Majewski \u2014 Tomasza \u0141\u0119ckiego, a Katarzyna Herman \u2014 Baronow\u0105 Krzeszowsk\u0105. Waldemar Barwi\u0144ski otrzyma\u0142 rol\u0119 Szumana, z kolei Konrad Szyma\u0144ski wcieli si\u0119 w Kazimierza Starskiego.<\/p>\n<p class=\"Paragraph_desktopParagraph__U31Gm\">Na scenie zobaczymy r\u00f3wnie\u017c Mariusza Dr\u0119\u017cka (Suzin), Mateusza Webera (Geist\/Marsza\u0142ek), Agat\u0119 R\u00f3\u017cyck\u0105 (Weronika\/Helunia Stawska), Ma\u0142gorzat\u0119 Niemirsk\u0105 (Widmo), Agnieszk\u0119 Wosi\u0144ska (Kazimiera W\u0105sowska) oraz wymiennie Ann\u0119 Gajewsk\u0105 i Ma\u0142gorzat\u0119 Witkowsk\u0105 w roli Heleny Stawskiej.<\/p>\n<p><img decoding=\"async\" class=\"Image_image__0tuHp Image_autoHeight__f2n87 \" height=\"587\" width=\"391\" src=\"https:\/\/www.europesays.com\/pl\/wp-content\/uploads\/2026\/01\/2H0k9kpTURBXy83YzFjYzI5NDk3ODAwMGY0NTJkNjQzY2U2MjNhODgwZC5qcGeSlQLNA6wAwsOVAgDNAkvCw94AA6EwAaExAaEzw.jpeg\" alt=\"Marcin Bosak na rozdaniu Bestseller\u00f3w Empiku\" loading=\"lazy\" \/>Andra Szilagyi \/ MW Media<\/p>\n<p>Marcin Bosak na rozdaniu Bestseller\u00f3w Empiku<\/p>\n<p><img decoding=\"async\" class=\"Image_image__0tuHp Image_autoHeight__f2n87 \" height=\"587\" width=\"391\" src=\"https:\/\/www.europesays.com\/pl\/wp-content\/uploads\/2026\/01\/u5Mk9kpTURBXy83ZThlNDc3YzM3ZDAyYzNhZTYwZWM4YjRmZDAzYTE3MC5qcGeSlQLNA6wAwsOVAgDNAkvCw94AA6EwAaExAaEzw.jpeg\" alt=\"Katarzyna Herman\" loading=\"lazy\" \/>Andras Szilagyi \/ MW Media<\/p>\n<p>Katarzyna Herman<\/p>\n<p class=\"Paragraph_desktopParagraph__U31Gm\">Dzi\u0119kujemy, \u017ce przeczyta\u0142a\u015b\/e\u015b nasz artyku\u0142 do ko\u0144ca. W serwisie Plejada.pl ka\u017cdego dnia piszemy o najwa\u017cniejszych wydarzeniach show-biznesowych. B\u0105d\u017a na bie\u017c\u0105co! <a rel=\"nofollow noopener\" href=\"https:\/\/profile.google.com\/cp\/Cg0vZy8xMWJ6X19wdHBx\" id=\"2233d726-7001-402c-8d44-8e642707266a\" target=\"_blank\">Obserwuj<\/a> Plejad\u0119 w Google. Odwied\u017a nas tak\u017ce na <a rel=\"nofollow noopener\" href=\"https:\/\/www.facebook.com\/plejadapl\" id=\"7a821ded-9e5f-4114-9615-c872b9747a03\" target=\"_blank\">Facebooku<\/a>, <a rel=\"nofollow noopener\" href=\"https:\/\/www.instagram.com\/plejadapl\/\" id=\"9e22b338-a0d6-4886-b852-12db9cc6a829\" target=\"_blank\">Instagramie<\/a>, <a rel=\"nofollow noopener\" href=\"https:\/\/www.youtube.com\/c\/plejada\" id=\"7c92858a-16ed-4061-929e-12b8ddd15d51\" target=\"_blank\">YouTubie<\/a> oraz <a rel=\"nofollow noopener\" href=\"https:\/\/www.tiktok.com\/@plejada_pl\" id=\"efb33cb4-3ea1-4942-8438-539eefaa3326\" target=\"_blank\">TikToku<\/a>.<\/p>\n<p class=\"Paragraph_desktopParagraph__U31Gm\">Chcesz podzieli\u0107 si\u0119 ciekawym newsem lub zaproponowa\u0107 temat? Skontaktuj si\u0119 z nami, pisz\u0105c maila na adres: <a href=\"https:\/\/www.onet.pl\/styl-zycia\/plejada\/powstaje-kolejna-adaptacja-lalki-znamy-pelna-obsade\/mailto:plejada@redakcjaonet.pl\" id=\"8b6d8319-d96e-405b-b3ae-156f867a03ea\" rel=\"nofollow noopener\" target=\"_blank\">plejada@redakcjaon<\/a><a rel=\"nofollow noopener\" href=\"https:\/\/et.pl\/\" id=\"5cb3fee7-cd32-4e21-a098-5e194e3ec091\" target=\"_blank\">et.pl<\/a>.<\/p>\n<p><script async src=\"\/\/www.instagram.com\/embed.js\"><\/script><script async src=\"\/\/www.tiktok.com\/embed.js\"><\/script><\/p>\n","protected":false},"excerpt":{"rendered":"Na przestrzeni ostatnich miesi\u0119cy tw\u00f3rcy filmowi zapowiadali adaptacje kultowej powie\u015bci &#8222;Lalka&#8221; Boles\u0142awa Prusa. Ogromn\u0105 popularno\u015bci\u0105 cieszy\u0142y si\u0119 zapowiedzi&hellip;\n","protected":false},"author":2,"featured_media":189366,"comment_status":"","ping_status":"","sticky":false,"template":"","format":"standard","meta":{"footnotes":""},"categories":[22],"tags":[122,67,221,261,13254,3566,36990,53,52,68,51,55,42,38,40,39,41,123,47,65,50],"class_list":{"0":"post-189365","1":"post","2":"type-post","3":"status-publish","4":"format-standard","5":"has-post-thumbnail","7":"category-rozrywka","8":"tag-entertainment","9":"tag-intextvideo_splayer","10":"tag-katarzyna_herman","11":"tag-kultura","12":"tag-lalka_ksiazka_film_i_serial","13":"tag-marcin_bosak","14":"tag-marta_ojrzynska","15":"tag-new_header","16":"tag-onet3","17":"tag-onet3d","18":"tag-onet3d_2i","19":"tag-phx","20":"tag-pl","21":"tag-poland","22":"tag-polish","23":"tag-polska","24":"tag-polski","25":"tag-rozrywka","26":"tag-screening_general","27":"tag-update_me","28":"tag-v2021"},"share_on_mastodon":{"url":"https:\/\/pubeurope.com\/@pl\/115846061956303976","error":""},"_links":{"self":[{"href":"https:\/\/www.europesays.com\/pl\/wp-json\/wp\/v2\/posts\/189365","targetHints":{"allow":["GET"]}}],"collection":[{"href":"https:\/\/www.europesays.com\/pl\/wp-json\/wp\/v2\/posts"}],"about":[{"href":"https:\/\/www.europesays.com\/pl\/wp-json\/wp\/v2\/types\/post"}],"author":[{"embeddable":true,"href":"https:\/\/www.europesays.com\/pl\/wp-json\/wp\/v2\/users\/2"}],"replies":[{"embeddable":true,"href":"https:\/\/www.europesays.com\/pl\/wp-json\/wp\/v2\/comments?post=189365"}],"version-history":[{"count":0,"href":"https:\/\/www.europesays.com\/pl\/wp-json\/wp\/v2\/posts\/189365\/revisions"}],"wp:featuredmedia":[{"embeddable":true,"href":"https:\/\/www.europesays.com\/pl\/wp-json\/wp\/v2\/media\/189366"}],"wp:attachment":[{"href":"https:\/\/www.europesays.com\/pl\/wp-json\/wp\/v2\/media?parent=189365"}],"wp:term":[{"taxonomy":"category","embeddable":true,"href":"https:\/\/www.europesays.com\/pl\/wp-json\/wp\/v2\/categories?post=189365"},{"taxonomy":"post_tag","embeddable":true,"href":"https:\/\/www.europesays.com\/pl\/wp-json\/wp\/v2\/tags?post=189365"}],"curies":[{"name":"wp","href":"https:\/\/api.w.org\/{rel}","templated":true}]}}