{"id":189378,"date":"2026-01-06T04:22:10","date_gmt":"2026-01-06T04:22:10","guid":{"rendered":"https:\/\/www.europesays.com\/pl\/189378\/"},"modified":"2026-01-06T04:22:10","modified_gmt":"2026-01-06T04:22:10","slug":"ostrzezenia-przed-silnym-mrozem-temperatura-spadnie-do-minus-18-stopni","status":"publish","type":"post","link":"https:\/\/www.europesays.com\/pl\/189378\/","title":{"rendered":"Ostrze\u017cenia przed silnym mrozem. Temperatura spadnie do minus 18 stopni"},"content":{"rendered":"<p>&#13;<br \/>\n        \tIMGW wyda\u0142 ostrze\u017cenia I stopnia przed silnym mrozem dla siedmiu wojew\u00f3dztw. W nocy temperatura mo\u017ce spa\u0107 nawet do -18 st. C. Alerty zaczn\u0105 obowi\u0105zywa\u0107 w poniedzia\u0142ek o godz. 21 i potrwaj\u0105 a\u017c do \u015brody rano. W tym czasie w Polsce wyst\u0119powa\u0107 b\u0119d\u0105 zjawiska, kt\u00f3re mog\u0105 grozi\u0107 zdrowiu i \u017cyciu oraz powodowa\u0107 straty materialne.&#13;\n        \t<\/p>\n<p>Ostrze\u017ceniami I stopnia przed silnym mrozem dotycz\u0105 siedmiu wojew\u00f3dztw: dolno\u015bl\u0105skiego, kujawsko-pomorskiego, mazowieckiego, podlaskiego, \u0142\u00f3dzkiego, warmi\u0144sko-mazurskiego i wielkopolskiego.<\/p>\n<p>\u00a0<\/p>\n<p>ZOBACZ: <a href=\"https:\/\/www.polsatnews.pl\/wiadomosc\/2025-10-06\/snieg-mroz-i-zaspy-tak-moze-wygladac-tegoroczna-zima\/\" target=\"_blank\" rel=\"noopener noreferrer nofollow\">\u015anieg, mr\u00f3z i zaspy? Tak mo\u017ce wygl\u0105da\u0107 tegoroczna zima<\/a><\/p>\n<p>\u00a0<\/p>\n<p>Instytut Meteorologii i Gospodarki Wodnej prognozuje tam temperatur\u0119 minimaln\u0105 w nocy od -14 do -18 st. C. Wiatr b\u0119dzie s\u0142aby &#8211; \u015brednia wiatru wyniesie od 5 do 10 km\/h.<\/p>\n<p>\u00a0<\/p>\n<p>&#8222;Miejscami utworz\u0105 si\u0119 mg\u0142y osadzaj\u0105ce szad\u017a, ograniczaj\u0105ce widzialno\u015b\u0107 do 200 m, zw\u0142aszcza w centrum i na p\u00f3\u0142nocy&#8221; &#8211; przekaza\u0142o IMGW.<\/p>\n<p>\u00a0<\/p>\n<p>Minister Infrastruktury: GDDKiA pozostaje w pe\u0142nej gotowo\u015bci<\/p>\n<p>Raport bie\u017c\u0105cy o warunkach pogodowych w nadchodz\u0105cych dniach opublikowa\u0142 w serwisie X tak\u017ce minister infrastruktury Dariusz Klimczak. Nie pozostawia on w\u0105tpliwo\u015bci &#8211; trudne, zimowe warunki b\u0119d\u0105 si\u0119 w Polsce utrzymywa\u0107. Niskich temperatur do\u015bwiadcza\u0107 b\u0119dziemy co najmniej do 11 stycznia.<\/p>\n<p>\u00a0<\/p>\n<p>ZOBACZ: <a href=\"https:\/\/www.polsatnews.pl\/wiadomosc\/2026-01-05\/tragedia-na-dworcu-centralnym-nie-zyje-jedna-osoba-opoznione-pociagi\/\" target=\"_blank\" rel=\"noopener noreferrer nofollow\">Tragedia na Dworcu Centralnym. Nie \u017cyje jedna osoba, op\u00f3\u017anione poci\u0105gi<\/a><\/p>\n<p>\u00a0<\/p>\n<p>&#8222;W centrum Polski, na p\u00f3\u0142nocnym wschodzie oraz wschodzie nocami temperatura spada\u0107 b\u0119dzie do -15\/18 st. C, a w rejonach g\u00f3rskich oraz lokalnych zastoiskach ch\u0142odu nawet punktowo do -20 st. C. Na pozosta\u0142ym obszarze kraju temperatury minimalne wynios\u0105 oko\u0142o -10\u00b0C&#8221; &#8211; przekaza\u0142 minister infrastruktury.<\/p>\n<p>\u00a0<\/p>\n<p>&#8222;GDDKiA pozostaje w pe\u0142nej gotowo\u015bci. Do dyspozycji s\u0142u\u017cb jest ponad 2100 p\u0142ugosolarek, blisko 640 p\u0142ug\u00f3w oraz 288 magazyn\u00f3w soli&#8221; &#8211; poinformowa\u0142 Klimczak.<\/p>\n<p>\u00a0<\/p>\n<p>\u00a0<\/p>\n<p>Widzia\u0142e\u015b co\u015b wa\u017cnego? Przy\u015blij zdj\u0119cie, film lub napisz, co si\u0119 sta\u0142o. Skorzystaj z naszej <a href=\"https:\/\/www.polsatnews.pl\/platforma-widzow\/\" target=\"_blank\" rel=\"noopener noreferrer nofollow\">Wrzutni<\/a><\/p>\n<p>                <img decoding=\"async\" src=\"https:\/\/www.europesays.com\/pl\/wp-content\/uploads\/2026\/01\/z5h9w7jbr9yp2os87kef938a8owgwm45.jpg\" alt=\"\" itemprop=\"contentUrl\" style=\"position:absolute; width: 100%; max-height: 100%;\"\/><video controls=\"\" controlslist=\"nodownload\" poster=\"https:\/\/www.europesays.com\/pl\/wp-content\/uploads\/2026\/01\/z5h9w7jbr9yp2os87kef938a8owgwm45.jpg\" class=\"videoPlayer player6856445 news__video\" data-id=\"6856445\">Twoja przegl\u0105darka nie wspiera odtwarzacza wideo&#8230;<\/video><\/p>\n<p>                <a class=\"news__read-more-button\" href=\"https:\/\/www.polsatnews.pl\/\" rel=\"nofollow noopener\" target=\"_blank\">Czytaj wi\u0119cej<\/a><\/p>\n<p>\t\t\tChcesz by\u0107 na bie\u017c\u0105co z najnowszymi newsami?<\/p>\n<p class=\"app-ad__preview\">Jeste\u015bmy w aplikacji na Tw\u00f3j telefon. Sprawd\u017a\u00a0nas!<\/p>\n","protected":false},"excerpt":{"rendered":"&#13; IMGW wyda\u0142 ostrze\u017cenia I stopnia przed silnym mrozem dla siedmiu wojew\u00f3dztw. W nocy temperatura mo\u017ce spa\u0107 nawet&hellip;\n","protected":false},"author":2,"featured_media":189379,"comment_status":"","ping_status":"","sticky":false,"template":"","format":"standard","meta":{"footnotes":""},"categories":[5],"tags":[32,33,36,37,27,34,35,28,31,25,42,38,40,39,41,29,30,26],"class_list":{"0":"post-189378","1":"post","2":"type-post","3":"status-publish","4":"format-standard","5":"has-post-thumbnail","7":"category-naglowki","8":"tag-breaking-news","9":"tag-breakingnews","10":"tag-featured-news","11":"tag-featurednews","12":"tag-headlines","13":"tag-latest-news","14":"tag-latestnews","15":"tag-naglowki","16":"tag-najwazniejsze-artykuly","17":"tag-news","18":"tag-pl","19":"tag-poland","20":"tag-polish","21":"tag-polska","22":"tag-polski","23":"tag-top-stories","24":"tag-topstories","25":"tag-wiadomosci"},"share_on_mastodon":{"url":"https:\/\/pubeurope.com\/@pl\/115846246719221281","error":""},"_links":{"self":[{"href":"https:\/\/www.europesays.com\/pl\/wp-json\/wp\/v2\/posts\/189378","targetHints":{"allow":["GET"]}}],"collection":[{"href":"https:\/\/www.europesays.com\/pl\/wp-json\/wp\/v2\/posts"}],"about":[{"href":"https:\/\/www.europesays.com\/pl\/wp-json\/wp\/v2\/types\/post"}],"author":[{"embeddable":true,"href":"https:\/\/www.europesays.com\/pl\/wp-json\/wp\/v2\/users\/2"}],"replies":[{"embeddable":true,"href":"https:\/\/www.europesays.com\/pl\/wp-json\/wp\/v2\/comments?post=189378"}],"version-history":[{"count":0,"href":"https:\/\/www.europesays.com\/pl\/wp-json\/wp\/v2\/posts\/189378\/revisions"}],"wp:featuredmedia":[{"embeddable":true,"href":"https:\/\/www.europesays.com\/pl\/wp-json\/wp\/v2\/media\/189379"}],"wp:attachment":[{"href":"https:\/\/www.europesays.com\/pl\/wp-json\/wp\/v2\/media?parent=189378"}],"wp:term":[{"taxonomy":"category","embeddable":true,"href":"https:\/\/www.europesays.com\/pl\/wp-json\/wp\/v2\/categories?post=189378"},{"taxonomy":"post_tag","embeddable":true,"href":"https:\/\/www.europesays.com\/pl\/wp-json\/wp\/v2\/tags?post=189378"}],"curies":[{"name":"wp","href":"https:\/\/api.w.org\/{rel}","templated":true}]}}