{"id":189413,"date":"2026-01-06T05:54:13","date_gmt":"2026-01-06T05:54:13","guid":{"rendered":"https:\/\/www.europesays.com\/pl\/189413\/"},"modified":"2026-01-06T05:54:13","modified_gmt":"2026-01-06T05:54:13","slug":"rozwiodla-sie-z-rybusem-oto-gdzie-pojechala","status":"publish","type":"post","link":"https:\/\/www.europesays.com\/pl\/189413\/","title":{"rendered":"Rozwiod\u0142a si\u0119 z Rybusem. Oto gdzie pojecha\u0142a"},"content":{"rendered":"\n<p class=\"contentpart contentpart--default contentpart--text\" data-position=\"0\"><a href=\"https:\/\/sportowefakty.wp.pl\/pilka-nozna\/maciej-rybus\" rel=\"nofollow noopener\" target=\"_blank\">Maciej Rybus<\/a>\u00a0i Lana Bajmatowa przez lata tworzyli jedno z bardziej rozpoznawalnych ma\u0142\u017ce\u0144stw w\u015br\u00f3d polskich pi\u0142karzy graj\u0105cych za granic\u0105. Para pozna\u0142a si\u0119 w 2017 roku, a w kolejnych latach wzi\u0119\u0142a dwa \u015bluby &#8211; najpierw w Rosji, a nast\u0119pnie w Polsce. Doczekali si\u0119 dw\u00f3ch syn\u00f3w.<\/p>\n<p class=\"contentpart contentpart--default contentpart--text\" data-position=\"1\">Jeszcze kilka lat temu Rybus by\u0142 jednym z najbardziej cenionych reprezentant\u00f3w Polski. Wyst\u0105pi\u0142 m.in. na mistrzostwach Europy w 2016 roku, gdzie Bia\u0142o-Czerwoni dotarli do \u0107wier\u0107fina\u0142u i odpadli dopiero po rzutach karnych z Portugali\u0105. Jego pozycja w kraju diametralnie si\u0119 zmieni\u0142a po 2022 roku.<\/p>\n<p> <img role=\"presentation\" src=\"https:\/\/std.wpcdn.pl\/images\/adv\/placeholder_wp.svg\" loading=\"lazy\" alt=\"\" decoding=\"async\"\/>  <\/p>\n<p class=\"contentpart contentpart--default contentpart--text\" data-position=\"2\">Po rosyjskiej agresji na Ukrain\u0119 Rybus zdecydowa\u0142 si\u0119 pozosta\u0107 w Rosji, co zamkn\u0119\u0142o mu drog\u0119 do dalszych wyst\u0119p\u00f3w w reprezentacji Polski. Sam t\u0142umaczy\u0142 p\u00f3\u017aniej, \u017ce du\u017cy wp\u0142yw na t\u0119 decyzj\u0119 mia\u0142a jego sytuacja rodzinna.<\/p>\n<p class=\"contentpart contentpart--default contentpart--text\" data-position=\"3\">Pod koniec 2025 roku rosyjskie media poinformowa\u0142y, \u017ce Rybus i Bajmatowa formalnie zako\u0144czyli swoje ma\u0142\u017ce\u0144stwo. Rozw\u00f3d zosta\u0142 sfinalizowany w listopadzie. Wcze\u015bniej internauci zwracali uwag\u0119, \u017ce z profilu Bajmatowej znikn\u0119\u0142y wsp\u00f3lne zdj\u0119cia z pi\u0142karzem.<\/p>\n<p class=\"contentpart contentpart--default contentpart--text\" data-position=\"4\">Na pocz\u0105tku 2026 roku by\u0142a \u017cona Rybusa opublikowa\u0142a nowe zdj\u0119cia w mediach spo\u0142eczno\u015bciowych. Pokaza\u0142a si\u0119 w zimowej scenerii, ubrana w jasny str\u00f3j i gogle narciarskie. Nie ujawni\u0142a dok\u0142adnej lokalizacji, ale wszystko wskazuje na to, \u017ce wybra\u0142a wypoczynek w luksusowym g\u00f3rskim kurorcie.<\/p>\n<p>  <img decoding=\"async\" src=\"https:\/\/www.europesays.com\/pl\/wp-content\/uploads\/2026\/01\/Nzk5MzEuYRsKVztJag5sDkkPbxMsV2JYHhd3WGpCeUoTGj4caBIvFgdQPwNrAj4ZD1tjCilaPhIEQSIJakN3TwgFfxkgRy0cCQd9.jpeg\" alt=\"instagram.com\/___lanochka___\/\" width=\"770\" height=\"\" loading=\"lazy\"\/> instagram.com\/___lanochka___\/  <img role=\"presentation\" src=\"https:\/\/std.wpcdn.pl\/images\/adv\/placeholder_wp.svg\" loading=\"lazy\" alt=\"\" decoding=\"async\"\/>  <\/p>\n<p class=\"contentpart contentpart--default contentpart--text\" data-position=\"6\">Na tym jednak nie koniec. Na swoim insta story Lana zamie\u015bci\u0142a r\u00f3wnie\u017c kr\u00f3tkie nagranie z g\u00f3rskiego stoku, na kt\u00f3rym\u2026 &#8222;zjada&#8221; r\u0119kawiczk\u0105 mijaj\u0105cych j\u0105 narciarzy.<\/p>\n<p class=\"contentpart contentpart--default contentpart--text\" data-position=\"7\">&#8222;Lana ma 29 lat. Ka\u017cdy ma swoj\u0105 w\u0142asn\u0105 rozrywk\u0119&#8221; &#8211; skwitowa\u0142a sw\u00f3j \u017cart.<\/p>\n<p>  <img decoding=\"async\" src=\"https:\/\/www.europesays.com\/pl\/wp-content\/uploads\/2026\/01\/MDAxODIuYiUgGjl3Zg5vMGNCbS0gV2FmNFp1ZmZCenQ5VzwiZBIsKC0dPT1nAj0nJRZhNCVaPSwuDCA3ZkN0cSJIfHR_RnRxcEx6.jpeg\" alt=\"instagram.com\/___lanochka___\/\" width=\"770\" height=\"\" loading=\"lazy\"\/> instagram.com\/___lanochka___\/  <\/p>\n<p class=\"contentpart contentpart--default contentpart--text\" data-position=\"9\">ZOBACZ WIDEO: Mistrz KSW nie wytrzyma\u0142 podczas wywiadu. &#8222;Zatrzymajmy t\u0119 karuzel\u0119 \u015bmiechu&#8221;<\/p>\n<p>   <img role=\"presentation\" src=\"https:\/\/std.wpcdn.pl\/images\/adv\/placeholder_wp.svg\" loading=\"lazy\" alt=\"\" decoding=\"async\"\/>  <script async src=\"\/\/www.instagram.com\/embed.js\"><\/script><\/p>\n","protected":false},"excerpt":{"rendered":"Maciej Rybus\u00a0i Lana Bajmatowa przez lata tworzyli jedno z bardziej rozpoznawalnych ma\u0142\u017ce\u0144stw w\u015br\u00f3d polskich pi\u0142karzy graj\u0105cych za granic\u0105.&hellip;\n","protected":false},"author":2,"featured_media":189414,"comment_status":"","ping_status":"","sticky":false,"template":"","format":"standard","meta":{"footnotes":""},"categories":[24],"tags":[26946,26945,269,278,42,38,40,39,41,87,127,268,126],"class_list":{"0":"post-189413","1":"post","2":"type-post","3":"status-publish","4":"format-standard","5":"has-post-thumbnail","7":"category-sport","8":"tag-lana-rybus","9":"tag-maciej-rybus","10":"tag-pilka-nozna","11":"tag-pilka-w-europie","12":"tag-pl","13":"tag-poland","14":"tag-polish","15":"tag-polska","16":"tag-polski","17":"tag-rosja","18":"tag-sport","19":"tag-sportowybar","20":"tag-sports"},"share_on_mastodon":{"url":"https:\/\/pubeurope.com\/@pl\/115846608546223333","error":""},"_links":{"self":[{"href":"https:\/\/www.europesays.com\/pl\/wp-json\/wp\/v2\/posts\/189413","targetHints":{"allow":["GET"]}}],"collection":[{"href":"https:\/\/www.europesays.com\/pl\/wp-json\/wp\/v2\/posts"}],"about":[{"href":"https:\/\/www.europesays.com\/pl\/wp-json\/wp\/v2\/types\/post"}],"author":[{"embeddable":true,"href":"https:\/\/www.europesays.com\/pl\/wp-json\/wp\/v2\/users\/2"}],"replies":[{"embeddable":true,"href":"https:\/\/www.europesays.com\/pl\/wp-json\/wp\/v2\/comments?post=189413"}],"version-history":[{"count":0,"href":"https:\/\/www.europesays.com\/pl\/wp-json\/wp\/v2\/posts\/189413\/revisions"}],"wp:featuredmedia":[{"embeddable":true,"href":"https:\/\/www.europesays.com\/pl\/wp-json\/wp\/v2\/media\/189414"}],"wp:attachment":[{"href":"https:\/\/www.europesays.com\/pl\/wp-json\/wp\/v2\/media?parent=189413"}],"wp:term":[{"taxonomy":"category","embeddable":true,"href":"https:\/\/www.europesays.com\/pl\/wp-json\/wp\/v2\/categories?post=189413"},{"taxonomy":"post_tag","embeddable":true,"href":"https:\/\/www.europesays.com\/pl\/wp-json\/wp\/v2\/tags?post=189413"}],"curies":[{"name":"wp","href":"https:\/\/api.w.org\/{rel}","templated":true}]}}