{"id":189430,"date":"2026-01-06T06:16:20","date_gmt":"2026-01-06T06:16:20","guid":{"rendered":"https:\/\/www.europesays.com\/pl\/189430\/"},"modified":"2026-01-06T06:16:20","modified_gmt":"2026-01-06T06:16:20","slug":"przyszlosc-viki-gabor-pod-znakiem-zapytania-ma-wyjechac-z-polski-2","status":"publish","type":"post","link":"https:\/\/www.europesays.com\/pl\/189430\/","title":{"rendered":"Przysz\u0142o\u015b\u0107 Viki Gabor pod znakiem zapytania. Ma wyjecha\u0107 z Polski"},"content":{"rendered":"<p class=\"ods-c-paragraph \">Tu\u017c po \u015bwi\u0119tach w mediach <a href=\"https:\/\/plejada.pl\/newsy\/viki-gabor-zamieszkala-z-mezem-czary-mary-zachowane\/hedmzkh\" id=\"4ed6882e-9b2e-4952-a308-b440245cb7af\" rel=\"nofollow noopener\" target=\"_blank\">pojawi\u0142y si\u0119 doniesienia o rzekomym \u015blubie Viki Gabor<\/a>. Bogdan Trojanek opublikowa\u0142 wpis, w kt\u00f3rym poinformowa\u0142, \u017ce piosenkarka mia\u0142a zawrze\u0107 zwi\u0105zek ma\u0142\u017ce\u0144ski zgodnie z romskim zwyczajem ze swoim partnerem Giovannim, wnukiem artysty. W rozmowie z &#8222;Dzie\u0144 dobry TVN&#8221; muzyk podkre\u015bla\u0142, \u017ce to dopiero pocz\u0105tek wydarze\u0144, poniewa\u017c tradycja przewiduje kilkudniowe wesele. Jak zapowiada\u0142, po opadni\u0119ciu pierwszych emocji para ma jeszcze niejednym zaskoczy\u0107.<\/p>\n<p class=\"ods-c-paragraph \">Polecamy: <a href=\"https:\/\/plejada.pl\/newsy\/viki-gabor-zamieszkala-z-mezem-czary-mary-zachowane\/hedmzkh\" id=\"5d4ef5f4-7ac8-42c5-b039-ddffd5168beb\" rel=\"nofollow noopener\" target=\"_blank\">18-letnia Viki Gabor zamieszka\u0142a z &#8222;m\u0119\u017cem&#8221;. Bogdan Trojanek ujawni\u0142 szczeg\u00f3\u0142y zwi\u0105zku piosenkarki<\/a><\/p>\n<p class=\"ods-c-paragraph \">Sama Viki Gabor po sylwestrze skomentowa\u0142a te informacje, informuj\u0105c, \u017ce jest obecnie zar\u0119czona.<\/p>\n<blockquote class=\"ods-o-quota\">\n<p class=\"ods-o-quota__paragraph\">No, nie wiecie nic [o kulturze romskiej], ale ja nie musz\u0119 si\u0119 nikomu z niczego t\u0142umaczy\u0107. \u017bycz\u0119 wam szcz\u0119\u015bcia w \u017cyciu<\/p>\n<\/blockquote>\n<p class=\"ods-c-paragraph \">\u2014 powiedzia\u0142a w rozmowie z Radiem Eska.<\/p>\n<p>Dalszy ci\u0105g artyku\u0142u pod materia\u0142em wideo<\/p>\n<p> Czy Viki Gabor jest zar\u0119czona? <\/p>\n<p> Gdzie Viki Gabor ma kontynuowa\u0107 edukacj\u0119? <\/p>\n<p> Co m\u00f3wi dziadek Giovanniego o \u015blubie pary? <\/p>\n<p> Czy para zamierza wraca\u0107 do Polski? <\/p>\n<p>  Dziadek narzeczonego Viki Gabor o jej przysz\u0142o\u015bci<\/p>\n<p class=\"ods-c-paragraph \"><a href=\"https:\/\/ludzie.fakt.pl\/wiek-viki-gabor-budzi-emocje-trojanek-zdradza-co-dalej-z-jej-nauka\/c8mzfnn\" id=\"8a15c86b-bde2-403c-a241-ba96df2b0af4\" rel=\"nofollow noopener\" target=\"_blank\">W wywiadzie dla Faktu<\/a> Bogdan Trojanek skomentowa\u0142 kontrowersje wok\u00f3\u0142 m\u0142odego wieku pary. Przyzna\u0142, \u017ce 18 i 19 lat to dla wielu os\u00f3b wiek, kt\u00f3ry mo\u017ce wydawa\u0107 si\u0119 zbyt wczesny na tak powa\u017cny krok.<\/p>\n<blockquote class=\"ods-o-quota\">\n<p class=\"ods-o-quota__paragraph\">Pewnie, \u017ce za wcze\u015bnie, ale mi\u0142o\u015b\u0107 nie liczy, je\u017celi jest prawdziwa i czysta, p\u0142yn\u0105ca z serca<\/p>\n<\/blockquote>\n<p class=\"ods-c-paragraph \">\u2014 t\u0142umaczy.<\/p>\n<p class=\"ods-c-paragraph \">Dziadek Giovanniego podkre\u015bla r\u00f3wnie\u017c, \u017ce m\u0142odzi nie porzucaj\u0105 nauki. Przeciwnie, kontynuowanie edukacji wci\u0105\u017c pozostaje dla nich wa\u017cnym priorytetem. Wnuk Bogdana Trojanka od dawna mieszka w Wielkiej Brytanii, gdzie si\u0119 urodzi\u0142 i zdobywa wykszta\u0142cenie, a podobn\u0105 \u015bcie\u017ck\u0119 edukacyjn\u0105 ma pod\u0105\u017ca\u0107 r\u00f3wnie\u017c Viki Gabor.<\/p>\n<blockquote class=\"ods-o-quota\">\n<p class=\"ods-o-quota__paragraph\">To jest fajne, \u017ce oni chc\u0105 si\u0119 dalej rozwija\u0107. M\u00f3j wnuk si\u0119 uczy i Viki tak\u017ce b\u0119dzie kontynuowa\u0142a edukacj\u0119 w Wielkiej Brytanii<\/p>\n<\/blockquote>\n<p class=\"ods-c-paragraph \">\u2014 doda\u0142.<\/p>\n<p class=\"ods-c-paragraph \">Dla pary Londyn jest naturalnym miejscem do \u017cycia, cho\u0107 nie zamykaj\u0105 si\u0119 na inne mo\u017cliwo\u015bci. Rodzina nie wyklucza, \u017ce m\u0142odzi mog\u0105 dzieli\u0107 czas mi\u0119dzy Polsk\u0105 a Wielk\u0105 Brytani\u0105, zw\u0142aszcza \u017ce Giovanni ma ju\u017c nowo wybudowany dom w Szczecinku, tu\u017c obok posesji dziadka. Jak podkre\u015bla Bogdan Trojanek, decyzja o tym, gdzie b\u0119d\u0105 mieszka\u0107, nale\u017cy wy\u0142\u0105cznie do nich.<\/p>\n<p class=\"ods-c-paragraph \">Polecamy: <a href=\"https:\/\/plejada.pl\/newsy\/roksana-wegiel-dosadnie-o-slubie-viki-gabor-widac-ze-sie-pogubila\/mwq842v\" id=\"951d7323-a599-4bc5-9168-e4c6d4c4b01d\" rel=\"nofollow noopener\" target=\"_blank\">Roksana W\u0119giel dosadnie o &#8222;\u015blubie&#8221; Viki Gabor. &#8222;Wida\u0107, \u017ce si\u0119 pogubi\u0142a&#8221;<\/a><\/p>\n<p class=\"ods-c-paragraph \">Dzi\u0119kujemy, \u017ce przeczyta\u0142a\u015b\/e\u015b nasz artyku\u0142 do ko\u0144ca. W serwisie Plejada.pl ka\u017cdego dnia piszemy o najwa\u017cniejszych wydarzeniach show-biznesowych. B\u0105d\u017a na bie\u017c\u0105co! <a rel=\"nofollow noopener\" href=\"https:\/\/profile.google.com\/cp\/Cg0vZy8xMWJ6X19wdHBx\" id=\"26a9ac45-d48c-4799-9cc1-64a160b6054d\" target=\"_blank\">Obserwuj<\/a> Plejad\u0119 w Wiadomo\u015bciach Google. Odwied\u017a nas tak\u017ce na <a rel=\"nofollow noopener\" href=\"https:\/\/www.facebook.com\/plejadapl\" id=\"dbe3cf83-10ea-4b2e-9c49-cae260f13152\" target=\"_blank\">Facebooku<\/a>, <a rel=\"nofollow noopener\" href=\"https:\/\/www.instagram.com\/plejadapl\/\" id=\"cd28248a-7cd2-4d44-90d8-955af45b6219\" target=\"_blank\">Instagramie<\/a>, <a rel=\"nofollow noopener\" href=\"https:\/\/www.youtube.com\/c\/plejada\" id=\"ffd74878-6fa5-4c77-8fb4-56b1c7bdba4e\" target=\"_blank\">YouTube<\/a> oraz <a rel=\"nofollow noopener\" href=\"https:\/\/www.tiktok.com\/@plejada_pl\" id=\"7679b72a-ea1e-42c9-b997-ae77d848c847\" target=\"_blank\">TikToku<\/a>.<\/p>\n<p class=\"ods-c-paragraph \">Chcesz podzieli\u0107 si\u0119 ciekawym newsem lub zaproponowa\u0107 temat? Skontaktuj si\u0119 z nami, pisz\u0105c e-maila na adres: <a rel=\"nofollow noopener\" href=\"https:\/\/plejada.pl\/newsy\/przyszlosc-viki-gabor-pod-znakiem-zapytania-ma-wyjechac-z-polski\/mailto:plejada@redakcjaonet.pl\" id=\"e295168d-45ad-45fc-b7cc-0eaa13096dbf\" target=\"_blank\">plejada@redakcjaonet.pl<\/a>.<\/p>\n<p><script async src=\"\/\/www.instagram.com\/embed.js\"><\/script><script async src=\"\/\/www.tiktok.com\/embed.js\"><\/script><\/p>\n","protected":false},"excerpt":{"rendered":"Tu\u017c po \u015bwi\u0119tach w mediach pojawi\u0142y si\u0119 doniesienia o rzekomym \u015blubie Viki Gabor. Bogdan Trojanek opublikowa\u0142 wpis, w&hellip;\n","protected":false},"author":2,"featured_media":189431,"comment_status":"","ping_status":"","sticky":false,"template":"","format":"standard","meta":{"footnotes":""},"categories":[22],"tags":[122,48,125,46,42,38,40,39,41,123,47,2027],"class_list":{"0":"post-189430","1":"post","2":"type-post","3":"status-publish","4":"format-standard","5":"has-post-thumbnail","7":"category-rozrywka","8":"tag-entertainment","9":"tag-nat_styl","10":"tag-newsy","11":"tag-omp","12":"tag-pl","13":"tag-poland","14":"tag-polish","15":"tag-polska","16":"tag-polski","17":"tag-rozrywka","18":"tag-screening_general","19":"tag-viki_gabor"},"share_on_mastodon":{"url":"https:\/\/pubeurope.com\/@pl\/115846695028694494","error":""},"_links":{"self":[{"href":"https:\/\/www.europesays.com\/pl\/wp-json\/wp\/v2\/posts\/189430","targetHints":{"allow":["GET"]}}],"collection":[{"href":"https:\/\/www.europesays.com\/pl\/wp-json\/wp\/v2\/posts"}],"about":[{"href":"https:\/\/www.europesays.com\/pl\/wp-json\/wp\/v2\/types\/post"}],"author":[{"embeddable":true,"href":"https:\/\/www.europesays.com\/pl\/wp-json\/wp\/v2\/users\/2"}],"replies":[{"embeddable":true,"href":"https:\/\/www.europesays.com\/pl\/wp-json\/wp\/v2\/comments?post=189430"}],"version-history":[{"count":0,"href":"https:\/\/www.europesays.com\/pl\/wp-json\/wp\/v2\/posts\/189430\/revisions"}],"wp:featuredmedia":[{"embeddable":true,"href":"https:\/\/www.europesays.com\/pl\/wp-json\/wp\/v2\/media\/189431"}],"wp:attachment":[{"href":"https:\/\/www.europesays.com\/pl\/wp-json\/wp\/v2\/media?parent=189430"}],"wp:term":[{"taxonomy":"category","embeddable":true,"href":"https:\/\/www.europesays.com\/pl\/wp-json\/wp\/v2\/categories?post=189430"},{"taxonomy":"post_tag","embeddable":true,"href":"https:\/\/www.europesays.com\/pl\/wp-json\/wp\/v2\/tags?post=189430"}],"curies":[{"name":"wp","href":"https:\/\/api.w.org\/{rel}","templated":true}]}}