{"id":189436,"date":"2026-01-06T06:23:10","date_gmt":"2026-01-06T06:23:10","guid":{"rendered":"https:\/\/www.europesays.com\/pl\/189436\/"},"modified":"2026-01-06T06:23:10","modified_gmt":"2026-01-06T06:23:10","slug":"anna-popek-nie-wspiera-owsiaka-tak-robila-to-w-przeszlosci-onet","status":"publish","type":"post","link":"https:\/\/www.europesays.com\/pl\/189436\/","title":{"rendered":"Anna Popek &quot;nie wspiera Owsiaka&quot;. Tak robi\u0142a to w przesz\u0142o\u015bci &#8211; Onet"},"content":{"rendered":"<ol>\n<li><a href=\"https:\/\/news.google.com\/rss\/articles\/CBMiugFBVV95cUxOVnVNOFA2VlJJd1JTYWV4Y29rTGtldG8xVnBKRE1FdDB1MS1WZW45Y00wYzIyYVZxcFRKakRiYzVKLXJ1NzhOMi1pbkw5M2RZdGNuTDhjTnhJa0pQekM3d1Z4OWpHVWdNbkV3ZFo3T1d0bHlTNUlSLXlXNnBCX0Y3WERmbXBTa19NMldmQllpZ0hrQndMMjA3OXhJV2tyaFpFSFZiNjd0VkdpQklBcVJaYzZJOWtBckpaQWc?oc=5\" target=\"_blank\" rel=\"nofollow noopener\">Anna Popek &#8222;nie wspiera Owsiaka&#8221;. Tak robi\u0142a to w przesz\u0142o\u015bci<\/a>&nbsp;&nbsp;Onet<\/li>\n<li><a href=\"https:\/\/news.google.com\/rss\/articles\/CBMiyAFBVV95cUxQUG4xODNCOE9sSDZZdzllOU5rMHdZeE9wRE9qa3R5UDBfLVNqVnc3aXh3UC1JaGJ6a2o3UkVWNHFVOUxNRGlMLUdIUWY2cm9BOERWQnhTSW9pUGEwNE9XNllPd2w4NEpNQ3JDem5HU2QyRGkwZk55Y3dKd0M1R3VSNXlmSXM3TXhoVGdmbzBjb29TYTZZYlo2MHZqRll3NzdoUlhxS1AyTW45NUZmUVpybnhOR2lDcWJUOTM4bjZ5Q1pSd3d4QXR1RA?oc=5\" target=\"_blank\" rel=\"nofollow noopener\">Afera w sprawie WO\u015aP. Katarzyna Kolenda-Zaleska grzmi po wpisie Anny Popek<\/a>&nbsp;&nbsp;Onet<\/li>\n<li><a href=\"https:\/\/news.google.com\/rss\/articles\/CBMioAFBVV95cUxPRU5jUnlRSUlBb0J1TjlvdlphbERlMjgwMHU2Ni1ueTNjaE04Wk1QUW8yT2ZsLXppdDZid1RvcmwzVmRLZUhHNldwYWliel9HTFBwdTM4ek5jRlY0bGtPT2ZmRzRHS2t2bEF1YnZVN29Nc0w4RnBQZXpkTzNwMG1HRElEcEF3X2xOdEZvOHF1Uld1MFdPNG1vYnZ0dHRFWlY5?oc=5\" target=\"_blank\" rel=\"nofollow noopener\">Anna Popek usun\u0119\u0142a wpis o WO\u015aP. Lawina komentarzy zala\u0142a sie\u0107. &#8222;\u017benada i wstyd&#8221;<\/a>&nbsp;&nbsp;Fakt<\/li>\n<li><a href=\"https:\/\/news.google.com\/rss\/articles\/CBMi0AFBVV95cUxNVU9aOTJBWDJNRVVnYUZiSVBPWEJ1VzlIV3dNdkFyWVJkRkZVUVU3TUJQal9udHF4dlFxUDZKTWp3dUNNOHpab1dsVTBSbzJsR2xXVFhqLWdfLWk1aXBJM0IyOE1wTFBmYm9LRnRwckNYVjZieVZackg3Q3NxYUU3TzlzNEMwN3J1ckt4ZjNoZ0hleEJmN2NLRjlWdkQ5X2NiRTkwSEx4cTdTNmRkWElWNDZPcEk2WUpFRGJKa3Q3aUhETEF3NUNVVm1NZkxsOXYw?oc=5\" target=\"_blank\" rel=\"nofollow noopener\">Anna Popek ostro o WO\u015aP. Internauci odkopali archiwa<\/a>&nbsp;&nbsp;Jastrz\u0105b Post<\/li>\n<li><a href=\"https:\/\/news.google.com\/rss\/articles\/CBMiowFBVV95cUxPQVdOQkgyRWtBaGdlRE01WkxvZlZwbDJ5N0VVcExlY0hjR0NrUnZuRHRFa2hrckdMYk16MUo5VXN2ZzUwS3VQRXZuVjZrTTFlaVp4R29McVl5aTJZaHBOejJwSEttc1N4aUdHaU54MnZiSFJlVFZyQXVZdy1uYjJZcXZ0ejE5amFVMHc2ZlQxcjI5QUFFdmVudE40Q0ZlZG5yZnhJ?oc=5\" target=\"_blank\" rel=\"nofollow noopener\">Burza w sieci po wpisie Anny Popek o WO\u015aP. Przed laty wspiera\u0142a akcj\u0119<\/a>&nbsp;&nbsp;Plejada<\/li>\n<\/ol>\n","protected":false},"excerpt":{"rendered":"Anna Popek &#8222;nie wspiera Owsiaka&#8221;. Tak robi\u0142a to w przesz\u0142o\u015bci&nbsp;&nbsp;Onet Afera w sprawie WO\u015aP. Katarzyna Kolenda-Zaleska grzmi po&hellip;\n","protected":false},"author":2,"featured_media":189437,"comment_status":"","ping_status":"","sticky":false,"template":"","format":"standard","meta":{"footnotes":""},"categories":[22],"tags":[24350,122,67,15858,53,52,68,51,55,42,38,40,39,41,123,47,65,50,26,24008],"class_list":{"0":"post-189436","1":"post","2":"type-post","3":"status-publish","4":"format-standard","5":"has-post-thumbnail","7":"category-rozrywka","8":"tag-anna_popek_pracowniczka_tvp","9":"tag-entertainment","10":"tag-intextvideo_splayer","11":"tag-jerzy_owsiak_jurek_owsiak","12":"tag-new_header","13":"tag-onet3","14":"tag-onet3d","15":"tag-onet3d_2i","16":"tag-phx","17":"tag-pl","18":"tag-poland","19":"tag-polish","20":"tag-polska","21":"tag-polski","22":"tag-rozrywka","23":"tag-screening_general","24":"tag-update_me","25":"tag-v2021","26":"tag-wiadomosci","27":"tag-wielka_orkiestra_swiatecznej_pomocy_wosp"},"share_on_mastodon":{"url":"https:\/\/pubeurope.com\/@pl\/115846722526143319","error":""},"_links":{"self":[{"href":"https:\/\/www.europesays.com\/pl\/wp-json\/wp\/v2\/posts\/189436","targetHints":{"allow":["GET"]}}],"collection":[{"href":"https:\/\/www.europesays.com\/pl\/wp-json\/wp\/v2\/posts"}],"about":[{"href":"https:\/\/www.europesays.com\/pl\/wp-json\/wp\/v2\/types\/post"}],"author":[{"embeddable":true,"href":"https:\/\/www.europesays.com\/pl\/wp-json\/wp\/v2\/users\/2"}],"replies":[{"embeddable":true,"href":"https:\/\/www.europesays.com\/pl\/wp-json\/wp\/v2\/comments?post=189436"}],"version-history":[{"count":0,"href":"https:\/\/www.europesays.com\/pl\/wp-json\/wp\/v2\/posts\/189436\/revisions"}],"wp:featuredmedia":[{"embeddable":true,"href":"https:\/\/www.europesays.com\/pl\/wp-json\/wp\/v2\/media\/189437"}],"wp:attachment":[{"href":"https:\/\/www.europesays.com\/pl\/wp-json\/wp\/v2\/media?parent=189436"}],"wp:term":[{"taxonomy":"category","embeddable":true,"href":"https:\/\/www.europesays.com\/pl\/wp-json\/wp\/v2\/categories?post=189436"},{"taxonomy":"post_tag","embeddable":true,"href":"https:\/\/www.europesays.com\/pl\/wp-json\/wp\/v2\/tags?post=189436"}],"curies":[{"name":"wp","href":"https:\/\/api.w.org\/{rel}","templated":true}]}}