{"id":189483,"date":"2026-01-06T07:05:08","date_gmt":"2026-01-06T07:05:08","guid":{"rendered":"https:\/\/www.europesays.com\/pl\/189483\/"},"modified":"2026-01-06T07:05:08","modified_gmt":"2026-01-06T07:05:08","slug":"maryla-rodowicz-zabrala-glos-po-sylwestrze-tvp-tak-komentuje-swoj-wystep-rmf-fm","status":"publish","type":"post","link":"https:\/\/www.europesays.com\/pl\/189483\/","title":{"rendered":"Maryla Rodowicz zabra\u0142a g\u0142os po sylwestrze TVP. Tak komentuje sw\u00f3j wyst\u0119p :: RMF FM"},"content":{"rendered":"<p>Maryla Rodowicz by\u0142a jedn\u0105 gwiazd podczas \u201eSylwestra z Dw\u00f3jk\u0105\u201d. Piosenkarka zaprezentowa\u0142a si\u0119 w widowiskowych kreacjach, a tak\u017ce w towarzystwie tancerzy. Show zebra\u0142o sporo r\u00f3\u017cnorodnych komentarzy. Jak artystka odpowiedzia\u0142a na te mniej pochlebne?<\/p>\n<p><img decoding=\"async\" alt=\"\" src=\"https:\/\/www.europesays.com\/pl\/wp-content\/uploads\/2026\/01\/3f5051cabebb1a0cfde5ea44e9eecd78.jpg\" class=\"w-100\"\/><\/p>\n<p>Maryla Rodowicz podczas \u201eSylwestra z Dw\u00f3jk\u0105\u201d. Fot. AKPA<\/p>\n<p>&#13;<br \/>\n\tKto wyst\u0105pi\u0142 na \u201eSylwestrze z Dw\u00f3jk\u0105\u201d?<\/p>\n<p>&#13;<br \/>\n\t\u201eSylwester z Dw\u00f3jk\u0105\u201d to wydarzenie, o kt\u00f3rym b\u0119dzie si\u0119 jeszcze m\u00f3wi\u0142o przez d\u0142ugi czas. Na scenie w Katowicach zameldowali si\u0119 m.in.: Kayah, <a href=\"https:\/\/www.rmf.fm\/magazyn\/tag,Maryla%20Rodowicz.html\" rel=\"nofollow noopener\" target=\"_blank\">Maryla Rodowicz<\/a>, Justyna Steczkowska, Oskar Cyms, zesp\u00f3\u0142 Feel, Doda, Dawid Kwiatkowski, Micha\u0142 Szpak i wielu innych. Gwiazd\u0105 wieczoru by\u0142 Sting, kt\u00f3ry wykona\u0142 swoje najpopularniejsze utwory.<\/p>\n<p><a href=\"https:\/\/www.rmf.fm\/magazyn\/news,86990,ile-sting-dostal-za-wystep-na-sylwestrze-jest-odpowiedz-tvp.html\" rel=\"nofollow noopener\" target=\"_blank\"><img decoding=\"async\" src=\"https:\/\/www.europesays.com\/pl\/wp-content\/uploads\/2026\/01\/d701a99bfa9bb65b0dc65df78d734134.jpg\" width=\"290\"\/><\/a><a href=\"https:\/\/www.rmf.fm\/magazyn\/news,86990,ile-sting-dostal-za-wystep-na-sylwestrze-jest-odpowiedz-tvp.html\" rel=\"nofollow noopener\" target=\"_blank\">Ile Sting dosta\u0142 za wyst\u0119p na sylwestrze? Jest odpowied\u017a TVP<\/a><\/p>\n<p>Sting kilkukrotnie za\u015bpiewa\u0142 na \u201eSylwestrze z Dw\u00f3jk\u0105\u201d, a jego wyst\u0119py wzbudzi\u0142y ogromne emocje. Widzowie zostawili w sieci tysi\u0105ce komentarzy, w kt\u00f3rych nie kryj\u0105 ogromnego uznania dla \u015bwiatowej s\u0142awy artysty. W mediach pojawi\u0142y si\u0119&#8230;<\/p>\n<p>&#13;<br \/>\n\tJak co roku, Maryla Rodowicz zaskoczy\u0142a nie tylko samym wyst\u0119pem, ale te\u017c wygl\u0105dem czy warstw\u0105 wizualn\u0105. 80-latka pojawi\u0142a si\u0119 m.in. w stroju kowbojskim, a tak\u017ce w kreacji ze z\u0142otym gorsetem. Podczas wykonywania \u201eRemedium\u201d towarzyszyli jej dwaj tancerze, kt\u00f3rzy zaprezentowali si\u0119 bez koszulek.<\/p>\n<blockquote class=\"instagram-media\" data-instgrm-captioned=\"\" data-instgrm-permalink=\"https:\/\/www.instagram.com\/p\/DTDVXi6DT6s\/?utm_source=ig_embed&amp;utm_campaign=loading\" data-instgrm-version=\"14\" style=\" background:#FFF; border:0; border-radius:3px; box-shadow:0 0 1px 0 rgba(0,0,0,0.5),0 1px 10px 0 rgba(0,0,0,0.15); margin: 1px; max-width:540px; min-width:326px; padding:0; width:99.375%; width:-webkit-calc(100% - 2px); width:calc(100% - 2px);\"\/>\n<blockquote class=\"instagram-media\" data-instgrm-captioned=\"\" data-instgrm-permalink=\"https:\/\/www.instagram.com\/p\/DS-TsYfAq0U\/?utm_source=ig_embed&amp;utm_campaign=loading\" data-instgrm-version=\"14\" style=\" background:#FFF; border:0; border-radius:3px; box-shadow:0 0 1px 0 rgba(0,0,0,0.5),0 1px 10px 0 rgba(0,0,0,0.15); margin: 1px; max-width:540px; min-width:326px; padding:0; width:99.375%; width:-webkit-calc(100% - 2px); width:calc(100% - 2px);\"\/>\n<p>&#13;<br \/>\n\tWyst\u0119py Maryli Rodowicz na \u201eSylwestrze z Dw\u00f3jk\u0105\u201d zosta\u0142y szeroko skomentowane przez widz\u00f3w. Podczas gdy jedni chwalili to, co zobaczyli na scenie, inni krytycznie podchodzili do tematu. Fakt postanowi\u0142 sprawdzi\u0107, co na temat takiego odbioru s\u0105dzi sama Rodowicz. Gwiazda spodziewa\u0142a si\u0119, \u017ce jej obecno\u015b\u0107 na sylwestrowym koncercie zbierze mn\u00f3stwo komentarzy.<\/p>\n<p>&#13;<br \/>\n\tMaryla Rodowicz o swoim wyst\u0119pie na \u201eSylwestrze z Dw\u00f3jk\u0105\u201d<\/p>\n<p>&#13;<br \/>\n\tW rozmowie ze wspomnianym \u017ar\u00f3d\u0142em Maryla Rodowicz przyzna\u0142a, i\u017c zak\u0142ada\u0142a burzliw\u0105 dyskusj\u0119 dotycz\u0105c\u0105 jej wyst\u0119pu w noc z 31 grudnia na 1 stycznia.<\/p>\n<blockquote><p>&#13;<\/p>\n<p>&#13;<br \/>\n\t\tTak, spodziewa\u0142am si\u0119 kontrowersji. W ko\u0144cu nie ka\u017cda gwiazda wychodzi na scen\u0119 w bia\u0142ych majtkach. No, ale tego wymaga\u0142 kostium kowbojski. A to, \u017ce bujali mnie rozebrani, pi\u0119knie zbudowani m\u0142odzie\u0144cy, to konieczno\u015b\u0107. W ko\u0144cu lepiej si\u0119 ogl\u0105da rozebranych ch\u0142opc\u00f3w ni\u017c zakutanych w szaliki i zimowe kurtki. To jest sylwester, czas zabawy.<\/p>\n<p>&#13;\n<\/p><\/blockquote>\n<p>&#13;<br \/>\n\tOgl\u0105dali\u015bcie \u201eSylwestra z Dw\u00f3jk\u0105\u201d?<\/p>\n<p>\t\t\t\t\t\t<script async src=\"\/\/www.instagram.com\/embed.js\"><\/script><\/p>\n","protected":false},"excerpt":{"rendered":"Maryla Rodowicz by\u0142a jedn\u0105 gwiazd podczas \u201eSylwestra z Dw\u00f3jk\u0105\u201d. Piosenkarka zaprezentowa\u0142a si\u0119 w widowiskowych kreacjach, a tak\u017ce w&hellip;\n","protected":false},"author":2,"featured_media":189484,"comment_status":"","ping_status":"","sticky":false,"template":"","format":"standard","meta":{"footnotes":""},"categories":[22],"tags":[122,29060,37032,42,38,40,39,41,123,36491,28699,36490,506],"class_list":{"0":"post-189483","1":"post","2":"type-post","3":"status-publish","4":"format-standard","5":"has-post-thumbnail","7":"category-rozrywka","8":"tag-entertainment","9":"tag-maryla-rodowicz","10":"tag-maryla-rodowicz-sylwester","11":"tag-pl","12":"tag-poland","13":"tag-polish","14":"tag-polska","15":"tag-polski","16":"tag-rozrywka","17":"tag-sylwester-2025-2026","18":"tag-sylwester-z-dwojka","19":"tag-sylwester-z-dwojka-gwiazdy","20":"tag-tvp"},"share_on_mastodon":{"url":"https:\/\/pubeurope.com\/@pl\/115846887813032860","error":""},"_links":{"self":[{"href":"https:\/\/www.europesays.com\/pl\/wp-json\/wp\/v2\/posts\/189483","targetHints":{"allow":["GET"]}}],"collection":[{"href":"https:\/\/www.europesays.com\/pl\/wp-json\/wp\/v2\/posts"}],"about":[{"href":"https:\/\/www.europesays.com\/pl\/wp-json\/wp\/v2\/types\/post"}],"author":[{"embeddable":true,"href":"https:\/\/www.europesays.com\/pl\/wp-json\/wp\/v2\/users\/2"}],"replies":[{"embeddable":true,"href":"https:\/\/www.europesays.com\/pl\/wp-json\/wp\/v2\/comments?post=189483"}],"version-history":[{"count":0,"href":"https:\/\/www.europesays.com\/pl\/wp-json\/wp\/v2\/posts\/189483\/revisions"}],"wp:featuredmedia":[{"embeddable":true,"href":"https:\/\/www.europesays.com\/pl\/wp-json\/wp\/v2\/media\/189484"}],"wp:attachment":[{"href":"https:\/\/www.europesays.com\/pl\/wp-json\/wp\/v2\/media?parent=189483"}],"wp:term":[{"taxonomy":"category","embeddable":true,"href":"https:\/\/www.europesays.com\/pl\/wp-json\/wp\/v2\/categories?post=189483"},{"taxonomy":"post_tag","embeddable":true,"href":"https:\/\/www.europesays.com\/pl\/wp-json\/wp\/v2\/tags?post=189483"}],"curies":[{"name":"wp","href":"https:\/\/api.w.org\/{rel}","templated":true}]}}