{"id":189487,"date":"2026-01-06T07:08:11","date_gmt":"2026-01-06T07:08:11","guid":{"rendered":"https:\/\/www.europesays.com\/pl\/189487\/"},"modified":"2026-01-06T07:08:11","modified_gmt":"2026-01-06T07:08:11","slug":"korea-polnocna-wystrzelila-pociski-balistyczne-dzien-po-akcji-trumpa","status":"publish","type":"post","link":"https:\/\/www.europesays.com\/pl\/189487\/","title":{"rendered":"Korea P\u00f3\u0142nocna wystrzeli\u0142a pociski balistyczne. Dzie\u0144 po akcji Trumpa"},"content":{"rendered":"<p>Po\u0142udniowokorea\u0144skie Kolegium Po\u0142\u0105czonych Szef\u00f3w Sztab\u00f3w (JCS) poinformowa\u0142o, \u017ce start nast\u0105pi\u0142 z\u00a0okolic Pjongjangu oko\u0142o godz. 7.50 czasu lokalnego (godz. 23.50 w\u00a0sobot\u0119 w\u00a0Polsce). <\/p>\n<p>Pociski pokona\u0142y dystans blisko 900 km, wpadaj\u0105c ostatecznie do\u00a0morza.<\/p>\n<p>Chrupi\u0105ce \u015blimaczki z\u00a0ciasta francuskiego wype\u0142niam genialnym nadzieniem. Na\u00a0jednej porcji na\u00a0pewno si\u0119 nie sko\u0144czy <\/p>\n<p>&#8222;Nasze wojsko utrzymuje postaw\u0119 pe\u0142nej gotowo\u015bci, \u015bci\u015ble dziel\u0105c si\u0119 informacjami na temat pocisk\u00f3w balistycznych Korei P\u00f3\u0142nocnej ze stron\u0105 ameryka\u0144sk\u0105 i\u00a0japo\u0144sk\u0105 w\u00a0warunkach wzmo\u017conego nadzoru&#8221; &#8211;\u00a0przekaza\u0142o w\u00a0komunikacie JCS.<\/p>\n<p>Japo\u0144skie ministerstwo obrony poda\u0142o, \u017ce pociski najpewniej spad\u0142y poza wy\u0142\u0105czn\u0105 stref\u0105 ekonomiczn\u0105 Japonii po ok. 18 minutach.<\/p>\n<p>Do testu dosz\u0142o na kilka godzin przed wylotem prezydenta Korei Po\u0142udniowej Li do Chin na spotkanie z\u00a0Xi.<\/p>\n","protected":false},"excerpt":{"rendered":"Po\u0142udniowokorea\u0144skie Kolegium Po\u0142\u0105czonych Szef\u00f3w Sztab\u00f3w (JCS) poinformowa\u0142o, \u017ce start nast\u0105pi\u0142 z\u00a0okolic Pjongjangu oko\u0142o godz. 7.50 czasu lokalnego (godz.&hellip;\n","protected":false},"author":2,"featured_media":189488,"comment_status":"","ping_status":"","sticky":false,"template":"","format":"standard","meta":{"footnotes":""},"categories":[14],"tags":[32,33,27,34,35,28,31,25,40,41,80,29,30,26,82,83,84],"class_list":{"0":"post-189487","1":"post","2":"type-post","3":"status-publish","4":"format-standard","5":"has-post-thumbnail","7":"category-swiat","8":"tag-breaking-news","9":"tag-breakingnews","10":"tag-headlines","11":"tag-latest-news","12":"tag-latestnews","13":"tag-naglowki","14":"tag-najwazniejsze-artykuly","15":"tag-news","16":"tag-polish","17":"tag-polski","18":"tag-swiat","19":"tag-top-stories","20":"tag-topstories","21":"tag-wiadomosci","22":"tag-world","23":"tag-world-news","24":"tag-worldnews"},"share_on_mastodon":{"url":"https:\/\/pubeurope.com\/@pl\/115846899549674548","error":""},"_links":{"self":[{"href":"https:\/\/www.europesays.com\/pl\/wp-json\/wp\/v2\/posts\/189487","targetHints":{"allow":["GET"]}}],"collection":[{"href":"https:\/\/www.europesays.com\/pl\/wp-json\/wp\/v2\/posts"}],"about":[{"href":"https:\/\/www.europesays.com\/pl\/wp-json\/wp\/v2\/types\/post"}],"author":[{"embeddable":true,"href":"https:\/\/www.europesays.com\/pl\/wp-json\/wp\/v2\/users\/2"}],"replies":[{"embeddable":true,"href":"https:\/\/www.europesays.com\/pl\/wp-json\/wp\/v2\/comments?post=189487"}],"version-history":[{"count":0,"href":"https:\/\/www.europesays.com\/pl\/wp-json\/wp\/v2\/posts\/189487\/revisions"}],"wp:featuredmedia":[{"embeddable":true,"href":"https:\/\/www.europesays.com\/pl\/wp-json\/wp\/v2\/media\/189488"}],"wp:attachment":[{"href":"https:\/\/www.europesays.com\/pl\/wp-json\/wp\/v2\/media?parent=189487"}],"wp:term":[{"taxonomy":"category","embeddable":true,"href":"https:\/\/www.europesays.com\/pl\/wp-json\/wp\/v2\/categories?post=189487"},{"taxonomy":"post_tag","embeddable":true,"href":"https:\/\/www.europesays.com\/pl\/wp-json\/wp\/v2\/tags?post=189487"}],"curies":[{"name":"wp","href":"https:\/\/api.w.org\/{rel}","templated":true}]}}