{"id":189521,"date":"2026-01-06T07:36:08","date_gmt":"2026-01-06T07:36:08","guid":{"rendered":"https:\/\/www.europesays.com\/pl\/189521\/"},"modified":"2026-01-06T07:36:08","modified_gmt":"2026-01-06T07:36:08","slug":"firmy-naftowe-dostana-zwrot-kosztow","status":"publish","type":"post","link":"https:\/\/www.europesays.com\/pl\/189521\/","title":{"rendered":"firmy naftowe dostan\u0105 zwrot koszt\u00f3w"},"content":{"rendered":"<p>Donald Trump zapowiedzia\u0142 w\u00a0wywiadzie dla telewizji NBC, \u017ce ameryka\u0144skie firmy naftowe, kt\u00f3re zainwestuj\u0105 w\u00a0odbudow\u0119 sektora naftowego Wenezueli, otrzymaj\u0105 rekompensat\u0119 za wniesiony wk\u0142ad. Przekonywa\u0142, \u017ce rewitalizacj\u0119 bran\u017cy da si\u0119 przeprowadzi\u0107 w\u00a0mniej ni\u017c 18 miesi\u0119cy.<\/p>\n<p>&#8211; Trzeba b\u0119dzie wyda\u0107 ogromne pieni\u0105dze i\u00a0firmy naftowe je wydadz\u0105, a\u00a0potem otrzymaj\u0105 zwrot pieni\u0119dzy od nas albo z\u00a0przychod\u00f3w \u2013\u00a0powiedzia\u0142 Trump. Zapewni\u0142, \u017ce do rozbudowy obecnych zdolno\u015bci wydobywczych mo\u017ce doj\u015b\u0107 w\u00a0mniej ni\u017c 18 miesi\u0119cy. Trump przyzna\u0142, \u017ce jeszcze przed interwencj\u0105 rozmawia\u0142 z\u00a0przedstawicielami koncern\u00f3w, pytaj\u0105c ich, czy byliby ch\u0119tni do powrotu do Wenezueli.<\/p>\n<p>Kilka miesi\u0119cy temu m\u00f3wili o\u00a0kurniku. Zapytali\u015bmy w\u00a0Wilanowie o\u00a0Dino <\/p>\n<p>Prezydent USA ponownie stwierdzi\u0142, \u017ce to on w\u00a0praktyce rz\u0105dzi teraz Wenezuel\u0105. Zapewnia\u0142 te\u017c, \u017ce wykluczenie z\u00a0procesu przyw\u00f3dczyni opozycji Marii Coriny Machado nie ma nic wsp\u00f3lnego z\u00a0tym, \u017ce to ona otrzyma\u0142a pokojow\u0105 Nagrod\u0119 Nobla, a\u00a0nie on. Doda\u0142 jednak, \u017ce nie powinna otrzyma\u0107 tej nagrody. Trump podkre\u015bli\u0142, \u017ce sekretarz stanu Marco Rubio ma dobre relacje z\u00a0nast\u0119pczyni\u0105 Maduro Delcy Rodriguez.<\/p>\n<p>W poniedzia\u0142ek w\u00a0Zgromadzeniu Narodowym, czyli wenezuelskim parlamencie, wiceprezydentka Delcy Rodriguez zosta\u0142a oficjalnie zaprzysi\u0119\u017cona na p.o. prezydenta po schwytaniu i\u00a0wywiezieniu z\u00a0kraju dotychczasowego przyw\u00f3dcy Nicolasa Maduro przez si\u0142y ameryka\u0144skie.<\/p>\n<p>Na ulice Caracas w\u00a0poniedzia\u0142ek wysz\u0142y tymczasem setki zwolennik\u00f3w Maduro. Nie\u015bli wenezuelskie flagi i\u00a0banery ze sloganami poparcia dla obalonego przyw\u00f3dcy \u2013\u00a0poda\u0142a stacja CNN, przypominaj\u0105c, \u017ce wenezuelski rz\u0105d regularnie organizowa\u0142 demonstracje, by pokaza\u0107 rzekome poparcie spo\u0142eczne dla swoich dzia\u0142a\u0144.<\/p>\n","protected":false},"excerpt":{"rendered":"Donald Trump zapowiedzia\u0142 w\u00a0wywiadzie dla telewizji NBC, \u017ce ameryka\u0144skie firmy naftowe, kt\u00f3re zainwestuj\u0105 w\u00a0odbudow\u0119 sektora naftowego Wenezueli, otrzymaj\u0105&hellip;\n","protected":false},"author":2,"featured_media":189522,"comment_status":"","ping_status":"","sticky":false,"template":"","format":"standard","meta":{"footnotes":""},"categories":[14],"tags":[32,33,27,34,35,28,31,25,40,41,80,29,30,26,82,83,84],"class_list":{"0":"post-189521","1":"post","2":"type-post","3":"status-publish","4":"format-standard","5":"has-post-thumbnail","7":"category-swiat","8":"tag-breaking-news","9":"tag-breakingnews","10":"tag-headlines","11":"tag-latest-news","12":"tag-latestnews","13":"tag-naglowki","14":"tag-najwazniejsze-artykuly","15":"tag-news","16":"tag-polish","17":"tag-polski","18":"tag-swiat","19":"tag-top-stories","20":"tag-topstories","21":"tag-wiadomosci","22":"tag-world","23":"tag-world-news","24":"tag-worldnews"},"share_on_mastodon":{"url":"https:\/\/pubeurope.com\/@pl\/115847009524553172","error":""},"_links":{"self":[{"href":"https:\/\/www.europesays.com\/pl\/wp-json\/wp\/v2\/posts\/189521","targetHints":{"allow":["GET"]}}],"collection":[{"href":"https:\/\/www.europesays.com\/pl\/wp-json\/wp\/v2\/posts"}],"about":[{"href":"https:\/\/www.europesays.com\/pl\/wp-json\/wp\/v2\/types\/post"}],"author":[{"embeddable":true,"href":"https:\/\/www.europesays.com\/pl\/wp-json\/wp\/v2\/users\/2"}],"replies":[{"embeddable":true,"href":"https:\/\/www.europesays.com\/pl\/wp-json\/wp\/v2\/comments?post=189521"}],"version-history":[{"count":0,"href":"https:\/\/www.europesays.com\/pl\/wp-json\/wp\/v2\/posts\/189521\/revisions"}],"wp:featuredmedia":[{"embeddable":true,"href":"https:\/\/www.europesays.com\/pl\/wp-json\/wp\/v2\/media\/189522"}],"wp:attachment":[{"href":"https:\/\/www.europesays.com\/pl\/wp-json\/wp\/v2\/media?parent=189521"}],"wp:term":[{"taxonomy":"category","embeddable":true,"href":"https:\/\/www.europesays.com\/pl\/wp-json\/wp\/v2\/categories?post=189521"},{"taxonomy":"post_tag","embeddable":true,"href":"https:\/\/www.europesays.com\/pl\/wp-json\/wp\/v2\/tags?post=189521"}],"curies":[{"name":"wp","href":"https:\/\/api.w.org\/{rel}","templated":true}]}}