{"id":189551,"date":"2026-01-06T07:57:05","date_gmt":"2026-01-06T07:57:05","guid":{"rendered":"https:\/\/www.europesays.com\/pl\/189551\/"},"modified":"2026-01-06T07:57:05","modified_gmt":"2026-01-06T07:57:05","slug":"27-szefow-panstw-i-rzadow-oczekiwanych-na-spotkaniu-koalicji-chetnych-w-paryzu","status":"publish","type":"post","link":"https:\/\/www.europesays.com\/pl\/189551\/","title":{"rendered":"27 szef\u00f3w pa\u0144stw i rz\u0105d\u00f3w oczekiwanych na spotkaniu &#8222;koalicji ch\u0119tnych&#8221; w Pary\u017cu"},"content":{"rendered":"<ul class=\"UnorderedList_container__nmfSl\">\n<li class=\"UnorderedList_listElement__Py7xi\" data-id=\"ai-summary-link\">Du\u017co czytania, a ma\u0142o czasu? Sprawd\u017a\u00a0skr\u00f3t\u00a0artyku\u0142u<\/li>\n<\/ul>\n<p class=\"Paragraph_desktopParagraph__U31Gm\">\u2014 Nasz\u0105 ambicj\u0105 jest zademonstrowanie jutro, \u017ce praca nad zbli\u017ceniem stanowisk zosta\u0142a uko\u0144czona \u2014 powiedzia\u0142 przedstawiciel Pa\u0142acu Elizejskiego i prezydenta Emmanuela Macrona. \u2014 Mo\u017cemy z przekonaniem powiedzie\u0107, \u017ce kraje europejskie z &#8222;koalicji ch\u0119tnych&#8221; i Amerykanie wiedz\u0105, jak da\u0107 Ukrainie gwarancje bezpiecze\u0144stwa, gdy rozpocznie si\u0119 rozejm, negocjacje pokojowe \u2014 doda\u0142 doradca.<\/p>\n<p class=\"VideoPlayerText_videoPlayerText__iDwyz\">Dalszy ci\u0105g materia\u0142u pod wideo<\/p>\n<ul class=\"OchatFollowUps_wrapper__1ry7X\">\n<li class=\"OchatFollowUps_item__Dhyly OchatFollowUps_itemDesktop__R6aBv\">Kto reprezentuje Polsk\u0119 na szczycie w Pary\u017cu?<\/li>\n<li class=\"OchatFollowUps_item__Dhyly OchatFollowUps_itemDesktop__R6aBv\">Jaka jest g\u0142\u00f3wna agenda spotkania koalicji ch\u0119tnych?<\/li>\n<li class=\"OchatFollowUps_item__Dhyly OchatFollowUps_itemDesktop__R6aBv\">Ilu lider\u00f3w pa\u0144stw i rz\u0105d\u00f3w b\u0119dzie obecnych na szczycie?<\/li>\n<li class=\"OchatFollowUps_item__Dhyly OchatFollowUps_itemDesktop__R6aBv\">Jakie tematy b\u0119d\u0105 omawiane podczas szczytu w Pary\u017cu?<\/li>\n<\/ul>\n<p>Szczyt &#8222;koalicji ch\u0119tnych&#8221; w Pary\u017cu. Wa\u017cna rola Donalda Tuska <\/p>\n<p class=\"Paragraph_desktopParagraph__U31Gm\">Spotkaniu b\u0119d\u0105 przewodniczy\u0107: prezydent Francji Emmanuel Macron i premier Wielkiej Brytanii Keir Starmer. Oczekiwani s\u0105 reprezentanci \u0142\u0105cznie 35 kraj\u00f3w, a szefowie 27 pa\u0144stw i rz\u0105d\u00f3w przyb\u0119d\u0105 g\u0142\u00f3wnie z kraj\u00f3w europejskich. Bia\u0142y Dom poinformowa\u0142, \u017ce obecni b\u0119d\u0105 przedstawiciele prezydenta USA Donalda Trumpa: Steve Witkoff i Jared Kushner. Jeszcze przed szczytem Macron spotka si\u0119 z premierem Kanady Markiem Carney&#8217;em i nast\u0119pnie z prezydentem Ukrainy Wo\u0142odymyrem Ze\u0142enskim.<\/p>\n<p class=\"Paragraph_desktopParagraph__U31Gm\">Pa\u0142ac Elizejski zapowiedzia\u0142 w poniedzia\u0142ek, \u017ce uczestnicy szczytu powinni podj\u0105\u0107 zobowi\u0105zania w sprawie wsp\u00f3lnej wizji zasad przysz\u0142ego rozejmu w wojnie prowadzonej przez Rosj\u0119 przeciwko Ukrainie, a tak\u017ce reakcji w razie jego naruszenia. B\u0119d\u0105 te\u017c omawia\u0107 zasady rozmieszczenia przysz\u0142ych si\u0142 mi\u0119dzynarodowych. Nie nale\u017cy oczekiwa\u0107 jednak, \u017ce znane b\u0119d\u0105 szczeg\u00f3\u0142y na temat tych si\u0142 (ich liczebno\u015b\u0107 b\u0105d\u017a wk\u0142ad poszczeg\u00f3lnych pa\u0144stw).<\/p>\n<p class=\"Paragraph_desktopParagraph__U31Gm\">Prezydent Macron spotka si\u0119 w czwartek z przewodnicz\u0105cymi obu izb parlamentu Francji i szefami frakcji parlamentarnych, by rozmawia\u0107 z nimi na temat Ukrainy i przysz\u0142ych gwarancji bezpiecze\u0144stwa.<\/p>\n<p class=\"Paragraph_desktopParagraph__U31Gm\">Wtorkowy szczyt jest kolejnym z szeregu spotka\u0144 po\u015bwi\u0119conych Ukrainie. W sobot\u0119 w Kijowie obradowali doradcy ds. bezpiecze\u0144stwa kraj\u00f3w wspieraj\u0105cych Ukrain\u0119. Ze\u0142enski zapowiedzia\u0142 po nim, \u017ce rozmowy b\u0119d\u0105 kontynuowane w Pary\u017cu, a fina\u0142em tego procesu ma by\u0107 spotkanie w USA, r\u00f3wnie\u017c na poziomie g\u0142\u00f3w pa\u0144stw. Ukrai\u0144ski prezydent zaznaczy\u0142, \u017ce chce, by seri\u0119 konsultacji uda\u0142o si\u0119 zako\u0144czy\u0107 do ko\u0144ca stycznia.<\/p>\n","protected":false},"excerpt":{"rendered":"Du\u017co czytania, a ma\u0142o czasu? Sprawd\u017a\u00a0skr\u00f3t\u00a0artyku\u0142u \u2014 Nasz\u0105 ambicj\u0105 jest zademonstrowanie jutro, \u017ce praca nad zbli\u017ceniem stanowisk zosta\u0142a&hellip;\n","protected":false},"author":2,"featured_media":189552,"comment_status":"","ping_status":"","sticky":false,"template":"","format":"standard","meta":{"footnotes":""},"categories":[14],"tags":[32,33,58,339,1670,27,67,64,1107,34,35,28,31,53,25,52,68,51,15099,1672,55,40,41,62,47,80,29,30,390,65,50,26,912,309,82,83,84],"class_list":{"0":"post-189551","1":"post","2":"type-post","3":"status-publish","4":"format-standard","5":"has-post-thumbnail","7":"category-swiat","8":"tag-breaking-news","9":"tag-breakingnews","10":"tag-donald_trump_prezydent_usa","11":"tag-emmanuel_macron_francuski_prezydent","12":"tag-francja_francuz_francuzka_francuzi","13":"tag-headlines","14":"tag-intextvideo_splayer","15":"tag-inwazja_rosji_na_ukraine_2014_","16":"tag-kijow_miasto","17":"tag-latest-news","18":"tag-latestnews","19":"tag-naglowki","20":"tag-najwazniejsze-artykuly","21":"tag-new_header","22":"tag-news","23":"tag-onet3","24":"tag-onet3d","25":"tag-onet3d_2i","26":"tag-palac_elizejski","27":"tag-paryz_miasto","28":"tag-phx","29":"tag-polish","30":"tag-polski","31":"tag-rosja_kraj_rosjanin_rosjanie_rosjanka_rosjanki","32":"tag-screening_general","33":"tag-swiat","34":"tag-top-stories","35":"tag-topstories","36":"tag-ukraina_ukrainiec_ukrainka_ukraincy_ukrainki","37":"tag-update_me","38":"tag-v2021","39":"tag-wiadomosci","40":"tag-wojna_wojny_konflikt_zbrojny_konflikty_zbrojne","41":"tag-wolodymyr_zelenski","42":"tag-world","43":"tag-world-news","44":"tag-worldnews"},"share_on_mastodon":{"url":"","error":"Validation failed: Text character limit of 500 exceeded"},"_links":{"self":[{"href":"https:\/\/www.europesays.com\/pl\/wp-json\/wp\/v2\/posts\/189551","targetHints":{"allow":["GET"]}}],"collection":[{"href":"https:\/\/www.europesays.com\/pl\/wp-json\/wp\/v2\/posts"}],"about":[{"href":"https:\/\/www.europesays.com\/pl\/wp-json\/wp\/v2\/types\/post"}],"author":[{"embeddable":true,"href":"https:\/\/www.europesays.com\/pl\/wp-json\/wp\/v2\/users\/2"}],"replies":[{"embeddable":true,"href":"https:\/\/www.europesays.com\/pl\/wp-json\/wp\/v2\/comments?post=189551"}],"version-history":[{"count":0,"href":"https:\/\/www.europesays.com\/pl\/wp-json\/wp\/v2\/posts\/189551\/revisions"}],"wp:featuredmedia":[{"embeddable":true,"href":"https:\/\/www.europesays.com\/pl\/wp-json\/wp\/v2\/media\/189552"}],"wp:attachment":[{"href":"https:\/\/www.europesays.com\/pl\/wp-json\/wp\/v2\/media?parent=189551"}],"wp:term":[{"taxonomy":"category","embeddable":true,"href":"https:\/\/www.europesays.com\/pl\/wp-json\/wp\/v2\/categories?post=189551"},{"taxonomy":"post_tag","embeddable":true,"href":"https:\/\/www.europesays.com\/pl\/wp-json\/wp\/v2\/tags?post=189551"}],"curies":[{"name":"wp","href":"https:\/\/api.w.org\/{rel}","templated":true}]}}