{"id":189785,"date":"2026-01-06T10:34:11","date_gmt":"2026-01-06T10:34:11","guid":{"rendered":"https:\/\/www.europesays.com\/pl\/189785\/"},"modified":"2026-01-06T10:34:11","modified_gmt":"2026-01-06T10:34:11","slug":"rekord-sabalenki-ale-co-potem-jest-reakcja-wta-komunikat-ws-swiatek","status":"publish","type":"post","link":"https:\/\/www.europesays.com\/pl\/189785\/","title":{"rendered":"Rekord Sabalenki, ale co potem. Jest reakcja WTA. Komunikat ws. \u015awi\u0105tek"},"content":{"rendered":"<p class=\"typography ids-typeset-body ids-typeset-body--preset-large link paragraph ids-paragraph ids-paragraph--default\">W nocy z poniedzia\u0142ku na wtorek czasu polskiego Bia\u0142orusinka przyst\u0105pi\u0142a tak\u017ce do rywalizacji singlowej w turnieju WTA 500 w Brisbane. Jej rywalk\u0105 w drugiej rundzie zmaga\u0144 by\u0142a 50. rakieta \u015bwiata Cristina Bucsa, dla kt\u00f3rej by\u0142a to niezwykle bolesna potyczka.<\/p>\n<blockquote role=\"blockquote\" class=\"quote ids-quote ids-quote--nosurface--short--medium\"><p>M\u00f3j serwis dzia\u0142a\u0142 bardzo dobrze. Rozegra\u0142am kilka akcji serw plus wolej. Jestem wi\u0119c niezwykle szcz\u0119\u015bliwa z mojego poziomu gry. Ciesz\u0119 si\u0119, \u017ce tu wr\u00f3ci\u0142ampowiedzia\u0142a po meczu zadowolona z siebie Aryna Sabalenka<\/p><\/blockquote>\n<p class=\"typography ids-typeset-body ids-typeset-body--preset-large link paragraph ids-paragraph ids-paragraph--default\">Pierwszy singlowy triumf numeru jeden odnotowa\u0142 potem portal WTA, wspominaj\u0105c o najwa\u017cniejszych w\u0105tkach, a tak\u017ce&#8230; Idze \u015awi\u0105tek.<\/p>\n<p>Aryna Sabalenka ogra\u0142a Cristin\u0119 Bucs\u0119. WTA reaguje<\/p>\n<p class=\"typography ids-typeset-body ids-typeset-body--preset-large link paragraph ids-paragraph ids-paragraph--default\">Organizacja zarz\u0105dzaj\u0105ca kobiecym tenisem odnotowa\u0142a przede wszystkim, \u017ce efektowna wygrana Aryny Sabalenki pozwoli\u0142a jej wyr\u00f3wna\u0107 personalny rekord.<\/p>\n<blockquote role=\"blockquote\" class=\"quote ids-quote ids-quote--nosurface--short--medium\"><p>We wtorek na Pat Rafter Arenie zawodniczka numer 1 na \u015bwiecie zainaugurowa\u0142a sw\u00f3j sezon singlowy, pokonuj\u0105c Cristin\u0119 Bucs\u0119 w przekonuj\u0105cy spos\u00f3b. Sabalenka ogra\u0142a Hiszpank\u0119 6:0, 6:1 w zaledwie 47 minut i awansowa\u0142a do trzeciej rundy, wyr\u00f3wnuj\u0105c rekord swojej najszybszej wygranej w karierzeprzekaza\u0142a WTA<\/p><\/blockquote>\n<p class=\"typography ids-typeset-body ids-typeset-body--preset-large link paragraph ids-paragraph ids-paragraph--default\">W oficjalnym komunikacie zaznaczono tak\u017ce, \u017ce kapitalne wej\u015bcie w sezon Bia\u0142orusinki to ju\u017c w zasadzie norma.<\/p>\n<p class=\"typography ids-typeset-body ids-typeset-body--preset-large link paragraph ids-paragraph ids-paragraph--default\">&#8211; Dominacja Sabalenki przy otwarciu sezonu sta\u0142a si\u0119 trendem. Jej zwyci\u0119stwo nad Bucs\u0105 by\u0142o czwartym z rz\u0119du triumfem w meczach otwarcia. Co wi\u0119cej, Bia\u0142orusinka ma w nich bilans 8:1 w dziewi\u0119ciu ostatnich sezonach w cyklu WTA. To r\u00f3wnie\u017c trzeci rok z rz\u0119du, w kt\u00f3rym zaserwowa\u0142a rywalce tenisowego &#8222;bajgla&#8221; w premierowym spotkaniu &#8211; czytamy.<\/p>\n<p class=\"typography ids-typeset-body ids-typeset-body--preset-large link paragraph ids-paragraph ids-paragraph--default\">Na koniec pad\u0142y tak\u017ce s\u0142owa dotycz\u0105ce Igi \u015awi\u0105tek.<\/p>\n<p class=\"typography ids-typeset-body ids-typeset-body--preset-large link paragraph ids-paragraph ids-paragraph--default\">&#8211; Sabalenka rozpoczyna sezon jako numer jeden na \u015bwiecie po raz drugi z rz\u0119du, z du\u017cymi oczekiwaniami po tym, jak w 2025 roku utrzymywa\u0142a si\u0119 na szczycie rankingu od pocz\u0105tku do ko\u0144ca. 27-latka zaliczy\u0142a jeden z najbardziej kompletnych sezon\u00f3w w swojej karierze, wygrywaj\u0105c cztery tytu\u0142y, w tym US Open i dwa turnieje WTA 1000 w Miami i Madrycie, a tak\u017ce docieraj\u0105c do dziewi\u0119ciu fina\u0142\u00f3w. (&#8230;) Pomimo du\u017cej liczby punkt\u00f3w, kt\u00f3re musi broni\u0107, aby utrzyma\u0107 koron\u0119, rozpoczyna rok 2026 z przewag\u0105 ponad 2300 punkt\u00f3w nad drug\u0105 najlepsz\u0105 zawodniczk\u0105 \u015bwiata Ig\u0105 \u015awi\u0105tek\u00a0&#8211; og\u0142asza WTA.<\/p>\n<p>Iga \u015awi\u0105tek: To by\u0142 dla nas bardzo pozytywny dzie\u0144. WIDEOPolsat SportPolsat Sport<\/p>\n<p><img decoding=\"async\" class=\"ids-image-holder__img\" loading=\"lazy\" alt=\"Iga \u015awi\u0105tek\" title=\"Iga \u015awi\u0105tek\" width=\"5160\" height=\"3440\" src=\"https:\/\/www.europesays.com\/pl\/wp-content\/uploads\/2026\/01\/000L4DLF9FDKQ35G-C323-F4.webp.webp\"\/><\/p>\n<p>Iga \u015awi\u0105tekANNE-CHRISTINE POUJOULATAFP<\/p>\n<p><img decoding=\"async\" class=\"ids-image-holder__img\" loading=\"lazy\" alt=\"Iga \u015awi\u0105tek, Aryna Sabalenka\" title=\"Iga \u015awi\u0105tek, Aryna Sabalenka\" width=\"3000\" height=\"2000\" src=\"https:\/\/www.europesays.com\/pl\/wp-content\/uploads\/2026\/01\/000K95KSKGJEETYB-C323-F4.webp.webp\"\/><\/p>\n<p>Iga \u015awi\u0105tek, Aryna SabalenkaLUKE HALES \/ GETTY IMAGES NORTH AMERICA \/ Getty Images via AFP \/ WANG Zhao \/ AFPAFP<\/p>\n<p><img decoding=\"async\" class=\"ids-image-holder__img\" loading=\"lazy\" alt=\"Iga \u015awi\u0105tek i Aryna Sabalenka - do niedawna dwie czo\u0142owe tenisistki rankingu WTA\" title=\"Iga \u015awi\u0105tek i Aryna Sabalenka - do niedawna dwie czo\u0142owe tenisistki rankingu WTA\" width=\"2048\" height=\"1459\" src=\"https:\/\/www.europesays.com\/pl\/wp-content\/uploads\/2026\/01\/000L2MD3APRPBCVE-C323-F4.webp.webp\"\/><\/p>\n<p>Iga \u015awi\u0105tek i Aryna Sabalenka &#8211; do niedawna dwie czo\u0142owe tenisistki rankingu WTAFoto Olimpik \/ NurPhoto \/ NurPhoto via AFP      \/         PIERO CRUCIATTI \/ AFPAFP<\/p>\n<p><a class=\"ids-undecorated-link source ids-page-info--source__link\" href=\"https:\/\/www.interia.pl\" rel=\"nofollow noopener\" target=\"_blank\"><img decoding=\"async\" class=\"ids-image-holder__img\" loading=\"lazy\" alt=\"\" title=\"\" height=\"24px\" src=\"https:\/\/www.europesays.com\/pl\/wp-content\/uploads\/2026\/01\/1767480799_462_0009A60QQ5I2TYF7-C202-F4.webp.webp\"\/><\/a><\/p>\n<p>Masz sugestie, uwagi albo widzisz b\u0142\u0105d? Napisz do nas<\/p>\n","protected":false},"excerpt":{"rendered":"W nocy z poniedzia\u0142ku na wtorek czasu polskiego Bia\u0142orusinka przyst\u0105pi\u0142a tak\u017ce do rywalizacji singlowej w turnieju WTA 500&hellip;\n","protected":false},"author":2,"featured_media":189786,"comment_status":"","ping_status":"","sticky":false,"template":"","format":"standard","meta":{"footnotes":""},"categories":[24],"tags":[42,38,40,39,41,127,126],"class_list":{"0":"post-189785","1":"post","2":"type-post","3":"status-publish","4":"format-standard","5":"has-post-thumbnail","7":"category-sport","8":"tag-pl","9":"tag-poland","10":"tag-polish","11":"tag-polska","12":"tag-polski","13":"tag-sport","14":"tag-sports"},"share_on_mastodon":{"url":"https:\/\/pubeurope.com\/@pl\/115847709651305727","error":""},"_links":{"self":[{"href":"https:\/\/www.europesays.com\/pl\/wp-json\/wp\/v2\/posts\/189785","targetHints":{"allow":["GET"]}}],"collection":[{"href":"https:\/\/www.europesays.com\/pl\/wp-json\/wp\/v2\/posts"}],"about":[{"href":"https:\/\/www.europesays.com\/pl\/wp-json\/wp\/v2\/types\/post"}],"author":[{"embeddable":true,"href":"https:\/\/www.europesays.com\/pl\/wp-json\/wp\/v2\/users\/2"}],"replies":[{"embeddable":true,"href":"https:\/\/www.europesays.com\/pl\/wp-json\/wp\/v2\/comments?post=189785"}],"version-history":[{"count":0,"href":"https:\/\/www.europesays.com\/pl\/wp-json\/wp\/v2\/posts\/189785\/revisions"}],"wp:featuredmedia":[{"embeddable":true,"href":"https:\/\/www.europesays.com\/pl\/wp-json\/wp\/v2\/media\/189786"}],"wp:attachment":[{"href":"https:\/\/www.europesays.com\/pl\/wp-json\/wp\/v2\/media?parent=189785"}],"wp:term":[{"taxonomy":"category","embeddable":true,"href":"https:\/\/www.europesays.com\/pl\/wp-json\/wp\/v2\/categories?post=189785"},{"taxonomy":"post_tag","embeddable":true,"href":"https:\/\/www.europesays.com\/pl\/wp-json\/wp\/v2\/tags?post=189785"}],"curies":[{"name":"wp","href":"https:\/\/api.w.org\/{rel}","templated":true}]}}