{"id":189815,"date":"2026-01-06T10:56:09","date_gmt":"2026-01-06T10:56:09","guid":{"rendered":"https:\/\/www.europesays.com\/pl\/189815\/"},"modified":"2026-01-06T10:56:09","modified_gmt":"2026-01-06T10:56:09","slug":"barbara-kurdej-szatan-w-szoku-po-tym-co-ja-spotkalo-wyrzucaja-nas-ze-sklepu","status":"publish","type":"post","link":"https:\/\/www.europesays.com\/pl\/189815\/","title":{"rendered":"Barbara Kurdej-Szatan w szoku po tym, co j\u0105 spotka\u0142o. &#8222;Wyrzucaj\u0105 nas ze sklepu&#8221;"},"content":{"rendered":"<p class=\"Paragraph_desktopParagraph__U31Gm\"><a href=\"https:\/\/plejada.pl\/temat\/barbara-kurdej-szatan\/q6xlqp9\" id=\"84fe2c5e-b278-4abf-bb7b-783527fc7975\" rel=\"nofollow noopener\" target=\"_blank\">Barbara Kurdej-Szatan<\/a> od lat utrzymuje si\u0119 w czo\u0142\u00f3wce polskiego show-biznesu. Popularno\u015b\u0107 przynios\u0142a jej rola Asi w serialu &#8222;M jak mi\u0142o\u015b\u0107&#8221;, a p\u00f3\u017aniej aktorka pojawia\u0142a si\u0119 w wielu innych produkcjach telewizyjnych i teatralnych. Prowadzi\u0142a r\u00f3wnie\u017c teleturnieje, takie jak &#8222;Kocham ci\u0119, Polsko!&#8221;. Obecnie skupia si\u0119 na urz\u0105dzaniu domu w Hiszpanii, kt\u00f3ry kupi\u0142a razem z m\u0119\u017cem Rafa\u0142em Szatanem. Wraz z synem Henrykiem sp\u0119dzaj\u0105 czas w s\u0142onecznym klimacie, jednak ostatnio spotka\u0142a ich nieprzyjemna niespodzianka podczas wizyty w sklepie budowlanym.<\/p>\n<ul class=\"OchatFollowUps_wrapper__1ry7X\">\n<li class=\"OchatFollowUps_item__Dhyly OchatFollowUps_itemDesktop__R6aBv\">Co si\u0119 sta\u0142o z Barbar\u0105 Kurdej-Szatan w sklepie?<\/li>\n<li class=\"OchatFollowUps_item__Dhyly OchatFollowUps_itemDesktop__R6aBv\">Dlaczego Barbara Kurdej-Szatan musia\u0142a opu\u015bci\u0107 sklep?<\/li>\n<li class=\"OchatFollowUps_item__Dhyly OchatFollowUps_itemDesktop__R6aBv\">W jakim kraju przebywa Barbara Kurdej-Szatan?<\/li>\n<li class=\"OchatFollowUps_item__Dhyly OchatFollowUps_itemDesktop__R6aBv\">Jakie warunki atmosferyczne wp\u0142yn\u0119\u0142y na zamkni\u0119cie sklepu?<\/li>\n<\/ul>\n<p>Dramat Barbary Kurdej-Szatan. Wyrzucili j\u0105 ze sklepu w Hiszpanii <\/p>\n<p class=\"Paragraph_desktopParagraph__U31Gm\">Aktorka, aktywna w mediach spo\u0142eczno\u015bciowych, szczeg\u00f3lnie na Instagramie, gdzie jej profil \u015bledzi ponad milion os\u00f3b, regularnie dzieli si\u0119 z fanami zar\u00f3wno zawodowymi, jak i prywatnymi prze\u017cyciami. Ostatnio coraz cz\u0119\u015bciej publikuje tre\u015bci zwi\u0105zane z \u017cyciem w Hiszpanii. W lipcu ub.r. Barbara Kurdej-Szatan zdecydowa\u0142a si\u0119 na zakup nieruchomo\u015bci za granic\u0105, a od tego czasu relacjonuje post\u0119py w urz\u0105dzaniu wn\u0119trz. Tym razem podzieli\u0142a si\u0119 jednak zaskakuj\u0105c\u0105 histori\u0105 \u2014 podczas zakup\u00f3w w sklepie z materia\u0142ami budowlanymi zosta\u0142a nagle poproszona o opuszczenie lokalu.<\/p>\n<blockquote>\n<p class=\"Paragraph_desktopParagraph__U31Gm\">S\u0142uchajcie, wyrzucaj\u0105 nas ze sklepu<\/p>\n<\/blockquote>\n<p class=\"Paragraph_desktopParagraph__U31Gm\">\u2014 zdziwiona m\u00f3wi\u0142a na InstaStories.<\/p>\n<p class=\"Paragraph_desktopParagraph__U31Gm\">W dalszej cz\u0119\u015bci relacji aktorka wyja\u015bni\u0142a, \u017ce powodem zamkni\u0119cia sklepu by\u0142y trudne warunki atmosferyczne.<\/p>\n<blockquote>\n<p class=\"Paragraph_desktopParagraph__U31Gm\">Wyrzucaj\u0105 nas ze sklepu, bo pada deszcz. Serio, zamykaj\u0105 sklep, bo s\u0105 ci\u0119\u017ckie warunki pogodowe, wi\u0119c zamykaj\u0105 sklep. I wszyscy musz\u0105 jecha\u0107 do domu ostro\u017cnie, bo pada intensywny deszcz<\/p>\n<\/blockquote>\n<p class=\"Paragraph_desktopParagraph__U31Gm\">\u2014 opowiada\u0142a.<\/p>\n<p class=\"Paragraph_desktopParagraph__U31Gm\">W kolejnej cz\u0119\u015bci podzieli\u0142a si\u0119 swoj\u0105 refleksj\u0105 i nawi\u0105za\u0142a do rodzimego kraju. &#8222;My Polacy jeste\u015bmy tak pracowici, s\u0142uchajcie, w por\u00f3wnaniu do innych kraj\u00f3w&#8221; \u2014 skwitowa\u0142a.<\/p>\n<p><img decoding=\"async\" class=\"Image_image__0tuHp Image_autoHeight__f2n87 \" height=\"587\" width=\"440\" src=\"https:\/\/www.europesays.com\/pl\/wp-content\/uploads\/2026\/01\/3Wyk9kpTURBXy8yYzM1MmYwMGI5ZjFkNGJiZWZiZmMyYWY5YmM2YTM1My5qcGeSlQLNA6wAwsOVAgDNAkvCw94AA6EwAaExAaEzw.jpeg\" alt=\"Rafa\u0142 Szatan, Barbara Kurdej-Szatan\" loading=\"lazy\" \/>instagram.com\/kurdejszatan<\/p>\n<p>Rafa\u0142 Szatan, Barbara Kurdej-Szatan<\/p>\n<p class=\"Paragraph_desktopParagraph__U31Gm\">Dzi\u0119kujemy, \u017ce przeczyta\u0142a\u015b\/e\u015b nasz artyku\u0142 do ko\u0144ca. W serwisie Plejada.pl ka\u017cdego dnia piszemy o najwa\u017cniejszych wydarzeniach show-biznesowych. B\u0105d\u017a na bie\u017c\u0105co! <a rel=\"nofollow noopener\" href=\"https:\/\/profile.google.com\/cp\/Cg0vZy8xMWJ6X19wdHBx\" id=\"9476d202-249b-48b2-992a-e5dadf5fb2f8\" target=\"_blank\">Obserwuj<\/a> Plejad\u0119 w Wiadomo\u015bciach Google. Odwied\u017a nas tak\u017ce na <a rel=\"nofollow noopener\" href=\"https:\/\/www.facebook.com\/plejadapl\" id=\"4ad0c0d4-7ab8-4a94-aa67-4395cda9ae50\" target=\"_blank\">Facebooku<\/a>, <a rel=\"nofollow noopener\" href=\"https:\/\/www.instagram.com\/plejadapl\/\" id=\"d6bf153a-ca78-4691-bb9a-3061f21370f3\" target=\"_blank\">Instagramie<\/a>, <a rel=\"nofollow noopener\" href=\"https:\/\/www.youtube.com\/c\/plejada\" id=\"e8c72d63-95e2-4de0-bbc8-75b0e29acba9\" target=\"_blank\">YouTube<\/a> oraz <a rel=\"nofollow noopener\" href=\"https:\/\/www.tiktok.com\/@plejada_pl\" id=\"c119d411-f715-424c-99d5-6ed6d6628148\" target=\"_blank\">TikToku<\/a>.<\/p>\n<p class=\"Paragraph_desktopParagraph__U31Gm\">Chcesz podzieli\u0107 si\u0119 ciekawym newsem lub zaproponowa\u0107 temat? Skontaktuj si\u0119 z nami, pisz\u0105c e-maila na adres: <a href=\"https:\/\/www.onet.pl\/styl-zycia\/plejada\/barbara-kurdej-szatan-w-szoku-po-tym-co-ja-spotkalo-wyrzucaja-nas-ze-sklepu\/mailto:plejada@redakcjaonet.pl\" id=\"1b2415be-da73-46f8-8715-6dc42a4e82d2\" rel=\"nofollow noopener\" target=\"_blank\">plejada@redakcjaonet.pl<\/a>.<\/p>\n<p><script async src=\"\/\/www.instagram.com\/embed.js\"><\/script><script async src=\"\/\/www.tiktok.com\/embed.js\"><\/script><\/p>\n","protected":false},"excerpt":{"rendered":"Barbara Kurdej-Szatan od lat utrzymuje si\u0119 w czo\u0142\u00f3wce polskiego show-biznesu. Popularno\u015b\u0107 przynios\u0142a jej rola Asi w serialu &#8222;M&hellip;\n","protected":false},"author":2,"featured_media":189816,"comment_status":"","ping_status":"","sticky":false,"template":"","format":"standard","meta":{"footnotes":""},"categories":[22],"tags":[15921,15901,244,122,5361,67,261,53,52,68,51,55,42,38,40,39,41,123,47,65,50],"class_list":{"0":"post-189815","1":"post","2":"type-post","3":"status-publish","4":"format-standard","5":"has-post-thumbnail","7":"category-rozrywka","8":"tag-barbara_kurdej_szatan","9":"tag-barbara_kurdej_szatan_aktorka","10":"tag-ctr_tst","11":"tag-entertainment","12":"tag-hiszpania_kraj","13":"tag-intextvideo_splayer","14":"tag-kultura","15":"tag-new_header","16":"tag-onet3","17":"tag-onet3d","18":"tag-onet3d_2i","19":"tag-phx","20":"tag-pl","21":"tag-poland","22":"tag-polish","23":"tag-polska","24":"tag-polski","25":"tag-rozrywka","26":"tag-screening_general","27":"tag-update_me","28":"tag-v2021"},"share_on_mastodon":{"url":"https:\/\/pubeurope.com\/@pl\/115847796129069462","error":""},"_links":{"self":[{"href":"https:\/\/www.europesays.com\/pl\/wp-json\/wp\/v2\/posts\/189815","targetHints":{"allow":["GET"]}}],"collection":[{"href":"https:\/\/www.europesays.com\/pl\/wp-json\/wp\/v2\/posts"}],"about":[{"href":"https:\/\/www.europesays.com\/pl\/wp-json\/wp\/v2\/types\/post"}],"author":[{"embeddable":true,"href":"https:\/\/www.europesays.com\/pl\/wp-json\/wp\/v2\/users\/2"}],"replies":[{"embeddable":true,"href":"https:\/\/www.europesays.com\/pl\/wp-json\/wp\/v2\/comments?post=189815"}],"version-history":[{"count":0,"href":"https:\/\/www.europesays.com\/pl\/wp-json\/wp\/v2\/posts\/189815\/revisions"}],"wp:featuredmedia":[{"embeddable":true,"href":"https:\/\/www.europesays.com\/pl\/wp-json\/wp\/v2\/media\/189816"}],"wp:attachment":[{"href":"https:\/\/www.europesays.com\/pl\/wp-json\/wp\/v2\/media?parent=189815"}],"wp:term":[{"taxonomy":"category","embeddable":true,"href":"https:\/\/www.europesays.com\/pl\/wp-json\/wp\/v2\/categories?post=189815"},{"taxonomy":"post_tag","embeddable":true,"href":"https:\/\/www.europesays.com\/pl\/wp-json\/wp\/v2\/tags?post=189815"}],"curies":[{"name":"wp","href":"https:\/\/api.w.org\/{rel}","templated":true}]}}