{"id":190275,"date":"2026-01-06T16:01:09","date_gmt":"2026-01-06T16:01:09","guid":{"rendered":"https:\/\/www.europesays.com\/pl\/190275\/"},"modified":"2026-01-06T16:01:09","modified_gmt":"2026-01-06T16:01:09","slug":"kolejki-karetek-przed-sor-em-w-legnicy-ratownicy-czekaja-po-kilka-godzin-2","status":"publish","type":"post","link":"https:\/\/www.europesays.com\/pl\/190275\/","title":{"rendered":"Kolejki karetek przed SOR-em w Legnicy. Ratownicy czekaj\u0105 po kilka godzin"},"content":{"rendered":"<p class=\"ods-c-paragraph \">O zjawisku TVN24 poinformowa\u0142 jeden z pracownik\u00f3w medycznych z woj. dolno\u015bl\u0105skiego. Wskaza\u0142 on, \u017ce w Legnicy zaburzona zosta\u0142a p\u0142ynno\u015b\u0107 ruchu karetek. Powodem ma by\u0107 zator przed Szpitalnym Oddzia\u0142em Ratunkowym Wojew\u00f3dzkiego Szpitala Specjalistycznego w Legnicy, kt\u00f3ry utrzymuje si\u0119 od kilku dni.<\/p>\n<p>Dalszy ci\u0105g artyku\u0142u pod materia\u0142em wideo<\/p>\n<p> Jak d\u0142ugo karetki czekaj\u0105 przed SOR-em w Legnicy? <\/p>\n<p> Jakie s\u0105 przyczyny kolejek karetek w Legnicy? <\/p>\n<p> Co m\u00f3wi dyrektor szpitala o braku miejsc? <\/p>\n<p> Kiedy zako\u0144czono remont Szpitalnego Oddzia\u0142u Ratunkowego? <\/p>\n<p>  Sznur karetek przed SOR-em. Ratownicy czekaj\u0105 po kilka godzin<\/p>\n<p class=\"ods-c-paragraph \">Informator TVN24 przekaza\u0142, \u017ce karetki stoj\u0105 po kilka godzin przed SOR-em, oczekuj\u0105c na przyj\u0119cie. Problem pojawi\u0107 si\u0119 mia\u0142 ju\u017c w nowym roku. M\u0119\u017cczyzna podkre\u015bli\u0142, \u017ce sprawa by\u0142a ju\u017c zgaszana dyrekcji szpitala, ale &#8222;niewiele zosta\u0142o zrobione&#8221;. \u2014 To blokowanie karetek, kt\u00f3re mo\u017cna by wys\u0142a\u0107 do ludzi, kt\u00f3rzy wymagaj\u0105 pomocy, a te stoj\u0105 w kolejce. W zwyk\u0142y dzie\u0144 lub w innym SOR-ze karetki oczekuj\u0105 maksymalnie do 30 min na przyj\u0119cie pacjenta \u2014 m\u00f3wi\u0142 w rozmowie z serwisem.<\/p>\n<p class=\"ods-c-paragraph \">TVN24 rozmawia\u0142 w Legnicy z jednym z ratownik\u00f3w medycznych, kt\u00f3ry potwierdzi\u0142, \u017ce wyst\u0119puj\u0105 znacz\u0105ce op\u00f3\u017anienia w przyjmowaniu pacjent\u00f3w. Plac\u00f3wka ma informowa\u0107 o braku rzekomym miejsc.<\/p>\n<p class=\"ods-c-paragraph \">Rozm\u00f3wca serwisu zauwa\u017ca, \u017ce kilkugodzinne kolejki pojawi\u0142y si\u0119 po tym, jak otwarty zosta\u0142 nowy SOR. Od tej pory karetki niemal codziennie czekaj\u0105 po kilka godzin. Remont SOR-u zako\u0144czy\u0142 si\u0119 we wrze\u015bniu ub. r.<\/p>\n<p>   W szpitalu brakuje miejsc?<\/p>\n<p class=\"ods-c-paragraph \">O t\u0119 spraw\u0119 stacja spyta\u0142a tak\u017ce dyrektora Wojew\u00f3dzkiego Szpitala Specjalistycznego w Legnicy Macieja Leszkowicza. Lekarz podkre\u015bli\u0142, \u017ce nie wyst\u0119puj\u0105 braki w personelu. Zwr\u00f3ci\u0142 uwag\u0119, \u017ce w plac\u00f3wce leczone jest bardzo du\u017co pacjent\u00f3w, kt\u00f3rzy sp\u0142ywaj\u0105 z innych miejscowo\u015bci, gdzie braknie miejsc. Leszkowicz przekaza\u0142, \u017ce o sprawie powiadomione zosta\u0142y s\u0142u\u017cby wojewody i Urz\u0119du Marsza\u0142kowskiego. \u2014 Po prostu nie mamy wi\u0119cej miejsc, nie mamy gdzie tych pacjent\u00f3w przyjmowa\u0107 \u2014 zaznaczy\u0142 w rozmowie z TVN24.<\/p>\n<p class=\"ods-c-paragraph \">O sprawie poinformowane zosta\u0142y w\u0142adze wojew\u00f3dztwa, kt\u00f3re obserwuj\u0105 sytuacje ju\u017c od kilku tygodni. Informacje dotar\u0142y tak\u017ce do Wydzia\u0142u Zdrowia Dolno\u015bl\u0105skiego Urz\u0119du Wojew\u00f3dzkiego oraz Wojew\u00f3dzkiego Koordynatora Ratownictwa Medycznego.<\/p>\n","protected":false},"excerpt":{"rendered":"O zjawisku TVN24 poinformowa\u0142 jeden z pracownik\u00f3w medycznych z woj. dolno\u015bl\u0105skiego. Wskaza\u0142 on, \u017ce w Legnicy zaburzona zosta\u0142a&hellip;\n","protected":false},"author":2,"featured_media":190276,"comment_status":"","ping_status":"","sticky":false,"template":"","format":"standard","meta":{"footnotes":""},"categories":[12],"tags":[37085,32,33,36,37,27,25956,34,35,9159,28,31,48,25,46,42,10529,38,40,39,41,47,20427,11479,29,30,26,1853,23569],"class_list":{"0":"post-190275","1":"post","2":"type-post","3":"status-publish","4":"format-standard","5":"has-post-thumbnail","7":"category-polska","8":"tag-ambulans","9":"tag-breaking-news","10":"tag-breakingnews","11":"tag-featured-news","12":"tag-featurednews","13":"tag-headlines","14":"tag-karetka_pogotowia","15":"tag-latest-news","16":"tag-latestnews","17":"tag-legnica","18":"tag-naglowki","19":"tag-najwazniejsze-artykuly","20":"tag-nat_styl","21":"tag-news","22":"tag-omp","23":"tag-pl","24":"tag-pogotowie_ratunkowe","25":"tag-poland","26":"tag-polish","27":"tag-polska","28":"tag-polski","29":"tag-screening_general","30":"tag-sluzba_zdrowia","31":"tag-sor","32":"tag-top-stories","33":"tag-topstories","34":"tag-wiadomosci","35":"tag-wroclaw","36":"tag-zator"},"share_on_mastodon":{"url":"https:\/\/pubeurope.com\/@pl\/115848995325674748","error":""},"_links":{"self":[{"href":"https:\/\/www.europesays.com\/pl\/wp-json\/wp\/v2\/posts\/190275","targetHints":{"allow":["GET"]}}],"collection":[{"href":"https:\/\/www.europesays.com\/pl\/wp-json\/wp\/v2\/posts"}],"about":[{"href":"https:\/\/www.europesays.com\/pl\/wp-json\/wp\/v2\/types\/post"}],"author":[{"embeddable":true,"href":"https:\/\/www.europesays.com\/pl\/wp-json\/wp\/v2\/users\/2"}],"replies":[{"embeddable":true,"href":"https:\/\/www.europesays.com\/pl\/wp-json\/wp\/v2\/comments?post=190275"}],"version-history":[{"count":0,"href":"https:\/\/www.europesays.com\/pl\/wp-json\/wp\/v2\/posts\/190275\/revisions"}],"wp:featuredmedia":[{"embeddable":true,"href":"https:\/\/www.europesays.com\/pl\/wp-json\/wp\/v2\/media\/190276"}],"wp:attachment":[{"href":"https:\/\/www.europesays.com\/pl\/wp-json\/wp\/v2\/media?parent=190275"}],"wp:term":[{"taxonomy":"category","embeddable":true,"href":"https:\/\/www.europesays.com\/pl\/wp-json\/wp\/v2\/categories?post=190275"},{"taxonomy":"post_tag","embeddable":true,"href":"https:\/\/www.europesays.com\/pl\/wp-json\/wp\/v2\/tags?post=190275"}],"curies":[{"name":"wp","href":"https:\/\/api.w.org\/{rel}","templated":true}]}}