{"id":190298,"date":"2026-01-06T16:16:18","date_gmt":"2026-01-06T16:16:18","guid":{"rendered":"https:\/\/www.europesays.com\/pl\/190298\/"},"modified":"2026-01-06T16:16:18","modified_gmt":"2026-01-06T16:16:18","slug":"znamy-godzine-drugiego-meczu-igi-swiatek-i-huberta-hurkacza-w-united-cup-przeglad-sportowy-onet","status":"publish","type":"post","link":"https:\/\/www.europesays.com\/pl\/190298\/","title":{"rendered":"Znamy godzin\u0119 drugiego meczu Igi \u015awi\u0105tek i Huberta Hurkacza w United Cup! &#8211; Przegl\u0105d Sportowy Onet"},"content":{"rendered":"<ol>\n<li><a href=\"https:\/\/news.google.com\/rss\/articles\/CBMiuwFBVV95cUxOOTFWZHhYV2VPX1VOU2Z1TEU2Uk5STTlqZkN3anYwbUdkc2pCX0h1dFp0SUo0Qi1NODMzVTM1TFM4RW1qRnpJN0ZIRTJnTkk4LTFLUlowN2x5dHJyd3lYWWt2T19JXy1hOWtuLU1tSTRkRTQ0MkZWOVhWN2dsYTBPZURrTmhPaXdJb0czb0hPdkdsX3J1bjAwZEJnWm1LRVllaV81NFRaRVhPVVh3RjFzMzNtajROWEdCWm1B?oc=5\" target=\"_blank\" rel=\"nofollow noopener\">Znamy godzin\u0119 drugiego meczu Igi \u015awi\u0105tek i Huberta Hurkacza w United Cup!<\/a>&nbsp;&nbsp;Przegl\u0105d Sportowy Onet<\/li>\n<li><a href=\"https:\/\/news.google.com\/rss\/articles\/CBMiqgFBVV95cUxObW90X2haQ1ZZN2FZM2hpeE9yUWIyUXpNVnZDeTJSWFFlWkh3LVVDeDhoZG5zeGFQMnhIUVJVOWhoY3NWRlFoNkI4RTZCSEJFMlRqYjdJMkF3WDlTM1JRUF9fVWgtV3FGMFJxSWRHYUI0OHpudVAxbm1jQVkwLUNoQ3NwWVNNZzdud0ZiOGwzTW5sRzdyT08yRmgwX0Fyd2c4U2ZlamRNVjBNQQ?oc=5\" target=\"_blank\" rel=\"nofollow noopener\">Fibak reaguje na to, co zrobi\u0142 Hurkacz. 'By\u0142em przera\u017cony&#8217; Tenis<\/a>&nbsp;&nbsp;Sport.pl<\/li>\n<li><a href=\"https:\/\/news.google.com\/rss\/articles\/CBMiuwFBVV95cUxPN21BVWZ0YWhMOHVTa0VwMzducVBrMV8yMXktRU1xUTY0azZLTVhTb2RtZmNGUnZoRTFHRDFSYnVrejM3STdoNkR1azhvdVVyMTdITXdYOXRvaVpMMmlvbjNJdDRfLWlVZENBZjVIX3dwX2tHbG9Qd19ja0J2MzNHaFo2VVpKQ0R1bnlFNm1pbXJ0LXF2UFpQVS1keVMwYzJmdE9xQS1BeUxJaHc2M0lhX1RITWxNaUlPRnlF?oc=5\" target=\"_blank\" rel=\"nofollow noopener\">Gdzie obejrze\u0107 Iga \u015awi\u0105tek &#8211; Suzan Lamens? O kt\u00f3rej dzisiaj mecz? Transmisja<\/a>&nbsp;&nbsp;Przegl\u0105d Sportowy Onet<\/li>\n<li><a href=\"https:\/\/news.google.com\/rss\/articles\/CBMitAFBVV95cUxNcU1IRzBITDZDRDJnT1FkSkFTN25JNUl3WjhNZW9pYTdVSUlOM3VOa0FtRFpHVF8zeU5EZGp0T3dCS2F0bktPbjdTU2Z1T2VDbkdIakVJUVBrMU80TFRIU2FtejVzOGlYT3VxQ2VBam9FVjEzemljZUV6X082c1dpekt3RUJUaVBHWHZzM0ZKYkZ1TG13NVRZQkZhcnZTSXBGUzdLQ3VFUzRZTkZybklwbld0UTA?oc=5\" target=\"_blank\" rel=\"nofollow noopener\">Publiczna wiadomo\u015b\u0107 z Sydney od \u015awi\u0105tek i Hurkacza. Wsp\u00f3lnie og\u0142aszaj\u0105<\/a>&nbsp;&nbsp;Sport w INTERIA.PL<\/li>\n<li><a href=\"https:\/\/news.google.com\/rss\/articles\/CBMiqgFBVV95cUxObTNfUWk0TzVGQ2pMSUZUcWlOckM2Q1pHeTd6TXNkNWFqLXZVbkpXUVhvVlFWNzZUTGZjYTU0NUFqdmpVU2ZSdDR5RTJvc19rTUtLNHAxdGd4NnR4QzZPZFBaWm01a1AyWWVXUUtrTC1iWnJqc2Rha0haWWJKc0hjVWJjeHB0TjJjb1otSnJvcUlZWTRZeld3QTd0Z2hseVhWOVFib2hXMHZKdw?oc=5\" target=\"_blank\" rel=\"nofollow noopener\">Hurkacz i \u015awi\u0105tek zn\u00f3w w akcji. Rywale ju\u017c czekaj\u0105 w \u0107wier\u0107finale<\/a>&nbsp;&nbsp;SportoweFakty<\/li>\n<\/ol>\n","protected":false},"excerpt":{"rendered":"Znamy godzin\u0119 drugiego meczu Igi \u015awi\u0105tek i Huberta Hurkacza w United Cup!&nbsp;&nbsp;Przegl\u0105d Sportowy Onet Fibak reaguje na to,&hellip;\n","protected":false},"author":2,"featured_media":190299,"comment_status":"","ping_status":"","sticky":false,"template":"","format":"standard","meta":{"footnotes":"","_share_on_mastodon":"0"},"categories":[5],"tags":[14966,32,33,6654,36,37,27,1786,5999,252,67,34,35,194,28,31,25,295,42,38,40,39,41,136,128,47,135,37272,37273,156,29,30,13444,26,130],"class_list":["post-190298","post","type-post","status-publish","format-standard","has-post-thumbnail","category-naglowki","tag-alexander_zverev","tag-breaking-news","tag-breakingnews","tag-eva_lys","tag-featured-news","tag-featurednews","tag-headlines","tag-holandia","tag-hubert_hurkacz","tag-iga_swiatek","tag-intextvideo_splayer","tag-latest-news","tag-latestnews","tag-maja","tag-naglowki","tag-najwazniejsze-artykuly","tag-news","tag-niemcy","tag-pl","tag-poland","tag-polish","tag-polska","tag-polski","tag-ps_detal_new","tag-psv2","tag-screening_general","tag-sport_sport","tag-suzan_lamens","tag-tallon_griekspoor","tag-tenis","tag-top-stories","tag-topstories","tag-united_cup","tag-wiadomosci","tag-wiadomosci_sportowe"],"share_on_mastodon":{"url":"","error":"Validation failed: Text character limit of 500 exceeded"},"_links":{"self":[{"href":"https:\/\/www.europesays.com\/pl\/wp-json\/wp\/v2\/posts\/190298","targetHints":{"allow":["GET"]}}],"collection":[{"href":"https:\/\/www.europesays.com\/pl\/wp-json\/wp\/v2\/posts"}],"about":[{"href":"https:\/\/www.europesays.com\/pl\/wp-json\/wp\/v2\/types\/post"}],"author":[{"embeddable":true,"href":"https:\/\/www.europesays.com\/pl\/wp-json\/wp\/v2\/users\/2"}],"replies":[{"embeddable":true,"href":"https:\/\/www.europesays.com\/pl\/wp-json\/wp\/v2\/comments?post=190298"}],"version-history":[{"count":0,"href":"https:\/\/www.europesays.com\/pl\/wp-json\/wp\/v2\/posts\/190298\/revisions"}],"wp:featuredmedia":[{"embeddable":true,"href":"https:\/\/www.europesays.com\/pl\/wp-json\/wp\/v2\/media\/190299"}],"wp:attachment":[{"href":"https:\/\/www.europesays.com\/pl\/wp-json\/wp\/v2\/media?parent=190298"}],"wp:term":[{"taxonomy":"category","embeddable":true,"href":"https:\/\/www.europesays.com\/pl\/wp-json\/wp\/v2\/categories?post=190298"},{"taxonomy":"post_tag","embeddable":true,"href":"https:\/\/www.europesays.com\/pl\/wp-json\/wp\/v2\/tags?post=190298"}],"curies":[{"name":"wp","href":"https:\/\/api.w.org\/{rel}","templated":true}]}}