{"id":190312,"date":"2026-01-06T16:30:07","date_gmt":"2026-01-06T16:30:07","guid":{"rendered":"https:\/\/www.europesays.com\/pl\/190312\/"},"modified":"2026-01-06T16:30:07","modified_gmt":"2026-01-06T16:30:07","slug":"kto-chce-kupic-inpost-brytyjskie-media-dotarly-do-informacji","status":"publish","type":"post","link":"https:\/\/www.europesays.com\/pl\/190312\/","title":{"rendered":"Kto chce kupi\u0107 InPost? Brytyjskie media dotar\u0142y do informacji"},"content":{"rendered":"<p data-section=\"detail-body\">InPost poinformowa\u0142 we wtorek o otrzymaniu wst\u0119pnej propozycji przej\u0119cia wszystkich akcji sp\u00f3\u0142ki. Firma nie podawa\u0142a jednak, kto jest zainteresowany akcjami.<\/p>\n<p class=\"article_p\" data-section=\"detail-body\">Dalsza cz\u0119\u015b\u0107 artyku\u0142u pod materia\u0142em wideo<\/p>\n<p>        Kto chce kupi\u0107 InPost?<\/p>\n<p class=\"article_p\" data-section=\"detail-body\">Sky News podaje natomiast, \u017ce mowa o funduszu Advent International, kt\u00f3ry zainwestowa\u0142 w InPost w 2017 r., a nast\u0119pnie sprzeda\u0142 cz\u0119\u015b\u0107 swoich udzia\u0142\u00f3w czeskiej firmie inwestycyjnej PPF.<\/p>\n<p class=\"article_p\" data-section=\"detail-body\">Wed\u0142ug brytyjskich medi\u00f3w Advent International mo\u017ce liczy\u0107 na wsp\u00f3\u0142prac\u0119 z innymi du\u017cymi akcjonariuszami sp\u00f3\u0142ki. \u0179r\u00f3d\u0142a bankowe spekuluj\u0105, \u017ce PPF r\u00f3wnie\u017c mo\u017ce wzi\u0105\u0107 udzia\u0142 w ewentualnej ofercie przej\u0119cia.<\/p>\n<p class=\"article_p\" data-section=\"detail-body\">W reakcji na te doniesienia kurs akcji InPostu wzr\u00f3s\u0142 o ok. 20 proc., osi\u0105gaj\u0105c kapitalizacj\u0119 rynkow\u0105 na poziomie 5,8 mld euro. Mimo tego wzrostu warto\u015b\u0107 akcji sp\u00f3\u0142ki w ostatnim roku spad\u0142a o blisko jedn\u0105 pi\u0105t\u0105.<\/p>\n<p class=\"article_p\" data-section=\"detail-body\">Zobacz tak\u017ce: <a href=\"https:\/\/businessinsider.com.pl\/gielda\/co-czeka-inpost-i-rafala-brzoske-analityk-wskazuje-mozliwosci\/sl74jlp\" id=\"4dd3ee9b-d7e2-4f5d-a9ad-451228cab1ce\" rel=\"nofollow noopener\" target=\"_blank\">Ekspert m\u00f3wi o finansowej przysz\u0142o\u015bci Rafa\u0142a Brzoski<\/a><\/p>\n<p>        InPost \u2014 struktura akcjonariatu<\/p>\n<p class=\"article_p\" data-section=\"detail-body\">G\u0142\u00f3wne udzia\u0142y w InPost posiadaj\u0105:<\/p>\n<ul class=\"article_ul\">\n<li class=\"article_ul_li\">PPF Group (28,75 proc.), wehiku\u0142 inwestycyjny Rafa\u0142a Brzoski A&amp;R Investments (12,49 proc.),<\/li>\n<li class=\"article_ul_li\">Advent International Corporation (10,98 proc.)<\/li>\n<li class=\"article_ul_li\">GIC Private Limited (5,05 proc.).<\/li>\n<\/ul>\n<p class=\"article_p\" data-section=\"detail-body\">Poni\u017cej progu 5 proc. znajduj\u0105 si\u0119 m.in. pakiety akcji nale\u017c\u0105ce do polskich funduszy inwestycyjnych.<\/p>\n<p class=\"article_p\" data-section=\"detail-body\">Zobacz tak\u017ce: <a href=\"https:\/\/businessinsider.com.pl\/wiadomosci\/tajemniczy-oferent-chce-przejac-akcje-inpostu-tak-zaczynal-logistyczny-gigant\/3stf4yl\" id=\"bea13169-48a9-4b18-8e0b-f6f8982e42ab\" rel=\"nofollow noopener\" target=\"_blank\">Tajemniczy oferent chce przej\u0105\u0107 biznes &#8222;kr\u00f3la paczkomat\u00f3w&#8221;. Tak zaczyna\u0142 za\u0142o\u017cyciel InPostu<\/a><\/p>\n","protected":false},"excerpt":{"rendered":"InPost poinformowa\u0142 we wtorek o otrzymaniu wst\u0119pnej propozycji przej\u0119cia wszystkich akcji sp\u00f3\u0142ki. Firma nie podawa\u0142a jednak, kto jest&hellip;\n","protected":false},"author":2,"featured_media":190313,"comment_status":"","ping_status":"","sticky":false,"template":"","format":"standard","meta":{"footnotes":""},"categories":[5],"tags":[32,33,36,37,27,34,35,28,31,25,42,38,40,39,41,29,30,26],"class_list":{"0":"post-190312","1":"post","2":"type-post","3":"status-publish","4":"format-standard","5":"has-post-thumbnail","7":"category-naglowki","8":"tag-breaking-news","9":"tag-breakingnews","10":"tag-featured-news","11":"tag-featurednews","12":"tag-headlines","13":"tag-latest-news","14":"tag-latestnews","15":"tag-naglowki","16":"tag-najwazniejsze-artykuly","17":"tag-news","18":"tag-pl","19":"tag-poland","20":"tag-polish","21":"tag-polska","22":"tag-polski","23":"tag-top-stories","24":"tag-topstories","25":"tag-wiadomosci"},"share_on_mastodon":{"url":"https:\/\/pubeurope.com\/@pl\/115849109390506387","error":""},"_links":{"self":[{"href":"https:\/\/www.europesays.com\/pl\/wp-json\/wp\/v2\/posts\/190312","targetHints":{"allow":["GET"]}}],"collection":[{"href":"https:\/\/www.europesays.com\/pl\/wp-json\/wp\/v2\/posts"}],"about":[{"href":"https:\/\/www.europesays.com\/pl\/wp-json\/wp\/v2\/types\/post"}],"author":[{"embeddable":true,"href":"https:\/\/www.europesays.com\/pl\/wp-json\/wp\/v2\/users\/2"}],"replies":[{"embeddable":true,"href":"https:\/\/www.europesays.com\/pl\/wp-json\/wp\/v2\/comments?post=190312"}],"version-history":[{"count":0,"href":"https:\/\/www.europesays.com\/pl\/wp-json\/wp\/v2\/posts\/190312\/revisions"}],"wp:featuredmedia":[{"embeddable":true,"href":"https:\/\/www.europesays.com\/pl\/wp-json\/wp\/v2\/media\/190313"}],"wp:attachment":[{"href":"https:\/\/www.europesays.com\/pl\/wp-json\/wp\/v2\/media?parent=190312"}],"wp:term":[{"taxonomy":"category","embeddable":true,"href":"https:\/\/www.europesays.com\/pl\/wp-json\/wp\/v2\/categories?post=190312"},{"taxonomy":"post_tag","embeddable":true,"href":"https:\/\/www.europesays.com\/pl\/wp-json\/wp\/v2\/tags?post=190312"}],"curies":[{"name":"wp","href":"https:\/\/api.w.org\/{rel}","templated":true}]}}