{"id":190314,"date":"2026-01-06T16:31:03","date_gmt":"2026-01-06T16:31:03","guid":{"rendered":"https:\/\/www.europesays.com\/pl\/190314\/"},"modified":"2026-01-06T16:31:03","modified_gmt":"2026-01-06T16:31:03","slug":"mial-byc-wielki-pojedynek-sensacyjna-decyzja-anthonyego-joshuy-po-wypadku-przeglad-sportowy-onet","status":"publish","type":"post","link":"https:\/\/www.europesays.com\/pl\/190314\/","title":{"rendered":"Mia\u0142 by\u0107 wielki pojedynek. Sensacyjna decyzja Anthony&#039;ego Joshuy po wypadku! &#8211; Przegl\u0105d Sportowy Onet"},"content":{"rendered":"<ol>\n<li><a href=\"https:\/\/news.google.com\/rss\/articles\/CBMiuwFBVV95cUxPOXhlLW8wbUw1WThKYWdIQUdwb1ZQTUpTSW8yZFpBTzJ6WmpoRmpDeU96Ym0tcU5xcGNib1hrbnJEeUtyMDg5ejNmV0JVXzdJZ21EbUlsLWZNTXVIay03WS1jc2Y1UFMtRTN6clJ6UklYMGpZNkQydkRBN1ZWNDUtUUw5YnNLaTNPTjZ2MERfVTVpb1NXNDBQTVNGN2t6NHBsc18yTU1PcW13Z0dWa013VjlLMW5mRTEyZnpN?oc=5\" target=\"_blank\" rel=\"nofollow noopener\">Mia\u0142 by\u0107 wielki pojedynek. Sensacyjna decyzja Anthony&#8217;ego Joshuy po wypadku!<\/a>&nbsp;&nbsp;Przegl\u0105d Sportowy Onet<\/li>\n<li><a href=\"https:\/\/news.google.com\/rss\/articles\/CBMiqAFBVV95cUxOSnN1aWQxa1lidVo0b0R2cC1mNVEtZFl6dUtFM05MenhHVk56eVJJdDk2cnJOcFdQME9VMEZtVXJIYTVBakZxSHg4b19yN3NBaDh1UkFOTTgtUDdJaUIwS0dQUFV2VlZ2d2VWeHFZejQ4RHZYcDhsaXplR1hlY25Nc0ZtcEo5b0FrdUF5aE5TMkxQVzdOR0RaOXZwTVI4aUw4WjUzaENhWWo?oc=5\" target=\"_blank\" rel=\"nofollow noopener\">Zaskakuj\u0105ce informacje ws. Joshuy po wypadku. Og\u0142osi\u0142 decyzj\u0119 bliskim<\/a>&nbsp;&nbsp;Sport w INTERIA.PL<\/li>\n<li><a href=\"https:\/\/news.google.com\/rss\/articles\/CBMiugFBVV95cUxQMERsQW9meU5QQXBzWHlGMmNFdjhPNWtnX01XSUZSQ1J0SWl2d3NSN21rSF9SM2xQVzQ2Rk1jU1NtVmhkWHk5Y3Jtb21KM2gtZjNjaGZSQWI4NzlQTkJnSWE0ODNVME01cldSWFdyV3ltbEdBRzd2aHV0NjlXU0F0VUZwV0lEdzBiWGdOOTF2aVhaQjBiZUV2c2p1RE1MSTRtZ1ltUHlvOXVRVGMtWm54QVBTWG9BUjk2ZVE?oc=5\" target=\"_blank\" rel=\"nofollow noopener\">Anthony Joshua zako\u0144czy\u0142 karier\u0119? Szokuj\u0105ca deklaracja cz\u0142onka rodziny<\/a>&nbsp;&nbsp;www.polsatsport.pl<\/li>\n<li><a href=\"https:\/\/news.google.com\/rss\/articles\/CBMixwFBVV95cUxPNDhmVnNsVmYtTDlxXzZCNXNoQzBVVXdjak1FcjZNTzA3MkozVHVjOUpaNUthay1KUnhJQTZXZTh6VHBBRlZfaU1ld1loRmZtVlFhMUpnZHpLcmJLOVpKMExBUC1wUXNfLV9YMVBfcFJ5OHZTV2NuemxHaWFNUnoyMWNBM1JzejUyb05JMFVFT2toNHdUeExOVGVoWHBKd0dBYWJwN2dhajBQbk8xLW9ZdUpmMzI3R0ttc1I0RWdxT05aVjdNMUNN?oc=5\" target=\"_blank\" rel=\"nofollow noopener\">Pierwszy wpis Joshuy po tragicznym wypadku<\/a>&nbsp;&nbsp;Eurosport Polska<\/li>\n<li><a href=\"https:\/\/news.google.com\/rss\/articles\/CBMipgFBVV95cUxPQ0pDV00wSXF6SmJfY2kyd09BcjF3b2FLTWZXWlNCZWZwZlRoSnNYcmgwS1JyUnVFV05DQkx1ZExqa2QtODEwMFd2X1JlSlJqeE1FaWJ3ZnMwU3FOYjNyUkNXVTZCSlBMY1lQbUpjcUJxNlZFVHZ6UEFUU3Q5ZUpZQ2tYX09vZU5UVXN6MWxITGJGR1FTc2JfUTFvLUdJRmk0cE9ySGZB?oc=5\" target=\"_blank\" rel=\"nofollow noopener\">Sensacyjne wie\u015bci ws. Joshuy<\/a>&nbsp;&nbsp;SportoweFakty<\/li>\n<\/ol>\n","protected":false},"excerpt":{"rendered":"Mia\u0142 by\u0107 wielki pojedynek. Sensacyjna decyzja Anthony&#8217;ego Joshuy po wypadku!&nbsp;&nbsp;Przegl\u0105d Sportowy Onet Zaskakuj\u0105ce informacje ws. Joshuy po wypadku.&hellip;\n","protected":false},"author":2,"featured_media":190315,"comment_status":"","ping_status":"","sticky":false,"template":"","format":"standard","meta":{"footnotes":"","_share_on_mastodon":"0"},"categories":[24],"tags":[31704,2514,67,746,42,38,40,39,41,136,128,47,127,135,126,12869,130],"class_list":["post-190314","post","type-post","status-publish","format-standard","has-post-thumbnail","category-sport","tag-anthony_joshua","tag-boks","tag-intextvideo_splayer","tag-lysy","tag-pl","tag-poland","tag-polish","tag-polska","tag-polski","tag-ps_detal_new","tag-psv2","tag-screening_general","tag-sport","tag-sport_sport","tag-sports","tag-tyson_fury","tag-wiadomosci_sportowe"],"share_on_mastodon":{"url":"https:\/\/pubeurope.com\/@pl\/115849113313635008","error":""},"_links":{"self":[{"href":"https:\/\/www.europesays.com\/pl\/wp-json\/wp\/v2\/posts\/190314","targetHints":{"allow":["GET"]}}],"collection":[{"href":"https:\/\/www.europesays.com\/pl\/wp-json\/wp\/v2\/posts"}],"about":[{"href":"https:\/\/www.europesays.com\/pl\/wp-json\/wp\/v2\/types\/post"}],"author":[{"embeddable":true,"href":"https:\/\/www.europesays.com\/pl\/wp-json\/wp\/v2\/users\/2"}],"replies":[{"embeddable":true,"href":"https:\/\/www.europesays.com\/pl\/wp-json\/wp\/v2\/comments?post=190314"}],"version-history":[{"count":0,"href":"https:\/\/www.europesays.com\/pl\/wp-json\/wp\/v2\/posts\/190314\/revisions"}],"wp:featuredmedia":[{"embeddable":true,"href":"https:\/\/www.europesays.com\/pl\/wp-json\/wp\/v2\/media\/190315"}],"wp:attachment":[{"href":"https:\/\/www.europesays.com\/pl\/wp-json\/wp\/v2\/media?parent=190314"}],"wp:term":[{"taxonomy":"category","embeddable":true,"href":"https:\/\/www.europesays.com\/pl\/wp-json\/wp\/v2\/categories?post=190314"},{"taxonomy":"post_tag","embeddable":true,"href":"https:\/\/www.europesays.com\/pl\/wp-json\/wp\/v2\/tags?post=190314"}],"curies":[{"name":"wp","href":"https:\/\/api.w.org\/{rel}","templated":true}]}}