{"id":190354,"date":"2026-01-06T16:58:08","date_gmt":"2026-01-06T16:58:08","guid":{"rendered":"https:\/\/www.europesays.com\/pl\/190354\/"},"modified":"2026-01-06T16:58:08","modified_gmt":"2026-01-06T16:58:08","slug":"smiertelne-potracenie-przez-pociag-na-podhalu-potezne-utrudnienia-na-kolei-onet","status":"publish","type":"post","link":"https:\/\/www.europesays.com\/pl\/190354\/","title":{"rendered":"\u015amiertelne potr\u0105cenie przez poci\u0105g na Podhalu. Pot\u0119\u017cne utrudnienia na kolei &#8211; Onet"},"content":{"rendered":"<ol>\n<li><a href=\"https:\/\/news.google.com\/rss\/articles\/CBMizgFBVV95cUxOcEQ0aHFjaVQyT2d1WHNKbjl3bnlVb2VheFF2d0MyYk5PVG1wbjB0SWZuLUE2bGFoT1paU25kbVJ1eTBXVzExN04tRG9BVDRVOV9tMkhucEdxUFJfQUpXS1NWLWN2Z24xa1ByQUZ0T2NKX3p5Mmc0bVQzLXBzTEh2by12NEVacXNBR2s1NUZpMWM4ODV3WWxqY3lkRVhnal9rcTZvVkFpQVJpbHJyZ2VwMkd5bkZBeEI0cS02R19wZmJ0ck1oWC1YVFdFQ0VMUQ?oc=5\" target=\"_blank\" rel=\"nofollow noopener\">\u015amiertelne potr\u0105cenie przez poci\u0105g na Podhalu. Pot\u0119\u017cne utrudnienia na kolei<\/a>&nbsp;&nbsp;Onet<\/li>\n<li><a href=\"https:\/\/news.google.com\/rss\/articles\/CBMiigFBVV95cUxPT2NPQ3RlbEJLbHJCRXhYanVZdFZzNXoyZUFtaDlUSm1YcXpnczcxb2hwU3BMWTdOQU10b1RqT3pvd0hZWDVwQTBMTUJpZ2ItY1dvVDlHQzJ0R3IxR0FmYkhJUnk3a0FyTEhpUGhiSmhQVEhueklQOUNueVB6dlpVelZXTHBDSE56ZXc?oc=5\" target=\"_blank\" rel=\"nofollow noopener\">Tragedia na stacji kolejowej. &#8222;Maszynista dawa\u0142 sygna\u0142, ale dosz\u0142o do potr\u0105cenia&#8221;<\/a>&nbsp;&nbsp;TVN24<\/li>\n<li><a href=\"https:\/\/news.google.com\/rss\/articles\/CBMiwgFBVV95cUxOLUx4YVNkQ3FVNXpjQ2FkLVpmY1dhYk92ZFBsTzdiSmZlMW5oZUVoc3ZsX3R6X1hMU1FlaC11ZU9GTWdvbDRlYTRUX0tlNGJ6RGZzcHQwTjlnSlZOTkgza3hHM2MxRFdZdUNheUhVMnlUeTZ2dVJWY0hDTEw4d2JieHgzRThEQjN1ODRvZE5fTGRuMUY3eDRNMkh5VVd0NFhlM1BEUnVoeVc0dHhkQVZURHY3Q192bXN2cVlDMEgybGU3UQ?oc=5\" target=\"_blank\" rel=\"nofollow noopener\">\u015amiertelny wypadek na torach. &#8222;Kolejowa zakopianka&#8221; zablokowana<\/a>&nbsp;&nbsp;Gazeta<\/li>\n<li><a href=\"https:\/\/news.google.com\/rss\/articles\/CBMiqgFBVV95cUxPWm5Na05xeUw3RXEwV2VkUEtVVXdRNW9uLXFIWS04NGhKb21YQWJkd254cjFuZE5TQVZnTWdhS04yNElHbFp5VnRrX2lwOU1WYkw4NGF2eGpRQ19Ha3p0OHFRN1MyblRwMll3eWhoM005YlZMRUZjMEZpazRXRFU2YTNma0ZfV2RsRkRDdHdWVTVTVHZsN0NIN1ZIcnc0NENvbDRBUHF6YkxCZw?oc=5\" target=\"_blank\" rel=\"nofollow noopener\">Tragiczny wypadek na Podhalu. S\u0105 utrudnienia na trasie kolejowej<\/a>&nbsp;&nbsp;WP Wiadomo\u015bci<\/li>\n<li><a href=\"https:\/\/news.google.com\/rss\/articles\/CBMiwwFBVV95cUxNRjN1Q3pJM3FYWUhKdkJLSDlRZG9JTFZPNHdTdE14aDJIb1lJVmFRRUFxbDFBbm5RVlY4Qm41N0ZVOVprazVpV3RqdTBCejFQVXBEa0NpVTJIeExUMEVhYV9USExwWU1ibWZ3SU13SEhlaWlDOGpkcW1xbTRGcTVlQmR1Wk1tZXh4RU1uTTRVeUc3azM3X1c3Tm9iT1BRYUVxUU84Mml3NFBkX1hnOVZldGNrVnlXZ1BNajB4ZTU2NmgtMEk?oc=5\" target=\"_blank\" rel=\"nofollow noopener\">\u015amiertelny wypadek na peronie kolejowym. Ogromne utrudnienia dla pasa\u017cer\u00f3w na po\u0142udniu Polski<\/a>&nbsp;&nbsp;Fakt<\/li>\n<\/ol>\n","protected":false},"excerpt":{"rendered":"\u015amiertelne potr\u0105cenie przez poci\u0105g na Podhalu. Pot\u0119\u017cne utrudnienia na kolei&nbsp;&nbsp;Onet Tragedia na stacji kolejowej. &#8222;Maszynista dawa\u0142 sygna\u0142, ale&hellip;\n","protected":false},"author":2,"featured_media":190355,"comment_status":"","ping_status":"","sticky":false,"template":"","format":"standard","meta":{"footnotes":""},"categories":[5],"tags":[32,33,36,37,27,67,353,34,35,28,31,53,25,52,68,51,55,42,38,40,39,41,8021,47,29,30,36026,65,50,26],"class_list":{"0":"post-190354","1":"post","2":"type-post","3":"status-publish","4":"format-standard","5":"has-post-thumbnail","7":"category-naglowki","8":"tag-breaking-news","9":"tag-breakingnews","10":"tag-featured-news","11":"tag-featurednews","12":"tag-headlines","13":"tag-intextvideo_splayer","14":"tag-kolej_koleje_pociag_pociagi_kolejnictwo","15":"tag-latest-news","16":"tag-latestnews","17":"tag-naglowki","18":"tag-najwazniejsze-artykuly","19":"tag-new_header","20":"tag-news","21":"tag-onet3","22":"tag-onet3d","23":"tag-onet3d_2i","24":"tag-phx","25":"tag-pl","26":"tag-poland","27":"tag-polish","28":"tag-polska","29":"tag-polski","30":"tag-potracenie","31":"tag-screening_general","32":"tag-top-stories","33":"tag-topstories","34":"tag-tragedie","35":"tag-update_me","36":"tag-v2021","37":"tag-wiadomosci"},"share_on_mastodon":{"url":"https:\/\/pubeurope.com\/@pl\/115849219544422638","error":""},"_links":{"self":[{"href":"https:\/\/www.europesays.com\/pl\/wp-json\/wp\/v2\/posts\/190354","targetHints":{"allow":["GET"]}}],"collection":[{"href":"https:\/\/www.europesays.com\/pl\/wp-json\/wp\/v2\/posts"}],"about":[{"href":"https:\/\/www.europesays.com\/pl\/wp-json\/wp\/v2\/types\/post"}],"author":[{"embeddable":true,"href":"https:\/\/www.europesays.com\/pl\/wp-json\/wp\/v2\/users\/2"}],"replies":[{"embeddable":true,"href":"https:\/\/www.europesays.com\/pl\/wp-json\/wp\/v2\/comments?post=190354"}],"version-history":[{"count":0,"href":"https:\/\/www.europesays.com\/pl\/wp-json\/wp\/v2\/posts\/190354\/revisions"}],"wp:featuredmedia":[{"embeddable":true,"href":"https:\/\/www.europesays.com\/pl\/wp-json\/wp\/v2\/media\/190355"}],"wp:attachment":[{"href":"https:\/\/www.europesays.com\/pl\/wp-json\/wp\/v2\/media?parent=190354"}],"wp:term":[{"taxonomy":"category","embeddable":true,"href":"https:\/\/www.europesays.com\/pl\/wp-json\/wp\/v2\/categories?post=190354"},{"taxonomy":"post_tag","embeddable":true,"href":"https:\/\/www.europesays.com\/pl\/wp-json\/wp\/v2\/tags?post=190354"}],"curies":[{"name":"wp","href":"https:\/\/api.w.org\/{rel}","templated":true}]}}