{"id":190509,"date":"2026-01-06T19:01:10","date_gmt":"2026-01-06T19:01:10","guid":{"rendered":"https:\/\/www.europesays.com\/pl\/190509\/"},"modified":"2026-01-06T19:01:10","modified_gmt":"2026-01-06T19:01:10","slug":"polacy-maja-za-duzo-pieniedzy-w-bankach-za-malo-na-gieldzie-czas-to-zmienic-opinia","status":"publish","type":"post","link":"https:\/\/www.europesays.com\/pl\/190509\/","title":{"rendered":"Polacy maj\u0105 za du\u017co pieni\u0119dzy w bankach, za ma\u0142o na gie\u0142dzie. Czas to zmieni\u0107 [OPINIA]"},"content":{"rendered":"<p><a href=\"https:\/\/opinie.wp.pl\" class=\"wp-label-opinion\" rel=\"nofollow noopener\" target=\"_blank\">opinie<\/a><\/p>\n<p>Przedstawiamy r\u00f3\u017cne punkty widzenia<\/p>\n<p>Tekst powsta\u0142 w\u00a0ramach projektu WP Opinie. Przedstawiamy w\u00a0nim zr\u00f3\u017cnicowane spojrzenia komentator\u00f3w i\u00a0lider\u00f3w opinii publicznej na kluczowe sprawy spo\u0142eczne i\u00a0polityczne.<\/p>\n<p>Na koniec pierwszego p\u00f3\u0142rocza 2025 r. warto\u015b\u0107 aktyw\u00f3w finansowych nale\u017c\u0105cych do polskich gospodarstw domowych wynios\u0142a blisko 3,6 bln z\u0142, czyli najwi\u0119cej w\u00a0historii \u2013\u00a0wynika z\u00a0wylicze\u0144 Polskiego Funduszu Rozwoju, kt\u00f3re s\u0105 dost\u0119pne w\u00a0najnowszym raporcie opracowanym na podstawie publicznie dost\u0119pnych danych (m.in. z\u00a0NBP i\u00a0Eurostatu). Polacy s\u0105 coraz bogatsi, nawet gdy uwzgl\u0119dnimy ich d\u0142ugi, otrzymuj\u0105c pozycj\u0119 &#8222;aktywa finansowe netto&#8221;, si\u0119gaj\u0105c\u0105 ponad 2,5 bln z\u0142.<\/p>\n<p>Mog\u0142oby si\u0119 wydawa\u0107, \u017ce takie dane powinny napawa\u0107 wy\u0142\u0105cznie optymizmem. To dobrze, \u017ce Polacy si\u0119 bogac\u0105 (tak\u017ce realnie, po uwzgl\u0119dnieniu inflacji), cho\u0107 oczywi\u015bcie to tylko i\u00a0a\u017c statystyczne spojrzenie z\u00a0lotu ptaka \u2013\u00a0niemal ka\u017cdy zna osoby z\u00a0trudem wi\u0105\u017c\u0105ce koniec z\u00a0ko\u0144cem, ponadto co chwil\u0119 g\u0142o\u015bno o\u00a0kolejnym raporcie na temat ub\u00f3stwa w\u00a0Polsce. Okazuje si\u0119 jednak, \u017ce nawet na poziomie makroekonomicznym w\u00a0danych o\u00a0coraz wi\u0119kszych pieni\u0105dzach Polak\u00f3w, mo\u017cna znale\u017a\u0107 istotny problem. To struktura naszych oszcz\u0119dno\u015bci. Teza &#8222;Polacy trzymaj\u0105 za du\u017co pieni\u0119dzy w\u00a0bankach&#8221; nie jest nowa, jednak zjawisko to narasta i\u00a0pojawiaj\u0105 si\u0119 pierwsze konkretne pomys\u0142y na zmian\u0119 tej sytuacji.<\/p>\n<p> <img role=\"presentation\" class=\"absolute left-1\/2 top-1\/2 max-h-[80%] max-w-[100px] -translate-x-1\/2 -translate-y-1\/2\" src=\"https:\/\/v.wpimg.pl\/ZXJfd3AudTkrBBIAbg54LGhcRlAxHQUrPgJGH2MAeGJoSQ1eIBI_K2UHAEVuBTY5KQMMXC0RPyoVERQdMgM9ejc\" loading=\"lazy\" decoding=\"async\"\/><\/p>\n<p>Kilka miesi\u0119cy temu m\u00f3wili o\u00a0kurniku. Zapytali\u015bmy w\u00a0Wilanowie o\u00a0Dino <\/p>\n<p>Pieni\u0105dze Polak\u00f3w smacznie \u015bpi\u0105 <\/p>\n<p>Wr\u00f3\u0107my do liczb. Jak podaje PFR, najwi\u0119kszy udzia\u0142 w\u00a0aktywach finansowych polskich gospodarstw domowych maj\u0105 depozyty bie\u017c\u0105ce (27,5 proc.). To nic innego jak \u015brodki le\u017c\u0105ce na zwyk\u0142ych rachunkach bankowych, kt\u00f3re mo\u017cna podj\u0105\u0107 w\u00a0ka\u017cdej chwili. Na drugim miejscu plasuj\u0105 si\u0119 pozosta\u0142e depozyty (11,6 proc.), do kt\u00f3rych zaliczy\u0107 mo\u017cna np. lokaty terminowe. Sk\u0142ad podium uzupe\u0142nia got\u00f3wka (11,5 proc.). \u0141\u0105cznie te trzy kategorie stanowi\u0105 ponad po\u0142ow\u0119 (50,6 proc.) aktyw\u00f3w finansowych polskich gospodarstw domowych.<\/p>\n<p>To du\u017co, zw\u0142aszcza na tle innych pa\u0144stw Unii Europejskiej. Si\u0119gnijmy po dane, kt\u00f3re w\u00a0ostatnich kwarta\u0142ach na swoich prezentacjach przytacza GPW. Wed\u0142ug stanu na koniec 2024 r., Polska jest na drugim miejscu w\u00a0UE pod wzgl\u0119dem udzia\u0142u got\u00f3wki i\u00a0depozyt\u00f3w w\u00a0aktywach finansowych gospodarstw domowych, za\u015b od unijnej \u015bredniej dzieli nas blisko 20 punkt\u00f3w procentowych.<\/p>\n<p> <img role=\"presentation\" class=\"absolute left-1\/2 top-1\/2 max-h-[80%] max-w-[100px] -translate-x-1\/2 -translate-y-1\/2\" src=\"https:\/\/v.wpimg.pl\/ZXJfd3AudTkrBBIAbg54LGhcRlAxHQUrPgJGH2MAeGJoSQ1eIBI_K2UHAEVuBTY5KQMMXC0RPyoVERQdMgM9ejc\" loading=\"lazy\" decoding=\"async\"\/> <a href=\"https:\/\/www.money.pl\/gospodarka\/stracimy-wplyw-na-nasza-przyszlosc-ekonomista-wskazuje-co-grozi-europie-7233533454429152a.html\" class=\"teaser-inline\" rel=\"nofollow noopener\" target=\"_blank\">  <img decoding=\"async\" src=\"https:\/\/www.europesays.com\/pl\/wp-content\/uploads\/2026\/01\/M2M1YTg4YlMsUy9nSE9vRm8Lez0OFmEQOBNjdkgFfwp9SXYyDlgoQChBNnoARjhCLEYpehdYYlM9WHYiVhspWz5BNTUeGyhfL1Q9.jpeg\" width=\"0\" height=\"0\" loading=\"lazy\" class=\"wp-media-image cropped\" alt=\"&quot;Stracimy wp\u0142yw na nasz\u0105 przysz\u0142o\u015b\u0107&quot;. Ekonomista wskazuje, co grozi Europie\"\/><\/p>\n<p>&#8222;Stracimy wp\u0142yw na nasz\u0105 przysz\u0142o\u015b\u0107&#8221;. Ekonomista wskazuje, co grozi Europie<\/p>\n<p><\/a> <\/p>\n<p>Na drugim biegunie znajduje si\u0119 Szwecja, kt\u00f3ra w\u00a0ostatnich latach stawiana jest za wz\u00f3r rozwoju rynku kapita\u0142owego dla ca\u0142ej UE. O\u00a0tym, \u017ce Europejczycy za ma\u0142o inwestuj\u0105 (w por\u00f3wnaniu np. do Amerykan\u00f3w) m\u00f3wi m.in. szeroko komentowany raport Mario Draghiego. Polacy tymczasem inwestuj\u0105 jeszcze mniej od \u015bredniej.<\/p>\n<p>Jak obudzi\u0107 prywatny kapita\u0142 <\/p>\n<p>Ministerstwo Finans\u00f3w otwarcie wzoruje si\u0119 na Szwecji. Resort na pocz\u0105tku grudnia zaprezentowa\u0142 <a href=\"https:\/\/www.money.pl\/gospodarka\/jak-dziala-osobiste-konto-inwestycyjne-to-trzeba-wiedziec-7185958494567008a.html\" rel=\"noopener noreferrer nofollow\" target=\"_blank\">projekt ustawy wprowadzaj\u0105cy Osobiste Konta Inwestycyjne, umo\u017cliwiaj\u0105ce inwestowanie do 100 tys. z\u0142 bez podatku Belki. <\/a>OKI maj\u0105 by\u0107 odpowiednikiem szwedzkich rachunk\u00f3w ISK i\u00a0sprawi\u0107, aby cz\u0119\u015b\u0107 pieni\u0119dzy ulokowanych w\u00a0bankach na niski procent pop\u0142yn\u0119\u0142a na gie\u0142d\u0119. To z\u00a0kolei ma poprawi\u0107 warunki pozyskiwania finansowania dla polskich przedsi\u0119biorstw, zw\u0142aszcza \u015brednich i\u00a0mniejszych (jak na warunki gie\u0142dowe) oraz dla innowacyjnych, kt\u00f3re nie znajd\u0105 finansowania w\u00a0bankach.<\/p>\n<p> <img role=\"presentation\" class=\"absolute left-1\/2 top-1\/2 max-h-[80%] max-w-[100px] -translate-x-1\/2 -translate-y-1\/2\" src=\"https:\/\/v.wpimg.pl\/ZXJfd3AudTkrBBIAbg54LGhcRlAxHQUrPgJGH2MAeGJoSQ1eIBI_K2UHAEVuBTY5KQMMXC0RPyoVERQdMgM9ejc\" loading=\"lazy\" decoding=\"async\"\/> <a href=\"https:\/\/www.money.pl\/gospodarka\/miliardy-ze-specjalnego-funduszu-wydane-na-zbrojenia-znamy-liczby-7239107160284128a.html\" class=\"teaser-inline\" rel=\"nofollow noopener\" target=\"_blank\">  <img decoding=\"async\" src=\"https:\/\/www.europesays.com\/pl\/wp-content\/uploads\/2026\/01\/ZDY5OTY1dSU4Vzlndkp4MHsPbT0wE3ZmLBd1dnYAaHxpTWAyMF0_NjxFIHo-Qy80OEI_eilddSUpXGAiaB4-LSpFIzUgHj8pO1Ar.jpeg\" width=\"0\" height=\"0\" loading=\"lazy\" class=\"wp-media-image cropped\" alt=\"Miliardy ze specjalnego funduszu wydane na zbrojenia. Znamy liczby\"\/><\/p>\n<p>Miliardy ze specjalnego funduszu wydane na zbrojenia. Znamy liczby<\/p>\n<p><\/a> <\/p>\n<p>Zmobilizowanie krajowego kapita\u0142u prywatnego ma pom\u00f3c w\u00a0dalszym rozwoju polskiej gospodarki, kt\u00f3ra \u2013\u00a0jak przekonuj\u0105 np. autorzy raportu &#8222;Nowy model rozwoju Polski&#8221; zam\u00f3wionego przez Fundacj\u0119 Przyjazny Kraj \u2013\u00a0zbli\u017ca si\u0119 ku wyczerpaniu mo\u017cliwo\u015bci oferowanych przez obecny model, oparty bardziej o\u00a0imitacj\u0119 ni\u017c o\u00a0wytwarzanie innowacji w\u00a0kraju. W\u00a0zmianie tego stanu rzeczy pom\u00f3c mo\u017ce m.in. przesuni\u0119cie cz\u0119\u015bci prywatnego kapita\u0142u na gie\u0142d\u0119.<\/p>\n<blockquote><p>Je\u017celi celem polskiej polityki gospodarczej ma by\u0107 wzmacnianie polskiego kapita\u0142u, to nale\u017cy jasno spo\u0142ecze\u0144stwu komunikowa\u0107, \u017ce los przysz\u0142ych emeryt\u00f3w b\u0119dzie zwi\u0105zany z\u00a0losem przedsi\u0119biorstw, a\u00a0nie \u0142ask\u0105 finansow\u0105 pa\u0144stwa&#8221;\u00a0czytamy we wspomnianym raporcie.<\/p><\/blockquote>\n<p> <img role=\"presentation\" class=\"absolute left-1\/2 top-1\/2 max-h-[80%] max-w-[100px] -translate-x-1\/2 -translate-y-1\/2\" src=\"https:\/\/v.wpimg.pl\/ZXJfd3AudTkrBBIAbg54LGhcRlAxHQUrPgJGH2MAeGJoSQ1eIBI_K2UHAEVuBTY5KQMMXC0RPyoVERQdMgM9ejc\" loading=\"lazy\" decoding=\"async\"\/> <\/p>\n<p>Ci\u0119\u017car tego zdania jest tym wi\u0119kszy, im bardziej u\u015bwiadomimy sobie, \u017ce przed bud\u017cetem i\u00a0tak stoj\u0105 powa\u017cne wyzwania (obronno\u015b\u0107, energetyka, infrastruktura itp.), za\u015b banki w\u00a0naturalny spos\u00f3b nie s\u0105 skore do finansowania innowacyjnych, a\u00a0przez to ryzykownych przedsi\u0119wzi\u0119\u0107. Z\u00a0kolei kapita\u0142 zagraniczny, kt\u00f3ry przez ostatnie dekady wsp\u00f3\u0142finansowa\u0142 polski rozw\u00f3j, raczej nie b\u0119dzie masowo przenosi\u0142 do naszego kraju dzia\u0142alno\u015bci badawczo-rozwojowej. To nie przypadek, \u017ce w\u00a0Polsce cz\u0119\u015bciej powstawa\u0142y montownie i\u00a0centra us\u0142ug wsp\u00f3lnych, a\u00a0nie o\u015brodki, w\u00a0kt\u00f3rych pracuje si\u0119 nad najnowocze\u015bniejszymi technologiami. Je\u017celi nadal chcemy wi\u0119cej zarabia\u0107 i\u00a0si\u0119 bogaci\u0107, to konkurowanie kosztami pracy musi ust\u0105pi\u0107 oferowaniem \u015bwiatu wi\u0119kszej liczby innowacji powsta\u0142ych nad Wis\u0142\u0105, kt\u00f3re cz\u0119\u015bciej ni\u017c do tej pory finansowa\u0142 b\u0119dzie lokalny kapita\u0142 prywatny.<\/p>\n<p> <img role=\"presentation\" class=\"absolute left-1\/2 top-1\/2 max-h-[80%] max-w-[100px] -translate-x-1\/2 -translate-y-1\/2\" src=\"https:\/\/v.wpimg.pl\/ZXJfd3AudTkrBBIAbg54LGhcRlAxHQUrPgJGH2MAeGJoSQ1eIBI_K2UHAEVuBTY5KQMMXC0RPyoVERQdMgM9ejc\" loading=\"lazy\" decoding=\"async\"\/><\/p>\n<p>Bogatszych Polak\u00f3w sta\u0107 na\u00a0inwestowanie na\u00a0gie\u0142dzie <\/p>\n<p>Rzecz jasna \u017caden z\u00a0ekspert\u00f3w nie nawo\u0142uje do tego, by osoby ubogie oddawa\u0142y ostatnie oszcz\u0119dno\u015bci po to, by w\u00a0Polsce finansowa\u0107 rozw\u00f3j bran\u017cy biotechnologicznej czy kosmicznej. Nikt te\u017c nie postuluje, aby Polacy nie mieli finansowych poduszek bezpiecze\u0144stwa na czarn\u0105 godzin\u0119 \u2013\u00a0dla wielu os\u00f3b to wr\u0119cz doskona\u0142y wst\u0119p do dalszego inwestowania np. w\u00a0akcje.<\/p>\n<p> <a href=\"https:\/\/www.money.pl\/gielda\/jest-chetny-na-wszystkie-akcje-inpostu-kurs-wystrzelil-7240444063583200a.html\" class=\"teaser-inline\" rel=\"nofollow noopener\" target=\"_blank\">  <img decoding=\"async\" src=\"https:\/\/www.europesays.com\/pl\/wp-content\/uploads\/2026\/01\/YWQ2NTJjdjYwUDhnZRF7I3MIbD0jSHV1JBB0dmVba29hSmEyIwY8JTRCIXotGCwnMEU-ejoGdjYhW2Eie0U9PiJCIjUzRTw6M1cq.jpeg\" width=\"0\" height=\"0\" loading=\"lazy\" class=\"wp-media-image cropped\" alt=\"Kto\u015b chce kupi\u0107 akcje InPostu. Wszystkie. Gie\u0142da reaguje\"\/><\/p>\n<p>Kto\u015b chce kupi\u0107 akcje InPostu. Wszystkie. Gie\u0142da reaguje<\/p>\n<p><\/a> <\/p>\n<p>Mowa natomiast o\u00a0przyci\u0105gni\u0119ciu na gie\u0142d\u0119 \u2013\u00a0bezpo\u015brednio lub poprzez fundusze, w\u00a0tym ETF-y \u2013\u00a0ludzi, kt\u00f3rzy w\u00a0bankach przechowuj\u0105 wysokie i\u00a0bardzo wysokie kwoty, a\u00a0tak\u017ce o\u00a0budowaniu &#8222;kultury inwestowania&#8221;. W\u00a0jej\u00a0ramach powszechne inwestowanie w\u00a0polskie przedsi\u0119biorstwa notowane na warszawskiej gie\u0142dzie b\u0119dzie czym\u015b oczywistym. Bariery wej\u015bcia s\u0105 obecnie niskie, pomna\u017canie \u015brodk\u00f3w zacz\u0105\u0107 mo\u017cna od naprawd\u0119 niskich kwot.<\/p>\n<p> <img role=\"presentation\" class=\"absolute left-1\/2 top-1\/2 max-h-[80%] max-w-[100px] -translate-x-1\/2 -translate-y-1\/2\" src=\"https:\/\/v.wpimg.pl\/ZXJfd3AudTkrBBIAbg54LGhcRlAxHQUrPgJGH2MAeGJoSQ1eIBI_K2UHAEVuBTY5KQMMXC0RPyoVERQdMgM9ejc\" loading=\"lazy\" decoding=\"async\"\/> <\/p>\n<p>Grono os\u00f3b, kt\u00f3re warto zach\u0119ci\u0107 do gie\u0142dy mo\u017cna poszerzy\u0107 o\u00a0masowo inwestuj\u0105cych w\u00a0nieruchomo\u015bci na wynajem, co innowacyjnego i\u00a0rozwojowego potencja\u0142u polskiej gospodarki nie buduje, a\u00a0co cieszy si\u0119 w\u00a0naszym kraju przywilejami podatkowymi wi\u0119kszymi od inwestowania na gie\u0142dzie. Dla przypomnienia, wystarczy posiada\u0107 mieszkanie przez pi\u0119\u0107 lat i\u00a0jest si\u0119 zwolnionym z\u00a0podatku przy jego sprzeda\u017cy. Dla akcji z\u00a0GPW takiego mechanizmu obecnie nie ma, wobec czego inwestorom zostaj\u0105 IKE, IKZE, OIPE oraz maj\u0105ce wystartowa\u0107 od po\u0142owy 2026 r. OKI.<\/p>\n<p>Wi\u0119cej wiedzie\u0107 to\u00a0wi\u0119cej inwestowa\u0107 <\/p>\n<p>Chocia\u017c powy\u017csze rozwa\u017cania dotyczy\u0142y g\u0142\u00f3wnie przesuni\u0119cia miliard\u00f3w z\u0142otych z\u00a0depozyt\u00f3w na rynek kapita\u0142owy, to samo takie dzia\u0142anie nie sprawi, \u017ce polska gie\u0142da zmieni si\u0119 w\u00a0raj dla inwestor\u00f3w i\u00a0firm pozyskuj\u0105cych kapita\u0142. Wyzwania czekaj\u0105 tak\u017ce w\u00a0innych obszarach \u2013\u00a0potrzebna jest lepsza ochrona inwestor\u00f3w indywidualnych, sprawniejsze dzia\u0142anie wymiaru sprawiedliwo\u015bci, wy\u017csze standardy \u0142adu korporacyjnego w\u00a0sp\u00f3\u0142kach (tak\u017ce tych z\u00a0udzia\u0142em Skarbu Pa\u0144stwa) itp. Inwestor gie\u0142dowy powinien liczy\u0107 si\u0119 z\u00a0tym, \u017ce mo\u017ce straci\u0107 pieni\u0105dze w\u00a0wyniku zmiany sytuacji na rynku, ale nie powinien si\u0119 obawia\u0107, \u017ce kto\u015b go oszuka, za\u015b dochodzenie sprawiedliwo\u015bci b\u0119dzie niemo\u017cliwe lub potrwa d\u0142ugie lata.<\/p>\n<p>Potrzebny jest jeszcze jeden czynnik, by\u0107 mo\u017ce najwa\u017cniejszy ze wszystkich. To edukacja finansowa. Gdyby ludzie zdawali sobie spraw\u0119 z\u00a0tego, jakie mo\u017cliwo\u015bci bezpiecznego i\u00a0d\u0142ugoterminowego inwestowania s\u0105 dzi\u015b w\u00a0zasi\u0119gu r\u0119ki, to sami zrobiliby z\u00a0pieni\u0119dzmi co\u015b wi\u0119cej od trzymania ich w\u00a0bankach.<\/p>\n<p> <a href=\"https:\/\/www.money.pl\/pieniadze\/to-jest-najtrudniejsze-od-lat-zajmuje-sie-problemami-seniorow-mowi-co-trzeba-zmienic-w-polsce-7235254312319488a.html\" class=\"teaser-inline\" rel=\"nofollow noopener\" target=\"_blank\">  <img decoding=\"async\" src=\"https:\/\/www.europesays.com\/pl\/wp-content\/uploads\/2026\/01\/MWI4ZDA0YjYoVix3bktvI2sOeC0oEmF1PBZgZm4Bf295THUiKFwoJSxENWomQjgnKEMqajFcYjY5XXUycB8pPjpENiU4Hyg6K1E-.jpeg\" width=\"0\" height=\"0\" loading=\"lazy\" class=\"wp-media-image cropped\" alt=\"&quot;To jest najtrudniejsze&quot;. Od lat zajmuje si\u0119 problemami senior\u00f3w. M\u00f3wi, co trzeba zmieni\u0107 w Polsce\"\/><\/p>\n<p>&#8222;To jest najtrudniejsze&#8221;. Od lat zajmuje si\u0119 problemami senior\u00f3w. M\u00f3wi, co trzeba zmieni\u0107 w Polsce<\/p>\n<p><\/a> <\/p>\n<p>Pewien dow\u00f3d na to przyni\u00f3s\u0142 2022 r., gdy wiele os\u00f3b dowiedzia\u0142o si\u0119 o\u00a0obligacjach oszcz\u0119dno\u015bciowych, w\u00a0tym antyinflacyjnych. Fala wysokiej inflacji za nami, a\u00a0mimo to miesi\u0119czna sprzeda\u017c obligacji skarbowych dla gospodarstw domowych nie wr\u00f3ci\u0142a do dawnych niskich poziom\u00f3w, poniewa\u017c pojawi\u0142a si\u0119 grupa os\u00f3b regularnie inwestuj\u0105cych w\u00a0te papiery oraz nowe, korzystne rozwi\u0105zania (np. IKZE-Obligacje). To samo mo\u017ce sta\u0107 si\u0119 z\u00a0polsk\u0105 gie\u0142d\u0105, a\u00a0w\u00a0konsekwencji z\u00a0ca\u0142\u0105 gospodark\u0105, wspart\u0105 dodatkowym silnikiem w\u00a0postaci kapita\u0142u prywatnego \u2013\u00a0uda\u0142o si\u0119 go zgromadzi\u0107, czas go m\u0105drze wykorzysta\u0107, z\u00a0po\u017cytkiem dla siebie i\u00a0innych. <\/p>\n<p>Micha\u0142 \u017bu\u0142awi\u0144ski, Stowarzyszenie Inwestor\u00f3w Indywidualnych<\/p>\n","protected":false},"excerpt":{"rendered":"opinie Przedstawiamy r\u00f3\u017cne punkty widzenia Tekst powsta\u0142 w\u00a0ramach projektu WP Opinie. Przedstawiamy w\u00a0nim zr\u00f3\u017cnicowane spojrzenia komentator\u00f3w i\u00a0lider\u00f3w opinii&hellip;\n","protected":false},"author":2,"featured_media":190510,"comment_status":"","ping_status":"","sticky":false,"template":"","format":"standard","meta":{"footnotes":""},"categories":[16],"tags":[113,112,42,38,40,39,41],"class_list":{"0":"post-190509","1":"post","2":"type-post","3":"status-publish","4":"format-standard","5":"has-post-thumbnail","7":"category-biznes","8":"tag-biznes","9":"tag-business","10":"tag-pl","11":"tag-poland","12":"tag-polish","13":"tag-polska","14":"tag-polski"},"share_on_mastodon":{"url":"https:\/\/pubeurope.com\/@pl\/115849703274339931","error":""},"_links":{"self":[{"href":"https:\/\/www.europesays.com\/pl\/wp-json\/wp\/v2\/posts\/190509","targetHints":{"allow":["GET"]}}],"collection":[{"href":"https:\/\/www.europesays.com\/pl\/wp-json\/wp\/v2\/posts"}],"about":[{"href":"https:\/\/www.europesays.com\/pl\/wp-json\/wp\/v2\/types\/post"}],"author":[{"embeddable":true,"href":"https:\/\/www.europesays.com\/pl\/wp-json\/wp\/v2\/users\/2"}],"replies":[{"embeddable":true,"href":"https:\/\/www.europesays.com\/pl\/wp-json\/wp\/v2\/comments?post=190509"}],"version-history":[{"count":0,"href":"https:\/\/www.europesays.com\/pl\/wp-json\/wp\/v2\/posts\/190509\/revisions"}],"wp:featuredmedia":[{"embeddable":true,"href":"https:\/\/www.europesays.com\/pl\/wp-json\/wp\/v2\/media\/190510"}],"wp:attachment":[{"href":"https:\/\/www.europesays.com\/pl\/wp-json\/wp\/v2\/media?parent=190509"}],"wp:term":[{"taxonomy":"category","embeddable":true,"href":"https:\/\/www.europesays.com\/pl\/wp-json\/wp\/v2\/categories?post=190509"},{"taxonomy":"post_tag","embeddable":true,"href":"https:\/\/www.europesays.com\/pl\/wp-json\/wp\/v2\/tags?post=190509"}],"curies":[{"name":"wp","href":"https:\/\/api.w.org\/{rel}","templated":true}]}}