{"id":190527,"date":"2026-01-06T19:18:09","date_gmt":"2026-01-06T19:18:09","guid":{"rendered":"https:\/\/www.europesays.com\/pl\/190527\/"},"modified":"2026-01-06T19:18:09","modified_gmt":"2026-01-06T19:18:09","slug":"tragiczny-wypadek-na-podhalu-sa-utrudnienia-na-trasie-kolejowej","status":"publish","type":"post","link":"https:\/\/www.europesays.com\/pl\/190527\/","title":{"rendered":"Tragiczny wypadek na Podhalu. S\u0105 utrudnienia na trasie kolejowej"},"content":{"rendered":"<p>W Bia\u0142ym Dunajcu dosz\u0142o do tragicznego wypadku, kt\u00f3ry spowodowa\u0142 wstrzymanie ruchu poci\u0105g\u00f3w na trasie do i\u00a0z\u00a0Zakopanego. Na miejscu pracuj\u0105 s\u0142u\u017cby, w\u00a0tym dwa zast\u0119py stra\u017cy po\u017carnej oraz prokuratura, kt\u00f3ra bada okoliczno\u015bci wypadku.<\/p>\n<p>Ze wst\u0119pnych informacji wynika, \u017ce w\u00a0wyniku wypadku oko\u0142o 650 pasa\u017cer\u00f3w zmuszonych jest do skorzystania z\u00a0transportu autobusowego. Rzecznik ma\u0142opolskiej Pa\u0144stwowej Stra\u017cy Po\u017carnej kpt. Hubert Ciep\u0142y przekaza\u0142, \u017ce \u017cadnemu z\u00a0pasa\u017cer\u00f3w poci\u0105gu Intercity nic si\u0119 nie sta\u0142o.<\/p>\n<p>Obecnie brak informacji na temat zako\u0144czenia utrudnie\u0144 na trasie. Dy\u017curna rzeczniczka PKP Polskich Linii Kolejowych potwierdzi\u0142a, \u017ce ruch poci\u0105g\u00f3w b\u0119dzie wstrzymany do czasu zako\u0144czenia dzia\u0142a\u0144 prokuratury. PKP Intercity zapewnia komunikacj\u0119 autobusow\u0105.<\/p>\n<p>Tragiczne zdarzenie mia\u0142o miejsce, gdy poci\u0105g Intercity wyje\u017cd\u017ca\u0142 z\u00a0Zakopanego w\u00a0kierunku Gdyni G\u0142\u00f3wnej. P\u0142e\u0107 ofiary potr\u0105cenia nie zosta\u0142a jeszcze ustalona. Sytuacja jest monitorowana przez s\u0142u\u017cby.<\/p>\n","protected":false},"excerpt":{"rendered":"W Bia\u0142ym Dunajcu dosz\u0142o do tragicznego wypadku, kt\u00f3ry spowodowa\u0142 wstrzymanie ruchu poci\u0105g\u00f3w na trasie do i\u00a0z\u00a0Zakopanego. Na miejscu&hellip;\n","protected":false},"author":2,"featured_media":190528,"comment_status":"","ping_status":"","sticky":false,"template":"","format":"standard","meta":{"footnotes":""},"categories":[5],"tags":[32,33,36,37,27,34,35,28,31,25,42,38,40,39,41,29,30,26],"class_list":{"0":"post-190527","1":"post","2":"type-post","3":"status-publish","4":"format-standard","5":"has-post-thumbnail","7":"category-naglowki","8":"tag-breaking-news","9":"tag-breakingnews","10":"tag-featured-news","11":"tag-featurednews","12":"tag-headlines","13":"tag-latest-news","14":"tag-latestnews","15":"tag-naglowki","16":"tag-najwazniejsze-artykuly","17":"tag-news","18":"tag-pl","19":"tag-poland","20":"tag-polish","21":"tag-polska","22":"tag-polski","23":"tag-top-stories","24":"tag-topstories","25":"tag-wiadomosci"},"share_on_mastodon":{"url":"https:\/\/pubeurope.com\/@pl\/115849770081279356","error":""},"_links":{"self":[{"href":"https:\/\/www.europesays.com\/pl\/wp-json\/wp\/v2\/posts\/190527","targetHints":{"allow":["GET"]}}],"collection":[{"href":"https:\/\/www.europesays.com\/pl\/wp-json\/wp\/v2\/posts"}],"about":[{"href":"https:\/\/www.europesays.com\/pl\/wp-json\/wp\/v2\/types\/post"}],"author":[{"embeddable":true,"href":"https:\/\/www.europesays.com\/pl\/wp-json\/wp\/v2\/users\/2"}],"replies":[{"embeddable":true,"href":"https:\/\/www.europesays.com\/pl\/wp-json\/wp\/v2\/comments?post=190527"}],"version-history":[{"count":0,"href":"https:\/\/www.europesays.com\/pl\/wp-json\/wp\/v2\/posts\/190527\/revisions"}],"wp:featuredmedia":[{"embeddable":true,"href":"https:\/\/www.europesays.com\/pl\/wp-json\/wp\/v2\/media\/190528"}],"wp:attachment":[{"href":"https:\/\/www.europesays.com\/pl\/wp-json\/wp\/v2\/media?parent=190527"}],"wp:term":[{"taxonomy":"category","embeddable":true,"href":"https:\/\/www.europesays.com\/pl\/wp-json\/wp\/v2\/categories?post=190527"},{"taxonomy":"post_tag","embeddable":true,"href":"https:\/\/www.europesays.com\/pl\/wp-json\/wp\/v2\/tags?post=190527"}],"curies":[{"name":"wp","href":"https:\/\/api.w.org\/{rel}","templated":true}]}}