{"id":190543,"date":"2026-01-06T19:30:03","date_gmt":"2026-01-06T19:30:03","guid":{"rendered":"https:\/\/www.europesays.com\/pl\/190543\/"},"modified":"2026-01-06T19:30:03","modified_gmt":"2026-01-06T19:30:03","slug":"ludmila-putina-po-rozwodzie-z-wladimirem-putinem-odnalazla-milosc-prowadzi-zycie-u-boku-mlodszego-o-18-lat-meza","status":"publish","type":"post","link":"https:\/\/www.europesays.com\/pl\/190543\/","title":{"rendered":"Ludmi\u0142a Putina po rozwodzie z W\u0142adimirem Putinem odnalaz\u0142a mi\u0142o\u015b\u0107. Prowadzi \u017cycie u boku m\u0142odszego o 18 lat m\u0119\u017ca"},"content":{"rendered":"<p class=\"art_paragraph\">6 stycznia Ludmi\u0142a Putina\u00a0sko\u0144czy\u0142a 68 lat. Jak si\u0119 okaza\u0142o, by\u0142a \u017cona prezydenta Rosji po rozwodzie\u00a0rozpocz\u0119\u0142a nowy etap \u017cycia u boku m\u0142odszego partnera. Jej sytuacja finansowa pozosta\u0142a stabilna, a ona sama mo\u017ce nadal cieszy\u0107 si\u0119 komfortowym stylem \u017cycia, o kt\u00f3re zadba\u0142 tak\u017ce jej by\u0142y m\u0105\u017c.<\/p>\n<p>\n    Zobacz wideo Nowego planu pokojowego Putin nie podpisze, bo nie ma w nim kluczowego elementu\n  <\/p>\n<p> Ludmi\u0142a Putina po rozwodzie z W\u0142adimirem Putinem odnalaz\u0142a mi\u0142o\u015b\u0107. Prowadzi \u017cycie u boku m\u0142odszego o 18 lat m\u0119\u017ca<\/p>\n<p class=\"art_paragraph\">Ludmi\u0142a i <a href=\"https:\/\/www.plotek.pl\/wladimir-putin\" class=\"art_link\" rel=\"nofollow noopener\" target=\"_blank\">W\u0142adimir Putin<\/a> og\u0142osili rozstanie w 2013 roku po spektaklu baletowym &#8222;La Esmeralda&#8221; w specjalnie zaaran\u017cowanym spotkaniu z mediami. Putin podkre\u015bli\u0142 w\u00f3wczas, \u017ce decyzja by\u0142a wsp\u00f3lna.\u00a0&#8211; Przy\u0142\u0105czam si\u0119 do s\u0142\u00f3w W\u0142adimira W\u0142adimirowicza, to naprawd\u0119 by\u0142a nasza wsp\u00f3lna decyzja. Nasze ma\u0142\u017ce\u0144stwo si\u0119 zako\u0144czy\u0142o. Zwi\u0105zane jest to z tym, \u017ce my si\u0119 praktycznie nie widujemy &#8211; doda\u0142a by\u0142a \u017cona prezydenta. Byli ma\u0142\u017ce\u0144stwem przez 30 lat.\u00a0<\/p>\n<p class=\"art_paragraph\">Trzy lata po oficjalnym rozwodzie, w 2016 roku,\u00a0Ludmi\u0142a wysz\u0142a za m\u0105\u017c za Artura Oczeretnego, kt\u00f3ry jest od niej m\u0142odszy o 18 lat. Para mieszka we Francji. Ich \u017cycie prywatne pozostaje daleko od blasku fleszy, a r\u00f3\u017cnica wieku nie jest dla nich problemem. Artur Oczeretny prowadzi aktywny styl \u017cycia, uczestnicz\u0105c w ultramaratonach i triatlonach. Pochodzi z Lubierc\u00f3w w obwodzie moskiewskim, od m\u0142odo\u015bci dzia\u0142a w biznesie i szybko odnosi\u0142 sukcesy. Na co dzie\u0144 stroni od aktywno\u015bci w mediach spo\u0142eczno\u015bciowych. Publicznie nigdy nie komentowa\u0142 te\u017c przesz\u0142o\u015bci Ludmi\u0142y Putiny.<\/p>\n<p> Ludmi\u0142a Putina i jej maj\u0105tek. By\u0142a \u017cona prezydenta Rosji inwestuje w nieruchomo\u015bci w Europie Zachodniej i Moskwie<\/p>\n<p class=\"art_paragraph\">Po rozstaniu z W\u0142adimirem Putinem Ludmi\u0142a nie musia\u0142a martwi\u0107 si\u0119 o finanse. Wed\u0142ug ustale\u0144 Fundacji Walki z Korupcj\u0105\u00a0by\u0142y prezydent zadba\u0142 o jej komfort materialny. Obecnie Ludmi\u0142a wraz z m\u0119\u017cem inwestuj\u0105 w nieruchomo\u015bci w Europie Zachodniej. Szczeg\u00f3lne znaczenie w jej maj\u0105tku ma Dom Wo\u0142ko\u0144skiego w centrum Moskwy. Dawniej by\u0142 to zabytek narodowy, dzi\u015b nowoczesny biurowiec, kt\u00f3rego wynajem przynosi Ludmile znacz\u0105ce dochody. CZYTAJ TE\u017b:\u00a0<a href=\"https:\/\/www.plotek.pl\/plotek\/7,78649,32151487,domniemana-corka-putina-przerywa-milczenie-padly-mocne-oskarzenia.html\" class=\"art_link\" rel=\"dofollow noopener\" target=\"_blank\">Domniemana c\u00f3rka Putina przerywa milczenie. Pad\u0142y mocne oskar\u017cenia<\/a>.<\/p>\n","protected":false},"excerpt":{"rendered":"6 stycznia Ludmi\u0142a Putina\u00a0sko\u0144czy\u0142a 68 lat. Jak si\u0119 okaza\u0142o, by\u0142a \u017cona prezydenta Rosji po rozwodzie\u00a0rozpocz\u0119\u0142a nowy etap \u017cycia&hellip;\n","protected":false},"author":2,"featured_media":190544,"comment_status":"","ping_status":"","sticky":false,"template":"","format":"standard","meta":{"footnotes":""},"categories":[14],"tags":[32,33,27,34,35,28,31,25,40,41,80,29,30,26,82,83,84],"class_list":{"0":"post-190543","1":"post","2":"type-post","3":"status-publish","4":"format-standard","5":"has-post-thumbnail","7":"category-swiat","8":"tag-breaking-news","9":"tag-breakingnews","10":"tag-headlines","11":"tag-latest-news","12":"tag-latestnews","13":"tag-naglowki","14":"tag-najwazniejsze-artykuly","15":"tag-news","16":"tag-polish","17":"tag-polski","18":"tag-swiat","19":"tag-top-stories","20":"tag-topstories","21":"tag-wiadomosci","22":"tag-world","23":"tag-world-news","24":"tag-worldnews"},"share_on_mastodon":{"url":"https:\/\/pubeurope.com\/@pl\/115849817135081212","error":""},"_links":{"self":[{"href":"https:\/\/www.europesays.com\/pl\/wp-json\/wp\/v2\/posts\/190543","targetHints":{"allow":["GET"]}}],"collection":[{"href":"https:\/\/www.europesays.com\/pl\/wp-json\/wp\/v2\/posts"}],"about":[{"href":"https:\/\/www.europesays.com\/pl\/wp-json\/wp\/v2\/types\/post"}],"author":[{"embeddable":true,"href":"https:\/\/www.europesays.com\/pl\/wp-json\/wp\/v2\/users\/2"}],"replies":[{"embeddable":true,"href":"https:\/\/www.europesays.com\/pl\/wp-json\/wp\/v2\/comments?post=190543"}],"version-history":[{"count":0,"href":"https:\/\/www.europesays.com\/pl\/wp-json\/wp\/v2\/posts\/190543\/revisions"}],"wp:featuredmedia":[{"embeddable":true,"href":"https:\/\/www.europesays.com\/pl\/wp-json\/wp\/v2\/media\/190544"}],"wp:attachment":[{"href":"https:\/\/www.europesays.com\/pl\/wp-json\/wp\/v2\/media?parent=190543"}],"wp:term":[{"taxonomy":"category","embeddable":true,"href":"https:\/\/www.europesays.com\/pl\/wp-json\/wp\/v2\/categories?post=190543"},{"taxonomy":"post_tag","embeddable":true,"href":"https:\/\/www.europesays.com\/pl\/wp-json\/wp\/v2\/tags?post=190543"}],"curies":[{"name":"wp","href":"https:\/\/api.w.org\/{rel}","templated":true}]}}