{"id":190557,"date":"2026-01-06T19:41:10","date_gmt":"2026-01-06T19:41:10","guid":{"rendered":"https:\/\/www.europesays.com\/pl\/190557\/"},"modified":"2026-01-06T19:41:10","modified_gmt":"2026-01-06T19:41:10","slug":"pozegnanie-po-15-latach-ola-kot-odchodzi-z-eska-tv","status":"publish","type":"post","link":"https:\/\/www.europesays.com\/pl\/190557\/","title":{"rendered":"Po\u017cegnanie po 15 latach. Ola Kot odchodzi z Eska TV"},"content":{"rendered":"\n<p>Ola Kot o\u00a0swoim odej\u015bciu z\u00a0<a href=\"https:\/\/www.wirtualnemedia.pl\/wyniki?zapytanie=eska+tv\" rel=\"noopener noreferrer nofollow\" target=\"_blank\">Eska TV<\/a> poinformowa\u0142a we wtorek na Instagramie. \u2013 To by\u0142a najtrudniejsza decyzja z\u00a0jak\u0105 przysz\u0142o mi si\u0119 zmierzy\u0107! Wyla\u0142am morze \u0142ez. Nie jest \u0142atwo opu\u015bci\u0107 miejsce w\u00a0kt\u00f3rym pracowa\u0142o sie prawie 15lat! \u2013\u00a0stwierdzi\u0142a.<\/p>\n<p>Zaznaczy\u0142a, \u017ce dalej b\u0119dzie wsp\u00f3\u0142pracowa\u0142a z\u00a0Radiem Eska (Grupa Radiowa Time). \u2013\u00a0Koniec pewnej ery! Ale pomara\u0144czowa krew b\u0119dzie nadal p\u0142yn\u0105\u0107 w\u00a0moich \u017cy\u0142ach bo w\u00a0@radio_eska zostaje \u2013\u00a0napisa\u0142a.<\/p>\n<p>  <img role=\"presentation\" class=\"absolute left-1\/2 top-1\/2 max-h-[80%] max-w-[100px] -translate-x-1\/2 -translate-y-1\/2\" src=\"https:\/\/www.europesays.com\/pl\/wp-content\/uploads\/2025\/12\/wm-placeholder.png\" loading=\"lazy\" decoding=\"async\"\/> <img decoding=\"async\" src=\"https:\/\/www.europesays.com\/pl\/wp-content\/uploads\/2025\/12\/newsletter-widget-bg-desktop.png\" alt=\"\" class=\"wm-newsletter-article-bg\"\/><\/p>\n<p>  Codziennie rano<\/p>\n<p>  Oferty pracy<\/p>\n<p>  50 tysi\u0119cy subskrybent\u00f3w<\/p>\n<p> Dzi\u0119kujemy za zapisanie si\u0119 do newsletteraWirtualne Media<\/p>\n<p class=\"wm-newsletter-success-banner-text\">Sprawd\u017a swoj\u0105 skrzynk\u0119 odbiorcz\u0105. <\/p>\n<p>Ola Kot w\u00a0wielu programach Eska TV <\/p>\n<p>Ola Kot na antenie Eska TV prowadzi\u0142a r\u00f3\u017cne programy muzyczne i\u00a0podr\u00f3\u017cnicze, m.in. &#8222;Eska on the Beach&#8221;, &#8222;Miejska lista&#8221;, &#8222;Co si\u0119 s\u0142ucha&#8221; i\u00a0&#8222;Weekend z\u00a0Eska TV&#8221;. W\u00a0telewizji zadebiutowa\u0142a w\u00a02010 r. w\u00a0programie &#8222;Hot or not 2&#8221;. Jesieni\u0105 2024 roku by\u0142a w\u015br\u00f3d prowadz\u0105cych &#8222;Kulisy Ta\u0144ca z\u00a0Gwiazdami&#8221;.<\/p>\n<p>Kot przez kilka lat by\u0142a te\u017c zwi\u0105zana z\u00a0Nowa TV, jako prezenterka pogody i\u00a0wsp\u00f3\u0142prowadz\u0105ca program &#8222;Bywanie na dywanie&#8221;. Jesieni\u0105 2019 roku uczestniczy\u0142a w\u00a0&#8222;Ta\u0144cu z\u00a0Gwiazdami&#8221;, w\u00a0parze z\u00a0Tomaszem Bara\u0144skim zaj\u0119\u0142a sz\u00f3ste miejsce.<\/p>\n<p>W Radiu Eska Ola Kot wsp\u00f3\u0142tworzy wiele akcji z\u00a0udzia\u0142em s\u0142uchaczy. W\u00a0grudniu ub.r.<a href=\"https:\/\/www.wirtualnemedia.pl\/ola-kot-twarza-swiatecznej-akcji-radia-eska-2,7228500072901536a\" rel=\"noopener noreferrer nofollow\" target=\"_blank\"> by\u0142a twarz\u0105 bo\u017conarodzeniowej kampanii Radia Eska 2<\/a>.<\/p>\n","protected":false},"excerpt":{"rendered":"Ola Kot o\u00a0swoim odej\u015bciu z\u00a0Eska TV poinformowa\u0142a we wtorek na Instagramie. \u2013 To by\u0142a najtrudniejsza decyzja z\u00a0jak\u0105 przysz\u0142o&hellip;\n","protected":false},"author":2,"featured_media":190558,"comment_status":"","ping_status":"","sticky":false,"template":"","format":"standard","meta":{"footnotes":""},"categories":[22],"tags":[122,42,38,40,39,41,123],"class_list":{"0":"post-190557","1":"post","2":"type-post","3":"status-publish","4":"format-standard","5":"has-post-thumbnail","7":"category-rozrywka","8":"tag-entertainment","9":"tag-pl","10":"tag-poland","11":"tag-polish","12":"tag-polska","13":"tag-polski","14":"tag-rozrywka"},"share_on_mastodon":{"url":"https:\/\/pubeurope.com\/@pl\/115849860389187560","error":""},"_links":{"self":[{"href":"https:\/\/www.europesays.com\/pl\/wp-json\/wp\/v2\/posts\/190557","targetHints":{"allow":["GET"]}}],"collection":[{"href":"https:\/\/www.europesays.com\/pl\/wp-json\/wp\/v2\/posts"}],"about":[{"href":"https:\/\/www.europesays.com\/pl\/wp-json\/wp\/v2\/types\/post"}],"author":[{"embeddable":true,"href":"https:\/\/www.europesays.com\/pl\/wp-json\/wp\/v2\/users\/2"}],"replies":[{"embeddable":true,"href":"https:\/\/www.europesays.com\/pl\/wp-json\/wp\/v2\/comments?post=190557"}],"version-history":[{"count":0,"href":"https:\/\/www.europesays.com\/pl\/wp-json\/wp\/v2\/posts\/190557\/revisions"}],"wp:featuredmedia":[{"embeddable":true,"href":"https:\/\/www.europesays.com\/pl\/wp-json\/wp\/v2\/media\/190558"}],"wp:attachment":[{"href":"https:\/\/www.europesays.com\/pl\/wp-json\/wp\/v2\/media?parent=190557"}],"wp:term":[{"taxonomy":"category","embeddable":true,"href":"https:\/\/www.europesays.com\/pl\/wp-json\/wp\/v2\/categories?post=190557"},{"taxonomy":"post_tag","embeddable":true,"href":"https:\/\/www.europesays.com\/pl\/wp-json\/wp\/v2\/tags?post=190557"}],"curies":[{"name":"wp","href":"https:\/\/api.w.org\/{rel}","templated":true}]}}