{"id":190687,"date":"2026-01-06T21:19:17","date_gmt":"2026-01-06T21:19:17","guid":{"rendered":"https:\/\/www.europesays.com\/pl\/190687\/"},"modified":"2026-01-06T21:19:17","modified_gmt":"2026-01-06T21:19:17","slug":"przygotowania-do-wesela-viki-gabor-trwaja-jest-jeden-warunek","status":"publish","type":"post","link":"https:\/\/www.europesays.com\/pl\/190687\/","title":{"rendered":"Przygotowania do wesela Viki Gabor trwaj\u0105. Jest jeden warunek"},"content":{"rendered":"<p class=\"ods-c-paragraph \"><a href=\"https:\/\/plejada.pl\/temat\/bogdan-trojanek\/xyrzn6k\" id=\"c6559869-9500-49ee-9ccb-41edade6ed43\" rel=\"nofollow noopener\" target=\"_blank\">Bogdan Trojanek<\/a> <a href=\"https:\/\/ludzie.fakt.pl\/viki-gabor-szykuje-wielkie-wesele-kiedy-dokladnie-sie-odbedzie\/378f0zk\" id=\"856141f8-29d2-4462-867d-fa9614ccba1c\" rel=\"nofollow noopener\" target=\"_blank\">w rozmowie z &#8222;Faktem&#8221;<\/a> podkre\u015bli\u0142, \u017ce ca\u0142a rodzina cieszy si\u0119 z decyzji m\u0142odej pary. Jak stwierdzi\u0142, na tym etapie najwa\u017cniejsze by\u0142o udzielenie b\u0142ogos\u0142awie\u0144stwa, a dalsze plany zostan\u0105 ustalone w kolejnych rozmowach rodzinnych. &#8222;Na razie rozmawiamy na tym etapie, \u017ce jest b\u0142ogos\u0142awiony ich zwi\u0105zek, i dalej zobaczymy&#8221; \u2014 przyzna\u0142.<\/p>\n<p>Dalszy ci\u0105g artyku\u0142u pod materia\u0142em wideo<\/p>\n<p> Kiedy odb\u0119dzie si\u0119 wesele Viki Gabor? <\/p>\n<p> Jakie tradycje b\u0119d\u0105 obecne na weselu? <\/p>\n<p> Kto udzieli\u0142 b\u0142ogos\u0142awie\u0144stwa m\u0142odej parze? <\/p>\n<p> Jaki jest warunek przed ustaleniem daty wesela? <\/p>\n<p>  Viki Gabor szykuje wielkie wesele. Trwaj\u0105 przygotowania<\/p>\n<p class=\"ods-c-paragraph \">Oczekiwane przez fan\u00f3w i bliskich tradycyjne, romskie wesele ma by\u0107 kolejnym wa\u017cnym wydarzeniem w \u017cyciu Viki Gabor i Giovanniego Trojanka. Jednak zanim zostanie wyznaczona konkretna data oraz miejsce uroczysto\u015bci, rodziny musz\u0105 spe\u0142ni\u0107 istotny warunek \u2014 spotka\u0107 si\u0119 i wsp\u00f3lnie przedyskutowa\u0107 szczeg\u00f3\u0142y.<\/p>\n<blockquote class=\"ods-o-quota\">\n<p class=\"ods-o-quota__paragraph\">Na razie niech opadn\u0105 wszystkie emocje. Ustalimy to z rodzicami, dziadkami, m\u00f3j syn, m\u00f3j wnuczek ma swego tat\u0119, mam\u0119 i Wiki te\u017c, ma i tat\u0119, i mam\u0119, i dziadk\u00f3w ma. Pojad\u0119 do Krakowa, czy oni przyjad\u0105 do mnie, i b\u0119dziemy wtedy ustala\u0107. Zobaczymy, czy zrobimy takie huczne, cyga\u0144skie wesele z prawdziw\u0105 tradycj\u0105<\/p>\n<\/blockquote>\n<p class=\"ods-c-paragraph \">\u2014 powiedzia\u0142 Bogdan Trojanek.<\/p>\n<p class=\"ods-c-paragraph \">Przed Viki Gabor i Giovannim Trojankiem czas intensywnych rodzinnych ustale\u0144 oraz przygotowa\u0144 do potencjalnie kilkudniowego, tradycyjnego wesela. Zar\u00f3wno fani, jak i media z niecierpliwo\u015bci\u0105 czekaj\u0105 na kolejne informacje dotycz\u0105ce tego wydarzenia.<\/p>\n<p><img decoding=\"async\" src=\"https:\/\/cdn.plejada.pl\/1\/jk4k9lBaHR0cHM6Ly9vY2RuLmV1L3B1bHNjbXMvTURBXy8zNzU1OGI2ZDFmY2VmODk0NmU5ZTJlZDMyMTVkNjNhNS5qcGeRlQLNAlPNAyDCw94AAqEwB6ExBA\" height=\"529\" width=\"940\" alt=\"Bogdan Trojanek, Viki Gabor\" loading=\"lazy\" class=\"ods-c-image__img ods-c-image__img--vertical\"\/><\/p>\n<p>Bogdan Trojanek, Viki Gaborinstagram.com\/bogdantrojanek\/<\/p>\n<p class=\"ods-c-paragraph \">Dzi\u0119kujemy, \u017ce przeczyta\u0142a\u015b\/e\u015b nasz artyku\u0142 do ko\u0144ca. W serwisie Plejada.pl ka\u017cdego dnia piszemy o najwa\u017cniejszych wydarzeniach show-biznesowych. B\u0105d\u017a na bie\u017c\u0105co! <a rel=\"nofollow noopener\" href=\"https:\/\/profile.google.com\/cp\/Cg0vZy8xMWJ6X19wdHBx\" id=\"17a8a886-ee62-4423-a196-bf8672ff577f\" target=\"_blank\">Obserwuj<\/a> Plejad\u0119 w Wiadomo\u015bciach Google. Odwied\u017a nas tak\u017ce na <a rel=\"nofollow noopener\" href=\"https:\/\/www.facebook.com\/plejadapl\" id=\"8797626e-26c6-4986-bea0-801fbc5fff8e\" target=\"_blank\">Facebooku<\/a>, <a rel=\"nofollow noopener\" href=\"https:\/\/www.instagram.com\/plejadapl\/\" id=\"ceaac9b7-6461-4572-a04c-d844a5495253\" target=\"_blank\">Instagramie<\/a>, <a rel=\"nofollow noopener\" href=\"https:\/\/www.youtube.com\/c\/plejada\" id=\"65cb5824-1c41-4eab-b8c4-94f7e19ee592\" target=\"_blank\">YouTube<\/a> oraz <a rel=\"nofollow noopener\" href=\"https:\/\/www.tiktok.com\/@plejada_pl\" id=\"92314d9a-f7d3-46ba-af4c-3bf6b3e34aa6\" target=\"_blank\">TikToku<\/a>.<\/p>\n<p class=\"ods-c-paragraph \">Chcesz podzieli\u0107 si\u0119 ciekawym newsem lub zaproponowa\u0107 temat? Skontaktuj si\u0119 z nami, pisz\u0105c e-maila na adres: <a rel=\"nofollow noopener\" href=\"https:\/\/plejada.pl\/newsy\/przygotowania-do-wesela-viki-gabor-trwaja-jest-jeden-warunek\/mailto:plejada@redakcjaonet.pl\" id=\"47e9e52e-57d5-4837-9ba6-8b77ff11f9f1\" target=\"_blank\">plejada@redakcjaonet.pl<\/a>.<\/p>\n<p><script async src=\"\/\/www.instagram.com\/embed.js\"><\/script><script async src=\"\/\/www.tiktok.com\/embed.js\"><\/script><\/p>\n","protected":false},"excerpt":{"rendered":"Bogdan Trojanek w rozmowie z &#8222;Faktem&#8221; podkre\u015bli\u0142, \u017ce ca\u0142a rodzina cieszy si\u0119 z decyzji m\u0142odej pary. Jak stwierdzi\u0142,&hellip;\n","protected":false},"author":2,"featured_media":190688,"comment_status":"","ping_status":"","sticky":false,"template":"","format":"standard","meta":{"footnotes":""},"categories":[22],"tags":[34189,122,48,125,46,42,38,40,39,41,123,47,2027,4871],"class_list":{"0":"post-190687","1":"post","2":"type-post","3":"status-publish","4":"format-standard","5":"has-post-thumbnail","7":"category-rozrywka","8":"tag-bogdan_trojanek","9":"tag-entertainment","10":"tag-nat_styl","11":"tag-newsy","12":"tag-omp","13":"tag-pl","14":"tag-poland","15":"tag-polish","16":"tag-polska","17":"tag-polski","18":"tag-rozrywka","19":"tag-screening_general","20":"tag-viki_gabor","21":"tag-wesele"},"share_on_mastodon":{"url":"https:\/\/pubeurope.com\/@pl\/115850246130419916","error":""},"_links":{"self":[{"href":"https:\/\/www.europesays.com\/pl\/wp-json\/wp\/v2\/posts\/190687","targetHints":{"allow":["GET"]}}],"collection":[{"href":"https:\/\/www.europesays.com\/pl\/wp-json\/wp\/v2\/posts"}],"about":[{"href":"https:\/\/www.europesays.com\/pl\/wp-json\/wp\/v2\/types\/post"}],"author":[{"embeddable":true,"href":"https:\/\/www.europesays.com\/pl\/wp-json\/wp\/v2\/users\/2"}],"replies":[{"embeddable":true,"href":"https:\/\/www.europesays.com\/pl\/wp-json\/wp\/v2\/comments?post=190687"}],"version-history":[{"count":0,"href":"https:\/\/www.europesays.com\/pl\/wp-json\/wp\/v2\/posts\/190687\/revisions"}],"wp:featuredmedia":[{"embeddable":true,"href":"https:\/\/www.europesays.com\/pl\/wp-json\/wp\/v2\/media\/190688"}],"wp:attachment":[{"href":"https:\/\/www.europesays.com\/pl\/wp-json\/wp\/v2\/media?parent=190687"}],"wp:term":[{"taxonomy":"category","embeddable":true,"href":"https:\/\/www.europesays.com\/pl\/wp-json\/wp\/v2\/categories?post=190687"},{"taxonomy":"post_tag","embeddable":true,"href":"https:\/\/www.europesays.com\/pl\/wp-json\/wp\/v2\/tags?post=190687"}],"curies":[{"name":"wp","href":"https:\/\/api.w.org\/{rel}","templated":true}]}}