{"id":190711,"date":"2026-01-06T21:37:08","date_gmt":"2026-01-06T21:37:08","guid":{"rendered":"https:\/\/www.europesays.com\/pl\/190711\/"},"modified":"2026-01-06T21:37:08","modified_gmt":"2026-01-06T21:37:08","slug":"donald-tusk-zapowiedzial-spotkanie-z-prezydentem-szef-kancelarii-nie-bylo-takiej-prosby","status":"publish","type":"post","link":"https:\/\/www.europesays.com\/pl\/190711\/","title":{"rendered":"Donald Tusk zapowiedzia\u0142 spotkanie z prezydentem. Szef kancelarii: nie by\u0142o takiej pro\u015bby"},"content":{"rendered":"<p class=\"ods-c-paragraph \">Premier <a href=\"https:\/\/wiadomosci.onet.pl\/kraj\/donald-tusk-spotka-sie-z-karolem-nawrockim-mysle-ze-dobrze-to-rozumie\/wn7fngy\" id=\"c3060477-9aba-4fc8-9e39-99702acb7e4a\" rel=\"nofollow noopener\" target=\"_blank\">Donald Tusk poinformowa\u0142 po wtorkowym szczycie &#8222;koalicji ch\u0119tnych&#8221; w Pary\u017cu, \u017ce jeszcze w tym tygodniu porozmawia z prezydentem Karolem Nawrockim <\/a>&#8222;o tym, jaka jest rola dla prezydenta, a jaka dla rz\u0105du w procesie maj\u0105cym zapewni\u0107 Ukrainie gwarancje bezpiecze\u0144stwa po zawieszeniu broni&#8221;. \u2014 B\u0119d\u0119 namawia\u0142 prezydenta, \u017ceby wykorzysta\u0142 najlepiej, jak potrafi relacje z administracj\u0105 USA \u2014 zapowiedzia\u0142 szef rz\u0105du.<\/p>\n<p class=\"ods-c-paragraph \">Szef KPRP zapytany tego samego dnia wieczorem na antenie Polsat News, kiedy do tego spotkania dojdzie, stwierdzi\u0142, \u017ce &#8222;prezydent jest otwarty na to spotkanie&#8221;. \u2014 Jak premier b\u0119dzie chcia\u0142 si\u0119 dodzwoni\u0107, to wybierze ten numer, a nie b\u0119dzie m\u00f3wi\u0142, \u017ce wybiera. Ja rozmawia\u0142em jeszcze tu\u017c przed \u015bwi\u0119tami z panem prezydentem na ten temat i m\u00f3wi\u0142, \u017ce nie by\u0142o \u017cadnego telefonu \u2014 powiedzia\u0142.<\/p>\n<p>Dalszy ci\u0105g artyku\u0142u pod materia\u0142em wideo<\/p>\n<p> Kiedy planowane jest spotkanie Donalda Tuska z prezydentem? <\/p>\n<p> Jaka jest rola prezydenta w procesie bezpiecze\u0144stwa Ukrainy? <\/p>\n<p> Co przewiduje projekt ustawy o statusie osoby najbli\u017cszej? <\/p>\n<p> Jakie uprawnienia obejmuje projekt ustawy o wsp\u00f3lnym po\u017cyciu? <\/p>\n<p class=\"ods-c-paragraph \">Bogucki, dopytywany, czy pad\u0142a ze strony premiera oficjalna pro\u015bba o takie spotkanie z prezydentem, odpar\u0142, \u017ce &#8222;nie ma&#8221; jeszcze takiej pro\u015bby. \u2014 Je\u017celi premier b\u0119dzie si\u0119 chcia\u0142 spotka\u0107, to prezydent ju\u017c wielokrotnie m\u00f3wi\u0142, \u017ce nie ma z tym \u017cadnego problemu. Ja my\u015bl\u0119, \u017ce prezydent znajdzie na pewno czas, \u017ceby rozmawia\u0107 o wa\u017cnych sprawach \u2014 podkre\u015bli\u0142.<\/p>\n<p>   Problematyczna ustawa. &#8222;Ja nie s\u0105dz\u0119, \u017ceby moje argumenty przewa\u017cy\u0142y&#8221;<\/p>\n<p class=\"ods-c-paragraph \">Na konferencji po spotkaniu &#8222;koalicji ch\u0119tnych&#8221; premier Donald Tusk spytany zosta\u0142, czy na zapowiedzianym przez niego spotkaniu z prezydentem ma zamiar poruszy\u0107 temat ustawy o statusie osoby najbli\u017cszej. Jak powiedzia\u0142, nie b\u0119dzie go przekonywa\u0142. \u2014 Albo ma si\u0119 taki pogl\u0105d, albo ma si\u0119 taki pogl\u0105d. Ja nie s\u0105dz\u0119, \u017ceby moje argumenty przewa\u017cy\u0142y. Zobaczymy. Ja wiem, jak ja mam si\u0119 zachowa\u0107 w tej sytuacji, a prezydent ma pewnie swoje opinie tutaj \u2014 stwierdzi\u0142 szef rz\u0105du.<\/p>\n<p class=\"ods-c-paragraph \">W nawi\u0105zaniu do tych s\u0142\u00f3w premiera, szef Kancelarii Prezydenta w Polsat News zapytany by\u0142 r\u00f3wnie\u017c o to, co zrobi prezydent, je\u015bli ta ustawa przejdzie przez Sejm niezmieniona. \u2014 To prezydent zawsze na koniec podejmuje decyzj\u0119. Nie jestem uprawniony, \u017ceby m\u00f3wi\u0107, co prezydent na koniec zrobi \u2014 przekaza\u0142.<\/p>\n<p class=\"ods-c-paragraph \">Jak jednak doda\u0142 \u2014 tu jest mowa o zwi\u0105zku, a je\u017celi zwi\u0105zek, to rodzina, je\u017celi rodzina, to takie same uprawnienia, jak ma\u0142\u017ce\u0144stwo. Je\u017celi takie same uprawnienia, jak ma\u0142\u017ce\u0144stwo, to np. adopcja dzieci, a nie ma na to zgody, nie tylko prezydenta, ale olbrzymiej wi\u0119kszo\u015bci polskiego spo\u0142ecze\u0144stwa.<\/p>\n<p>Co zak\u0142ada projekt ustawy o osobie najbli\u017cszej<\/p>\n<p class=\"ods-c-paragraph \">W ubieg\u0142ym tygodniu marsza\u0142ek Sejmu W\u0142odzimierz Czarzasty nada\u0142 numer druku projektowi <a href=\"https:\/\/wiadomosci.onet.pl\/kraj\/rzad-przyjal-projekt-ustawy-o-statusie-osoby-najblizszej-to-historyczny-moment\/rxmkvrd\" id=\"2a2a1ad1-7aa4-4882-8fbc-0f965ee42d58\" rel=\"nofollow noopener\" target=\"_blank\">ustawy o statusie osoby najbli\u017cszej w zwi\u0105zku <\/a>i umowie o wsp\u00f3lnym po\u017cyciu, po tym, jak wcze\u015bniej zosta\u0142 on przyj\u0119ty przez rz\u0105d i skierowany do Sejmu.<\/p>\n<p class=\"ods-c-paragraph \">Wed\u0142ug sekretarz stanu w KPRM Katarzyny Kotuli, kt\u00f3ra pracowa\u0142a nad tym projektem, jego pierwsze czytanie odb\u0119dzie si\u0119 prawdopodobnie na drugim posiedzeniu Sejmu w 2026 r. Z informacji na sejmowej stronie wynika, \u017ce posiedzenie to planowane jest w dniach 21-23 stycznia.<\/p>\n<p class=\"ods-c-paragraph \">Projekt przewiduje, \u017ce dwie osoby pe\u0142noletnie b\u0119d\u0105 mog\u0142y zawrze\u0107 umow\u0119, kt\u00f3ra \u2014 rejestrowana w urz\u0119dzie stanu cywilnego \u2014 umo\u017cliwi stronom m.in. wyb\u00f3r ustroju maj\u0105tkowego, ustanowienie obowi\u0105zku alimentacyjnego, uzyskanie prawa do korzystania ze wsp\u00f3lnego mieszkania oraz nadanie drugiej osobie uprawnie\u0144 do dost\u0119pu do informacji medycznych i dzia\u0142ania jako pe\u0142nomocnik w sprawach codziennego \u017cycia.<\/p>\n","protected":false},"excerpt":{"rendered":"Premier Donald Tusk poinformowa\u0142 po wtorkowym szczycie &#8222;koalicji ch\u0119tnych&#8221; w Pary\u017cu, \u017ce jeszcze w tym tygodniu porozmawia z&hellip;\n","protected":false},"author":2,"featured_media":190712,"comment_status":"","ping_status":"","sticky":false,"template":"","format":"standard","meta":{"footnotes":""},"categories":[12],"tags":[32,33,212,36,37,27,43,49,34,35,555,28,31,48,25,46,42,38,40,39,41,47,29,30,415,26,788],"class_list":{"0":"post-190711","1":"post","2":"type-post","3":"status-publish","4":"format-standard","5":"has-post-thumbnail","7":"category-polska","8":"tag-breaking-news","9":"tag-breakingnews","10":"tag-donald_tusk","11":"tag-featured-news","12":"tag-featurednews","13":"tag-headlines","14":"tag-karol_nawrocki","15":"tag-kraj","16":"tag-latest-news","17":"tag-latestnews","18":"tag-malzenstwo","19":"tag-naglowki","20":"tag-najwazniejsze-artykuly","21":"tag-nat_styl","22":"tag-news","23":"tag-omp","24":"tag-pl","25":"tag-poland","26":"tag-polish","27":"tag-polska","28":"tag-polski","29":"tag-screening_general","30":"tag-top-stories","31":"tag-topstories","32":"tag-ukraina","33":"tag-wiadomosci","34":"tag-zbigniew_bogucki"},"share_on_mastodon":{"url":"https:\/\/pubeurope.com\/@pl\/115850316607551512","error":""},"_links":{"self":[{"href":"https:\/\/www.europesays.com\/pl\/wp-json\/wp\/v2\/posts\/190711","targetHints":{"allow":["GET"]}}],"collection":[{"href":"https:\/\/www.europesays.com\/pl\/wp-json\/wp\/v2\/posts"}],"about":[{"href":"https:\/\/www.europesays.com\/pl\/wp-json\/wp\/v2\/types\/post"}],"author":[{"embeddable":true,"href":"https:\/\/www.europesays.com\/pl\/wp-json\/wp\/v2\/users\/2"}],"replies":[{"embeddable":true,"href":"https:\/\/www.europesays.com\/pl\/wp-json\/wp\/v2\/comments?post=190711"}],"version-history":[{"count":0,"href":"https:\/\/www.europesays.com\/pl\/wp-json\/wp\/v2\/posts\/190711\/revisions"}],"wp:featuredmedia":[{"embeddable":true,"href":"https:\/\/www.europesays.com\/pl\/wp-json\/wp\/v2\/media\/190712"}],"wp:attachment":[{"href":"https:\/\/www.europesays.com\/pl\/wp-json\/wp\/v2\/media?parent=190711"}],"wp:term":[{"taxonomy":"category","embeddable":true,"href":"https:\/\/www.europesays.com\/pl\/wp-json\/wp\/v2\/categories?post=190711"},{"taxonomy":"post_tag","embeddable":true,"href":"https:\/\/www.europesays.com\/pl\/wp-json\/wp\/v2\/tags?post=190711"}],"curies":[{"name":"wp","href":"https:\/\/api.w.org\/{rel}","templated":true}]}}