{"id":190783,"date":"2026-01-06T22:47:09","date_gmt":"2026-01-06T22:47:09","guid":{"rendered":"https:\/\/www.europesays.com\/pl\/190783\/"},"modified":"2026-01-06T22:47:09","modified_gmt":"2026-01-06T22:47:09","slug":"wypadek-podczas-kuligu-wezwano-smiglowiec-lpr-remiza-pl","status":"publish","type":"post","link":"https:\/\/www.europesays.com\/pl\/190783\/","title":{"rendered":"Wypadek podczas kuligu. Wezwano \u015bmig\u0142owiec LPR &#8211; Remiza.pl"},"content":{"rendered":"<p>Dwie osoby zosta\u0142y poszkodowane w wypadku, do kt\u00f3rego dosz\u0142o podczas kuligu w powiecie koni\u0144skim. Na miejsce wezwano \u015bmig\u0142owiec LPR.<\/p>\n<p>Do zdarzenia dosz\u0142o we wtorek w miejscowo\u015bci Stary Borowiec w gminie Grodziec.<\/p>\n<p>Jak informuje Komenda Miejska PSP w Koninie, podczas kuligu sanki uderzy\u0142y w traktor. Poszkodowane zosta\u0142y dwie kobiety \u2013 matka i jej c\u00f3rka.<\/p>\n<p>Dzia\u0142ania stra\u017cak\u00f3w polega\u0142y na zabezpieczeniu miejsca zdarzenia oraz udzieleniu kwalifikowanej pierwszej pomocy poszkodowanym kobietom, kt\u00f3re nast\u0119pnie zosta\u0142y przetransportowane do szpitala, w tym matka przez Zesp\u00f3\u0142 Ratownictwa Medycznego, natomiast c\u00f3rka Lotniczym Pogotowiem Ratunkowym \u2013 informuje stra\u017c po\u017carna.<\/p>\n<p>Na miejscu dzia\u0142a\u0142y zast\u0119py z JRG 2 Konin, OSP Grodziec i OSP L\u0105dek.<\/p>\n<p><img loading=\"lazy\" decoding=\"async\" width=\"1024\" height=\"768\" src=\"https:\/\/www.europesays.com\/pl\/wp-content\/uploads\/2026\/01\/612047811_1176552894564222_8755503657242627192_n-1024x768.jpg\" alt=\"\" class=\"wp-image-171391\"  \/><\/p>\n<p>foto. KM PSP Konin <\/p>\n<p>Mog\u0105 ci\u0119 zainteresowa\u0107\t\t\t\t\t\t\t\t<\/p>\n","protected":false},"excerpt":{"rendered":"Dwie osoby zosta\u0142y poszkodowane w wypadku, do kt\u00f3rego dosz\u0142o podczas kuligu w powiecie koni\u0144skim. Na miejsce wezwano \u015bmig\u0142owiec&hellip;\n","protected":false},"author":2,"featured_media":190784,"comment_status":"","ping_status":"","sticky":false,"template":"","format":"standard","meta":{"footnotes":""},"categories":[12],"tags":[32,33,36,37,27,34,35,28,31,25,42,38,40,39,41,29,30,26],"class_list":{"0":"post-190783","1":"post","2":"type-post","3":"status-publish","4":"format-standard","5":"has-post-thumbnail","7":"category-polska","8":"tag-breaking-news","9":"tag-breakingnews","10":"tag-featured-news","11":"tag-featurednews","12":"tag-headlines","13":"tag-latest-news","14":"tag-latestnews","15":"tag-naglowki","16":"tag-najwazniejsze-artykuly","17":"tag-news","18":"tag-pl","19":"tag-poland","20":"tag-polish","21":"tag-polska","22":"tag-polski","23":"tag-top-stories","24":"tag-topstories","25":"tag-wiadomosci"},"share_on_mastodon":{"url":"https:\/\/pubeurope.com\/@pl\/115850591753278726","error":""},"_links":{"self":[{"href":"https:\/\/www.europesays.com\/pl\/wp-json\/wp\/v2\/posts\/190783","targetHints":{"allow":["GET"]}}],"collection":[{"href":"https:\/\/www.europesays.com\/pl\/wp-json\/wp\/v2\/posts"}],"about":[{"href":"https:\/\/www.europesays.com\/pl\/wp-json\/wp\/v2\/types\/post"}],"author":[{"embeddable":true,"href":"https:\/\/www.europesays.com\/pl\/wp-json\/wp\/v2\/users\/2"}],"replies":[{"embeddable":true,"href":"https:\/\/www.europesays.com\/pl\/wp-json\/wp\/v2\/comments?post=190783"}],"version-history":[{"count":0,"href":"https:\/\/www.europesays.com\/pl\/wp-json\/wp\/v2\/posts\/190783\/revisions"}],"wp:featuredmedia":[{"embeddable":true,"href":"https:\/\/www.europesays.com\/pl\/wp-json\/wp\/v2\/media\/190784"}],"wp:attachment":[{"href":"https:\/\/www.europesays.com\/pl\/wp-json\/wp\/v2\/media?parent=190783"}],"wp:term":[{"taxonomy":"category","embeddable":true,"href":"https:\/\/www.europesays.com\/pl\/wp-json\/wp\/v2\/categories?post=190783"},{"taxonomy":"post_tag","embeddable":true,"href":"https:\/\/www.europesays.com\/pl\/wp-json\/wp\/v2\/tags?post=190783"}],"curies":[{"name":"wp","href":"https:\/\/api.w.org\/{rel}","templated":true}]}}