{"id":190990,"date":"2026-01-07T03:09:19","date_gmt":"2026-01-07T03:09:19","guid":{"rendered":"https:\/\/www.europesays.com\/pl\/190990\/"},"modified":"2026-01-07T03:09:19","modified_gmt":"2026-01-07T03:09:19","slug":"napisal-hit-lat-60-dla-ukochanej-niedlugo-pozniej-wyrzucili-go-z-zespolu","status":"publish","type":"post","link":"https:\/\/www.europesays.com\/pl\/190990\/","title":{"rendered":"Napisa\u0142 hit lat 60. dla ukochanej. Nied\u0142ugo p\u00f3\u017aniej wyrzucili go z zespo\u0142u"},"content":{"rendered":"<ul>\n<li>6 stycznia 1946 roku na \u015bwiat przyszed\u0142 znany muzyk Syd Barrett. <\/li>\n<li>Wokalista i gitarzysta grupy Pink Floyd napisa\u0142 m.in. utw\u00f3r &#8222;Bike&#8221;.<\/li>\n<li>Taka jest historia piosenki, kt\u00f3ra znalaz\u0142a si\u0119 na debiutanckim albumie grupy i sta\u0142a si\u0119 hitem lat 60.\u00a0<\/li>\n<\/ul>\n<p>Wed\u0142ug szacunkowych oblicze\u0144 przez lata dzia\u0142alno\u015bci artystycznej zesp\u00f3\u0142 Pink Floyd sprzeda\u0142 na ca\u0142ym \u015bwiecie ponad 250 milion\u00f3w album\u00f3w! Wszystko zacz\u0119\u0142o si\u0119 od debiutanckiej p\u0142yty\u00a0&#8222;The Piper at the Gates of Dawn&#8221; z 1967 roku, na kt\u00f3rej znalaz\u0142 si\u0119 m.in. hit lat 60. pt.\u00a0&#8222;Bike&#8221;.<\/p>\n<p>Rozwi\u0105\u017c quiz o\u00a0The Doors i Pink Floyd. Jeste\u015b mistrzem, je\u015bli zgarniesz 100 proc. punkt\u00f3w! Dalsz\u0105 cz\u0119\u015b\u0107 artyku\u0142u znajdziesz pod quizem&#8230;<\/p>\n<p>    Quiz: Quiz. The Doors czy Pink Floyd? Tylko prawdziwy fan zdob\u0119dzie 20 punkt\u00f3w!<\/p>\n<p><a name=\"eztoc22601086_0_4\" id=\"eztoc22601086_0_4\"\/>Historia piosenki &#8222;Bike&#8221;. Tak powsta\u0142 jeden z pierwszych hit\u00f3w Pink Floyd<\/p>\n<p>&#8222;Bike&#8221; jest ostatnim utworem na debiutanckim albumie Pink Floyd\u00a0&#8222;The Piper at the Gates of Dawn&#8221;. Gitarzysta i \u00f3wczesny lider grupy Syd Barrett, napisa\u0142 utw\u00f3r dla swojej dziewczyny, Jenny Spires, z kt\u00f3r\u0105 spotyka\u0142 si\u0119 w latach 60. Cho\u0107 ich zwi\u0105zek nie przetrwa\u0142 pr\u00f3by czasu, piosenka trafi\u0142a do muzycznego kanonu.<\/p>\n<p>Syd Barrett mia\u0142 18 lat, gdy w 1964 roku pozna\u0142 15-letni\u0105 Jenny Spires. W tamtym okresie muzyk mia\u0142 cz\u0119sto tworzy\u0107 wiersze oraz prace plastyczne dla swojej wybranki w 1965 roku powsta\u0142 &#8222;Bike&#8221;, kt\u00f3ry by\u0142 i\u015bcie mi\u0142osn\u0105 piosenk\u0105.<\/p>\n<p>&#8222;Jeste\u015b dziewczyn\u0105, kt\u00f3ra pasuje do mojego \u015bwiata. Dam ci wszystko, wszystko, je\u015bli czego\u015b chcesz&#8221; &#8211; brzmia\u0142 tekst piosenki, w kt\u00f3rym Barrett pokazywa\u0142 ukochanej rower, mysz czy te\u017c klan piernikowych ludzik\u00f3w.<\/p>\n<p><a name=\"eztoc22601086_0_5\" id=\"eztoc22601086_0_5\"\/>Hit lat 60. m\u00f3wi\u0142 o mi\u0142o\u015bci. W rzeczywisto\u015bci by\u0142 smutn\u0105 ballad\u0105<\/p>\n<p>Jaki\u015b czas temu w wywiadzie dla &#8222;Rolling Stone&#8221; perkusista Pink Floyd, Nick Mason, wyzna\u0142, \u017ce uwa\u017ca ten utw\u00f3r za jeden z najlepszych utwor\u00f3w Syda Barretta. &#8222;Tekst jest bardzo Sydowski, zadziwiaj\u0105co pomys\u0142owy. (&#8230;) To zabawne, ale ma w sobie g\u0142\u0119boki smutek&#8221; &#8211; stwierdzi\u0142 muzyk.<\/p>\n<p>Mason doda\u0142, tak\u017ce, \u017ce\u00a0&#8222;Bike&#8221; to jeden z jego ulubionych utwor\u00f3w Pink Floyd do grania na \u017cywo podczas koncert\u00f3w. &#8222;Trzeba trzyma\u0107 si\u0119 bardzo nietypowego metrum Syda, \u017ceby dobrze odda\u0107 rytm&#8221; &#8211; stwierdzi\u0142 w wywiadzie dla magazynu &#8222;Uncut&#8221;.<\/p>\n<p>                                        <a name=\"eztoc22601086_0_6\" id=\"eztoc22601086_0_6\"\/>Ta piosenka zwiastowa\u0142a roz\u0142am w zespole<\/p>\n<p>Mo\u017cna powiedzie\u0107, \u017ce piosenka\u00a0&#8222;Bike&#8221;, cho\u0107 dzi\u015b uwa\u017cana jest za kultow\u0105, przed laty zapocz\u0105tkowa\u0142a koniec kariery Syda Barreta w zespole. Nied\u0142ugo po wydaniu debiutanckiego albumu grupy muzyk przesta\u0142 by\u0107 cz\u0119\u015bci\u0105 Pink Floyd.<\/p>\n<p>Wyrzucenie Syda Barretta z grupy by\u0142o procesem stopniowego odsuwania go od zespo\u0142u, co ostatecznie sfinalizowano w kwietniu 1968 roku. G\u0142\u00f3wnym powodem by\u0142o pogarszaj\u0105ce si\u0119 zdrowie psychiczne muzyka oraz jego nieobliczalne zachowanie, pot\u0119gowane przez nadu\u017cywanie substancji psychoaktywnych. Problemy te sprawi\u0142y, \u017ce lider sta\u0142 si\u0119 niezdolny do pracy w zespole.<\/p>\n<p>\u0179r\u00f3d\u0142o: RockRadio.pl, Songfacts, &#8222;Bilboard&#8221;, &#8222;Rolling Stone&#8221;, &#8222;Uncut&#8221;<\/p>\n","protected":false},"excerpt":{"rendered":"6 stycznia 1946 roku na \u015bwiat przyszed\u0142 znany muzyk Syd Barrett. Wokalista i gitarzysta grupy Pink Floyd napisa\u0142&hellip;\n","protected":false},"author":2,"featured_media":190991,"comment_status":"","ping_status":"","sticky":false,"template":"","format":"standard","meta":{"footnotes":""},"categories":[22],"tags":[122,37366,22952,1252,27427,37365,42,38,40,39,41,123],"class_list":{"0":"post-190990","1":"post","2":"type-post","3":"status-publish","4":"format-standard","5":"has-post-thumbnail","7":"category-rozrywka","8":"tag-entertainment","9":"tag-historia-piosenki","10":"tag-lata-60","11":"tag-muzyka","12":"tag-muzyka-rockowa","13":"tag-pink-floyd","14":"tag-pl","15":"tag-poland","16":"tag-polish","17":"tag-polska","18":"tag-polski","19":"tag-rozrywka"},"share_on_mastodon":{"url":"https:\/\/pubeurope.com\/@pl\/115851621975863239","error":""},"_links":{"self":[{"href":"https:\/\/www.europesays.com\/pl\/wp-json\/wp\/v2\/posts\/190990","targetHints":{"allow":["GET"]}}],"collection":[{"href":"https:\/\/www.europesays.com\/pl\/wp-json\/wp\/v2\/posts"}],"about":[{"href":"https:\/\/www.europesays.com\/pl\/wp-json\/wp\/v2\/types\/post"}],"author":[{"embeddable":true,"href":"https:\/\/www.europesays.com\/pl\/wp-json\/wp\/v2\/users\/2"}],"replies":[{"embeddable":true,"href":"https:\/\/www.europesays.com\/pl\/wp-json\/wp\/v2\/comments?post=190990"}],"version-history":[{"count":0,"href":"https:\/\/www.europesays.com\/pl\/wp-json\/wp\/v2\/posts\/190990\/revisions"}],"wp:featuredmedia":[{"embeddable":true,"href":"https:\/\/www.europesays.com\/pl\/wp-json\/wp\/v2\/media\/190991"}],"wp:attachment":[{"href":"https:\/\/www.europesays.com\/pl\/wp-json\/wp\/v2\/media?parent=190990"}],"wp:term":[{"taxonomy":"category","embeddable":true,"href":"https:\/\/www.europesays.com\/pl\/wp-json\/wp\/v2\/categories?post=190990"},{"taxonomy":"post_tag","embeddable":true,"href":"https:\/\/www.europesays.com\/pl\/wp-json\/wp\/v2\/tags?post=190990"}],"curies":[{"name":"wp","href":"https:\/\/api.w.org\/{rel}","templated":true}]}}