{"id":191000,"date":"2026-01-07T03:30:16","date_gmt":"2026-01-07T03:30:16","guid":{"rendered":"https:\/\/www.europesays.com\/pl\/191000\/"},"modified":"2026-01-07T03:30:16","modified_gmt":"2026-01-07T03:30:16","slug":"tom-cruise-i-emily-blunt-w-widowiskowym-na-skraju-jutra-hit-science-fiction-dzis-w-tvn","status":"publish","type":"post","link":"https:\/\/www.europesays.com\/pl\/191000\/","title":{"rendered":"Tom Cruise i Emily Blunt w widowiskowym &#8222;Na skraju jutra&#8221;. Hit science fiction dzi\u015b w TVN"},"content":{"rendered":"<p class=\"Paragraph_desktopParagraph__U31Gm\">Fabu\u0142a skupia si\u0119 na postaci podpu\u0142kownika Billa Cage\u2019a, kt\u00f3ry zostaje wys\u0142any na samob\u00f3jcz\u0105 misj\u0119 przeciwko naje\u017ad\u017acom z kosmosu, zwanym Mimikami. Po \u015bmierci w walce, Cage budzi si\u0119 tego samego dnia i musi ponownie stawi\u0107 czo\u0142a przeciwnikom, uwi\u0119ziony w p\u0119tli czasu. Kontakt z jednym z obcych sprawia, \u017ce bohater jest zmuszony do wielokrotnego prze\u017cywania tej samej bitwy, co staje si\u0119 kluczowym elementem fabu\u0142y.<\/p>\n<p class=\"Paragraph_desktopParagraph__U31Gm\">W obsadzie filmu, opr\u00f3cz Cruise\u2019a i Blunt, pojawiaj\u0105 si\u0119 tak\u017ce Bill Paxton i Brendan Gleeson. Premiera kinowa &#8222;Na skraju jutra&#8221; odby\u0142a si\u0119 30 maja 2014 r. w wybranych krajach, a w Stanach Zjednoczonych film trafi\u0142 na ekrany 6 czerwca tego samego roku.<\/p>\n<ul class=\"OchatFollowUps_wrapper__1ry7X\">\n<li class=\"OchatFollowUps_item__Dhyly OchatFollowUps_itemDesktop__R6aBv\">Kiedy film 'Na skraju jutra&#8217; b\u0119dzie emitowany?<\/li>\n<li class=\"OchatFollowUps_item__Dhyly OchatFollowUps_itemDesktop__R6aBv\">Kto gra g\u0142\u00f3wne role w filmie?<\/li>\n<li class=\"OchatFollowUps_item__Dhyly OchatFollowUps_itemDesktop__R6aBv\">Jaki by\u0142 bud\u017cet filmu 'Na skraju jutra&#8217;?<\/li>\n<li class=\"OchatFollowUps_item__Dhyly OchatFollowUps_itemDesktop__R6aBv\">Jakie opinie krytyk\u00f3w na temat filmu?<\/li>\n<\/ul>\n<p class=\"Paragraph_desktopParagraph__U31Gm\">Produkcja Douga Limana zosta\u0142a bardzo dobrze przyj\u0119ta przez krytyk\u00f3w. Zwracano uwag\u0119 na \u015bwie\u017ce podej\u015bcie do motywu p\u0119tli czasowej, dynamiczn\u0105 re\u017cyseri\u0119 oraz kreacje aktorskie Toma Cruise\u2019a i Emily Blunt. Krytycy chwalili tak\u017ce humor obecny w filmie oraz oryginalny wygl\u0105d obcych przeciwnik\u00f3w. Wed\u0142ug portalu Rotten Tomatoes, a\u017c 91 proc. z 335 recenzji oceni\u0142o film pozytywnie, a \u015brednia ocen wynios\u0142a 7.5 na 10 punkt\u00f3w. W podsumowaniu serwisu podkre\u015blono, \u017ce produkcja jest wci\u0105gaj\u0105ca, dobrze zagrana, zabawna i pomys\u0142owa, a Tom Cruise udowadnia, \u017ce nadal potrafi by\u0107 gwiazd\u0105 kina akcji.<\/p>\n<p class=\"Paragraph_desktopParagraph__U31Gm\">Nie wszyscy recenzenci byli jednak w pe\u0142ni usatysfakcjonowani. Cz\u0119\u015b\u0107 z nich mia\u0142a zastrze\u017cenia do zako\u0144czenia filmu, cho\u0107 og\u00f3lny odbi\u00f3r pozosta\u0142 bardzo pozytywny. Na portalu Metacritic &#8222;Na skraju jutra&#8221; uzyska\u0142 \u015bredni\u0105 wa\u017con\u0105 71 na 100 punkt\u00f3w na podstawie 43 recenzji, co oznacza &#8222;przewa\u017cnie przychylne&#8221; opinie.<\/p>\n<p>Sukces kasowy i znaczenie filmu <\/p>\n<p class=\"Paragraph_desktopParagraph__U31Gm\">Film &#8222;Na skraju jutra&#8221; odni\u00f3s\u0142 sukces nie tylko w\u015br\u00f3d krytyk\u00f3w, ale tak\u017ce w box office. Produkcja zarobi\u0142a 370 mln dol. przy bud\u017cecie wynosz\u0105cym 178 mln dol., co potwierdzi\u0142o jej popularno\u015b\u0107 w\u015br\u00f3d widz\u00f3w na ca\u0142ym \u015bwiecie. Doceniono zar\u00f3wno widowiskowe efekty specjalne, jak i oryginalny pomys\u0142 na fabu\u0142\u0119, kt\u00f3ry wyr\u00f3\u017cnia\u0142 film na tle innych produkcji science fiction.<\/p>\n<p class=\"Paragraph_desktopParagraph__U31Gm\">Dzi\u0119ki po\u0142\u0105czeniu dynamicznej akcji, humoru i niebanalnej historii, &#8222;Na skraju jutra&#8221; sta\u0142 si\u0119 jednym z najciekawszych film\u00f3w gatunku ostatnich lat. Widzowie, kt\u00f3rzy jeszcze nie mieli okazji zobaczy\u0107 tej produkcji, b\u0119d\u0105 mogli nadrobi\u0107 zaleg\u0142o\u015bci podczas emisji na antenie TVN ju\u017c we wtorek 6 stycznia o godz. 20.00. Powt\u00f3rka zostanie wyemitowana w niedziel\u0119 11 stycznia o godz. 23.30.<\/p>\n","protected":false},"excerpt":{"rendered":"Fabu\u0142a skupia si\u0119 na postaci podpu\u0142kownika Billa Cage\u2019a, kt\u00f3ry zostaje wys\u0142any na samob\u00f3jcz\u0105 misj\u0119 przeciwko naje\u017ad\u017acom z kosmosu,&hellip;\n","protected":false},"author":2,"featured_media":191001,"comment_status":"","ping_status":"","sticky":false,"template":"","format":"standard","meta":{"footnotes":""},"categories":[22],"tags":[37367,122,808,261,8426,53,52,68,51,55,42,38,40,39,41,123,47,13996,65,50],"class_list":{"0":"post-191000","1":"post","2":"type-post","3":"status-publish","4":"format-standard","5":"has-post-thumbnail","7":"category-rozrywka","8":"tag-emily_blunt_aktorka","9":"tag-entertainment","10":"tag-film_filmy_kino_kinematografia_aktorka_aktor_aktorzy_aktorki_rezyserzy","11":"tag-kultura","12":"tag-najnowsze","13":"tag-new_header","14":"tag-onet3","15":"tag-onet3d","16":"tag-onet3d_2i","17":"tag-phx","18":"tag-pl","19":"tag-poland","20":"tag-polish","21":"tag-polska","22":"tag-polski","23":"tag-rozrywka","24":"tag-screening_general","25":"tag-tom_cruise_aktor","26":"tag-update_me","27":"tag-v2021"},"share_on_mastodon":{"url":"https:\/\/pubeurope.com\/@pl\/115851704597816187","error":""},"_links":{"self":[{"href":"https:\/\/www.europesays.com\/pl\/wp-json\/wp\/v2\/posts\/191000","targetHints":{"allow":["GET"]}}],"collection":[{"href":"https:\/\/www.europesays.com\/pl\/wp-json\/wp\/v2\/posts"}],"about":[{"href":"https:\/\/www.europesays.com\/pl\/wp-json\/wp\/v2\/types\/post"}],"author":[{"embeddable":true,"href":"https:\/\/www.europesays.com\/pl\/wp-json\/wp\/v2\/users\/2"}],"replies":[{"embeddable":true,"href":"https:\/\/www.europesays.com\/pl\/wp-json\/wp\/v2\/comments?post=191000"}],"version-history":[{"count":0,"href":"https:\/\/www.europesays.com\/pl\/wp-json\/wp\/v2\/posts\/191000\/revisions"}],"wp:featuredmedia":[{"embeddable":true,"href":"https:\/\/www.europesays.com\/pl\/wp-json\/wp\/v2\/media\/191001"}],"wp:attachment":[{"href":"https:\/\/www.europesays.com\/pl\/wp-json\/wp\/v2\/media?parent=191000"}],"wp:term":[{"taxonomy":"category","embeddable":true,"href":"https:\/\/www.europesays.com\/pl\/wp-json\/wp\/v2\/categories?post=191000"},{"taxonomy":"post_tag","embeddable":true,"href":"https:\/\/www.europesays.com\/pl\/wp-json\/wp\/v2\/tags?post=191000"}],"curies":[{"name":"wp","href":"https:\/\/api.w.org\/{rel}","templated":true}]}}