{"id":191038,"date":"2026-01-07T04:31:11","date_gmt":"2026-01-07T04:31:11","guid":{"rendered":"https:\/\/www.europesays.com\/pl\/191038\/"},"modified":"2026-01-07T04:31:11","modified_gmt":"2026-01-07T04:31:11","slug":"znaczne-postepy-wyslannik-usa-zabral-glos-po-spotkaniu-koalicji-chetnych-onet","status":"publish","type":"post","link":"https:\/\/www.europesays.com\/pl\/191038\/","title":{"rendered":"&quot;Znaczne post\u0119py&quot;. Wys\u0142annik USA zabra\u0142 g\u0142os po spotkaniu &quot;koalicji ch\u0119tnych&quot; &#8211; Onet"},"content":{"rendered":"<ol>\n<li><a href=\"https:\/\/news.google.com\/rss\/articles\/CBMiywFBVV95cUxNeUZEcEJzeFVQaDgxQlZycGtrdzdOTGZ3Yl9USkNhTXF1M3Q4WlkwdVpjYlFMVk5YYjk0c1AwcV8wbko2THRrZmcyUHJSVEJVcC1qNDYtR3k2OS1FYW1TZ2I0NGNFUnJVVU1BRmpyOThUaGdIQURGVXdqRTZNaTVEa3FXRUhabFJua2FSbk8yTEx6R1N5OWVES0hUTzJxSzIyaHVoLUlFZTZEbnd3RldIVThvM1c0M1RENVVzYWRiQkh1LWRFekZsa3BkSQ?oc=5\" target=\"_blank\" rel=\"nofollow noopener\">&#8222;Znaczne post\u0119py&#8221;. Wys\u0142annik USA zabra\u0142 g\u0142os po spotkaniu &#8222;koalicji ch\u0119tnych&#8221;<\/a>&nbsp;&nbsp;Onet<\/li>\n<li><a href=\"https:\/\/news.google.com\/rss\/articles\/CBMivwFBVV95cUxQVFduUVFPZFNfNHBTNExFS2JlLVFZUkxMRjdlOHdfMkRtTmhZY1lwaWcyVmVKSGgwNnY5bUpaLUNUeXhIWUUxZUk5LWxBelE5WEFRTExsUTJmU0JkREdmRFlrWHNMOGw0dXNpOWRHRm50V3ZCZjNxdUFSZ25EMktTZkdDUU96RUhPaWpoUWZ5UThTbUVLLTF6MzlDbDA0dmxib0ZvMWU2YUNOcEJ3WWRFdWVIcUtiMTBfeGtJZy1YRQ?oc=5\" target=\"_blank\" rel=\"nofollow noopener\">Amerykanie komentuj\u0105 ustalenia w sprawie Ukrainy. &#8222;Wielki kamie\u0144 milowy&#8221;<\/a>&nbsp;&nbsp;Wydarzenia w INTERIA.PL<\/li>\n<li><a href=\"https:\/\/news.google.com\/rss\/articles\/CBMiuwFBVV95cUxPeWhGQWpGVGlFbWQ5U0MxV3doZWl3eEpaQ3RkaTBTWTdocllhMnZJWXZBV1pCb0t5Y2dmYTZMTHNiMHM3VkcxeV9WRXltUlNaazhheVFNaHdKTXJobE9VTlpQcjFOU1RLbHNfUzZiVFB2WUVVY3ZQdEJQa25hLU9RN0pjaERPeGJwSlloQkNxVHlacnlDOXdGVm9XQTFOMzAtWHRJT3dQR1FZZ1BidW42bVRqYTNaNEN0Sm13?oc=5\" target=\"_blank\" rel=\"nofollow noopener\">Tusk ujawnia szczeg\u00f3\u0142y po spotkaniu ws. Ukrainy. Taka b\u0119dzie rola Polski<\/a>&nbsp;&nbsp;Gazeta<\/li>\n<li><a href=\"https:\/\/news.google.com\/rss\/articles\/CBMivgFBVV95cUxNVkQ1c1hTX1VZeXpMNFpIaEkya3o2ckJaRlVGbEFKTkJ5U1l0ODJPSHhxdkRpM00yMy0yd0RCcGlvZ1RCc1BkUXJJUS1YMExrRVVMNjhkUDZvZHVYbElUdjdsWW9FUGl1eXBCc2dtbF85UHpUSlIwV3lKWkxZc0U1ZUxyLTVVcXpGMi1RWGNybmtFVU5sZXNwN3V4d1ljemtiMEwwSWVIV09NczZFV2RaWFg4SnFYeTZ4WWtjcm1B?oc=5\" target=\"_blank\" rel=\"nofollow noopener\">Koalicja ch\u0119tnych tworzy kom\u00f3rk\u0119 koordynacyjn\u0105 w Pary\u017cu<\/a>&nbsp;&nbsp;Defence24<\/li>\n<li><a href=\"https:\/\/news.google.com\/rss\/articles\/CBMinAFBVV95cUxOS0VmTlZhSkxqTlhsMDlWNzc1MDBCU2VXUFZOTzRsRkptSFhPVVJhdzJHUXRTR3BNMGlual92Ym5TaVJtVUZ4Snl6azktbnVQdjBnT2Zaa050S21jaU1jTVh0VUZ0bU1kYW0xcXdNeU93MlhSckRYUTdkNFlIMkhfRFZDcGxRdVFsekpwMHpEbDY2dEZIeUlVWUV2WDQ?oc=5\" target=\"_blank\" rel=\"nofollow noopener\">&#8222;Sceptyczny co do intencji Rosji&#8221;. Tusk opublikowa\u0142 wpis<\/a>&nbsp;&nbsp;WP Wiadomo\u015bci<\/li>\n<\/ol>\n","protected":false},"excerpt":{"rendered":"&#8222;Znaczne post\u0119py&#8221;. Wys\u0142annik USA zabra\u0142 g\u0142os po spotkaniu &#8222;koalicji ch\u0119tnych&#8221;&nbsp;&nbsp;Onet Amerykanie komentuj\u0105 ustalenia w sprawie Ukrainy. &#8222;Wielki kamie\u0144&hellip;\n","protected":false},"author":2,"featured_media":191039,"comment_status":"","ping_status":"","sticky":false,"template":"","format":"standard","meta":{"footnotes":""},"categories":[5],"tags":[32,33,36,37,27,67,64,34,35,28,31,53,25,52,68,51,1672,55,42,38,40,39,41,62,47,59,11050,29,30,390,65,50,26,309],"class_list":{"0":"post-191038","1":"post","2":"type-post","3":"status-publish","4":"format-standard","5":"has-post-thumbnail","7":"category-naglowki","8":"tag-breaking-news","9":"tag-breakingnews","10":"tag-featured-news","11":"tag-featurednews","12":"tag-headlines","13":"tag-intextvideo_splayer","14":"tag-inwazja_rosji_na_ukraine_2014_","15":"tag-latest-news","16":"tag-latestnews","17":"tag-naglowki","18":"tag-najwazniejsze-artykuly","19":"tag-new_header","20":"tag-news","21":"tag-onet3","22":"tag-onet3d","23":"tag-onet3d_2i","24":"tag-paryz_miasto","25":"tag-phx","26":"tag-pl","27":"tag-poland","28":"tag-polish","29":"tag-polska","30":"tag-polski","31":"tag-rosja_kraj_rosjanin_rosjanie_rosjanka_rosjanki","32":"tag-screening_general","33":"tag-stany_zjednoczone_usa","34":"tag-steve_witkoff","35":"tag-top-stories","36":"tag-topstories","37":"tag-ukraina_ukrainiec_ukrainka_ukraincy_ukrainki","38":"tag-update_me","39":"tag-v2021","40":"tag-wiadomosci","41":"tag-wolodymyr_zelenski"},"share_on_mastodon":{"url":"","error":"Validation failed: Text character limit of 500 exceeded"},"_links":{"self":[{"href":"https:\/\/www.europesays.com\/pl\/wp-json\/wp\/v2\/posts\/191038","targetHints":{"allow":["GET"]}}],"collection":[{"href":"https:\/\/www.europesays.com\/pl\/wp-json\/wp\/v2\/posts"}],"about":[{"href":"https:\/\/www.europesays.com\/pl\/wp-json\/wp\/v2\/types\/post"}],"author":[{"embeddable":true,"href":"https:\/\/www.europesays.com\/pl\/wp-json\/wp\/v2\/users\/2"}],"replies":[{"embeddable":true,"href":"https:\/\/www.europesays.com\/pl\/wp-json\/wp\/v2\/comments?post=191038"}],"version-history":[{"count":0,"href":"https:\/\/www.europesays.com\/pl\/wp-json\/wp\/v2\/posts\/191038\/revisions"}],"wp:featuredmedia":[{"embeddable":true,"href":"https:\/\/www.europesays.com\/pl\/wp-json\/wp\/v2\/media\/191039"}],"wp:attachment":[{"href":"https:\/\/www.europesays.com\/pl\/wp-json\/wp\/v2\/media?parent=191038"}],"wp:term":[{"taxonomy":"category","embeddable":true,"href":"https:\/\/www.europesays.com\/pl\/wp-json\/wp\/v2\/categories?post=191038"},{"taxonomy":"post_tag","embeddable":true,"href":"https:\/\/www.europesays.com\/pl\/wp-json\/wp\/v2\/tags?post=191038"}],"curies":[{"name":"wp","href":"https:\/\/api.w.org\/{rel}","templated":true}]}}