{"id":191051,"date":"2026-01-07T04:53:07","date_gmt":"2026-01-07T04:53:07","guid":{"rendered":"https:\/\/www.europesays.com\/pl\/191051\/"},"modified":"2026-01-07T04:53:07","modified_gmt":"2026-01-07T04:53:07","slug":"niemiecki-gwiazdor-zachwycony-tym-co-robi-kacper-tomasiak-przeglad-sportowy-onet","status":"publish","type":"post","link":"https:\/\/www.europesays.com\/pl\/191051\/","title":{"rendered":"Niemiecki gwiazdor zachwycony tym, co robi Kacper Tomasiak! &#8211; Przegl\u0105d Sportowy Onet"},"content":{"rendered":"<ol>\n<li><a href=\"https:\/\/news.google.com\/rss\/articles\/CBMiygFBVV95cUxOeHhzSnpVa3QzNzg4VWdwT0tLU0Rjb29nbkdnWjFLUEV0YlF5S0NsMEpPWWV0cmpJbmtydXBoMjlJMHhoTlhESDJHMGdTU2pVTFRfRnZ0SldpZlFlLURqcFNYU2RqVHNXSFBwVEpURTl0YmF0V21LeGEwbU1jcDBBcmFnQkEyZUl6ZHlJbkctb05CX2U3YjNkOXBOR1VKTU5TeEd3TGdMMHphUml1MFJQSWNjXzN5Mm85RWRjM093Z3VpQVcxNDIwUVlR?oc=5\" target=\"_blank\" rel=\"nofollow noopener\">Niemiecki gwiazdor zachwycony tym, co robi Kacper Tomasiak!<\/a>&nbsp;&nbsp;Przegl\u0105d Sportowy Onet<\/li>\n<li><a href=\"https:\/\/news.google.com\/rss\/articles\/CBMivAFBVV95cUxPNHB1TDZFRVFsTkZPTkpQT1dYYy1XdHRZc2dxRzZwYnhwLXhDYmpOMU0zM0lYWWdvbUhWbFlqX2xJS3NQd2lMcHl5NnRfd05PRnZzZnlTbFRiRXh1Q09hdjlsLV83a2xQSHVpY3RZcXFNY2J4UWhPc3JJMXlkN3hkdmNyVHc3ZFRybGRXc0ZiZmtaSEFFU1drX1lRUEZtNERNZ25yWnZoZGJIenR6ekNKbGZQRGl1M0dLRFk5aQ?oc=5\" target=\"_blank\" rel=\"nofollow noopener\">Tomasiak poszed\u0142 drog\u0105 \u015awi\u0105tek. W ko\u0144cu si\u0119 wyda\u0142o. Skoczek w wyj\u0105tkowym gronie<\/a>&nbsp;&nbsp;Sport w INTERIA.PL<\/li>\n<li><a href=\"https:\/\/news.google.com\/rss\/articles\/CBMirgFBVV95cUxORHNQR0Q4TXBYeXlzRHlMbDROWDYzTUo3Rkt5TE4zQklraDhLbXZWWDB4dWIwWDR3TWdqTk15MUZxYjFvcEU3N1ZHbHNZN2tKcDRKTEYtRGp0QXYyVl9TWVdvZGNlblpTeDlhR3g0LTFmS1RWRlBnRWRBUmltZ2ZtTk5JTEhYcG1sWWZNV3k4aXdaNjE1UkVqcHJaeWk4QTFQbmpOX3ZZXzhCTjZoM1E?oc=5\" target=\"_blank\" rel=\"nofollow noopener\">&#8222;Najwy\u017cszy poziom&#8221;. Niemiec zachwycony 18-latkiem z Polski<\/a>&nbsp;&nbsp;SportoweFakty<\/li>\n<li><a href=\"https:\/\/news.google.com\/rss\/articles\/CBMiqwFBVV95cUxPbGJYZlAxU0hIaUlPYnprNVNsMDc2OTZjUFdWSG9YMkVGVXZrMDQyeWJzR1VsaVh6RVBXY05fU0t2WGlZLTNYQnBaZE1KQ0NwZ2hyOTk4dktuSUhVaTNpR0J6VHEwa0JCanZoLWVpTENYTk1VRUtZZER2dlRlY2FjcjRLRTU0WDQxSjN5VmttWDlJNzBnanFJQkwyTjFXNkRXUjNydnNtWEZCdTg?oc=5\" target=\"_blank\" rel=\"nofollow noopener\">Legenda skok\u00f3w oczarowana polskim talentem. Te s\u0142owa posz\u0142y w \u015bwiat<\/a>&nbsp;&nbsp;Sport.pl<\/li>\n<li><a href=\"https:\/\/news.google.com\/rss\/articles\/CBMiqAFBVV95cUxPNUtQRFVvaUxENndSblMtejlIZG14VGs0Y2lqbTZ3STRtbVJJb0dsd09VdGVaVkVrQnkxSHNFSGdUX1NpcU4tTFgwOWJHM0p2WDdYZGtsRW9XT1RIUzVya3BRZlBudGlwLVlreXFDMFdPY250UnRDZlhXVzFhd0VmMTd2SzhuT09nRFItRGdNT2JJWkNyamRMZmxybTVvSHl2d3JQLWNrSTY?oc=5\" target=\"_blank\" rel=\"nofollow noopener\">Tomasiak zestawiony z legendami. &#8222;Fajnie si\u0119 na to patrzy&#8221;<\/a>&nbsp;&nbsp;Meczyki.pl<\/li>\n<\/ol>\n","protected":false},"excerpt":{"rendered":"Niemiecki gwiazdor zachwycony tym, co robi Kacper Tomasiak!&nbsp;&nbsp;Przegl\u0105d Sportowy Onet Tomasiak poszed\u0142 drog\u0105 \u015awi\u0105tek. W ko\u0144cu si\u0119 wyda\u0142o.&hellip;\n","protected":false},"author":2,"featured_media":191052,"comment_status":"","ping_status":"","sticky":false,"template":"","format":"standard","meta":{"footnotes":""},"categories":[24],"tags":[67,15023,746,32535,42,38,40,39,41,136,128,47,1874,127,135,126,28548,130],"class_list":{"0":"post-191051","1":"post","2":"type-post","3":"status-publish","4":"format-standard","5":"has-post-thumbnail","7":"category-sport","8":"tag-intextvideo_splayer","9":"tag-kacper_tomasiak","10":"tag-lysy","11":"tag-markus_eisenbichler","12":"tag-pl","13":"tag-poland","14":"tag-polish","15":"tag-polska","16":"tag-polski","17":"tag-ps_detal_new","18":"tag-psv2","19":"tag-screening_general","20":"tag-skoki_narciarskie","21":"tag-sport","22":"tag-sport_sport","23":"tag-sports","24":"tag-turniej_czterech_skoczni","25":"tag-wiadomosci_sportowe"},"share_on_mastodon":{"url":"https:\/\/pubeurope.com\/@pl\/115852030898159549","error":""},"_links":{"self":[{"href":"https:\/\/www.europesays.com\/pl\/wp-json\/wp\/v2\/posts\/191051","targetHints":{"allow":["GET"]}}],"collection":[{"href":"https:\/\/www.europesays.com\/pl\/wp-json\/wp\/v2\/posts"}],"about":[{"href":"https:\/\/www.europesays.com\/pl\/wp-json\/wp\/v2\/types\/post"}],"author":[{"embeddable":true,"href":"https:\/\/www.europesays.com\/pl\/wp-json\/wp\/v2\/users\/2"}],"replies":[{"embeddable":true,"href":"https:\/\/www.europesays.com\/pl\/wp-json\/wp\/v2\/comments?post=191051"}],"version-history":[{"count":0,"href":"https:\/\/www.europesays.com\/pl\/wp-json\/wp\/v2\/posts\/191051\/revisions"}],"wp:featuredmedia":[{"embeddable":true,"href":"https:\/\/www.europesays.com\/pl\/wp-json\/wp\/v2\/media\/191052"}],"wp:attachment":[{"href":"https:\/\/www.europesays.com\/pl\/wp-json\/wp\/v2\/media?parent=191051"}],"wp:term":[{"taxonomy":"category","embeddable":true,"href":"https:\/\/www.europesays.com\/pl\/wp-json\/wp\/v2\/categories?post=191051"},{"taxonomy":"post_tag","embeddable":true,"href":"https:\/\/www.europesays.com\/pl\/wp-json\/wp\/v2\/tags?post=191051"}],"curies":[{"name":"wp","href":"https:\/\/api.w.org\/{rel}","templated":true}]}}