{"id":191059,"date":"2026-01-07T05:07:07","date_gmt":"2026-01-07T05:07:07","guid":{"rendered":"https:\/\/www.europesays.com\/pl\/191059\/"},"modified":"2026-01-07T05:07:07","modified_gmt":"2026-01-07T05:07:07","slug":"show-w-super-tie-breaku-polacy-znow-to-zrobili-finisz-marzen-mamy-awans-przeglad-sportowy-onet","status":"publish","type":"post","link":"https:\/\/www.europesays.com\/pl\/191059\/","title":{"rendered":"Show w super tie-breaku, Polacy zn\u00f3w to zrobili! Finisz marze\u0144, mamy awans &#8211; Przegl\u0105d Sportowy Onet"},"content":{"rendered":"<ol>\n<li><a href=\"https:\/\/news.google.com\/rss\/articles\/CBMiugFBVV95cUxNU3YzbTBQcE9aTkVIT19jUHBnbTlDa3NnS0ZWRFZySENIWkszWlUwc2t0LVZCcG9RV21YYktRejJZMFRyYTU2dmpCdW93X2xZNld2MmhaTWQtSGJlSFVwNk1YT1Z4QTk4LVFRX0xKR0poT1o5clNYLTh4TDg1WGRXd3ZVZjlNQUJvSTNSQ3ljOHZBUTZpWXE0NUZKa1NHRHZvcDJJRUtYMGNDZlNaSmx1M2Rjbjh6dzlzSlE?oc=5\" target=\"_blank\" rel=\"nofollow noopener\">Show w super tie-breaku, Polacy zn\u00f3w to zrobili! Finisz marze\u0144, mamy awans<\/a>&nbsp;&nbsp;Przegl\u0105d Sportowy Onet<\/li>\n<li><a href=\"https:\/\/news.google.com\/rss\/articles\/CBMitgFBVV95cUxPSDlJS3BlaWcycTMxdFd4aFV4ZldHdEdId3N6SnotRkJHMkhsYUF1VVN1TElGTG9fOTRWbWNtMkJBLU5ZWE5BTnlzMXRUWm5HNlVVUERvSzBPeDFiR205dXkzTlVtWngxZ2ZjN2Nnb2M3eHdXdldDd0UxdkxxbTlRX0hqZk1YRURUWHZpTU15UFlrRlUtQ1EtU3VUekxMamthZmtBODk5Q3lDLWd3ZWtmODFfQzNFZw?oc=5\" target=\"_blank\" rel=\"nofollow noopener\">Zmiana w ostatniej chwili, \u015awi\u0105tek zast\u0105piona przez Kaw\u0119. O wyniku decydowa\u0142 tie-break<\/a>&nbsp;&nbsp;Sport w INTERIA.PL<\/li>\n<li><a href=\"https:\/\/news.google.com\/rss\/articles\/CBMimAFBVV95cUxOMEJSSTZURnl1bVhZRm92Q1h4UkR1LVZuNTRNVnJxVHk4R2dhd3hNNmRuOEt0M0ZmeDB1VWhVVm40b3FFeDFlbnpGZFRZb1VtaHNiNm5yU043TC1DTkJ4bmRrZldwY0JGZFBHSTRJNU9IeHZyRHd0WUpiZ2pmTzVtX3BPaFBfRW1BSndSNC1vS1dtM2lLdlBKWg?oc=5\" target=\"_blank\" rel=\"nofollow noopener\">Postawili kropk\u0119 nad &#8222;i&#8221;. Polska zn\u00f3w by\u0142a nieuchwytna<\/a>&nbsp;&nbsp;SportoweFakty<\/li>\n<li><a href=\"https:\/\/news.google.com\/rss\/articles\/CBMiswFBVV95cUxPa093QTVTbEg0V0prWmdrbzctaDEzRDFuVklNMGRkUmFQV0p1bWNMV0FQN01JTktaYW5HeVBpSWFuQnBVanJrNm1jREJtRks5TnA5MUVGb0poNDNoYTBOVWMtTjFlV3JsQzQxWGJ1Y2lxVEt3TjdNTnUxejF3U21NS3hPQ2lRaHhmRkN4eVVWMjA4dVFJM1Y3NE5mRXBPX3RjSkNZOGVkWTlRNGc4VGdSUVRZdw?oc=5\" target=\"_blank\" rel=\"nofollow noopener\">United Cup: Kawa\/Zieli\u0144ski &#8211; Schuurs\/Pel. Relacja live i wynik na \u017cywo<\/a>&nbsp;&nbsp;www.polsatsport.pl<\/li>\n<li><a href=\"https:\/\/news.google.com\/rss\/articles\/CBMingFBVV95cUxPb2ZKNHhGZnI3UmcwcTA3ZjJJZjdtTlpyZkphWEVNdXVMcVQ3dXhGYk93VTRVRGJDTktncm0wSjJBVms3LVBXRWxRNElid1lhVU1YLVAwZWZPT0ptaXpKUHY5am5PNTJEcU1wNElNWmpWSkMxRHR6NDRqN1k5cGNzMXM5LVpPSVBQNGpQT0M0MTZFUDhMcm5TMWt3b1Y3UQ?oc=5\" target=\"_blank\" rel=\"nofollow noopener\">Polska kontra Holandia! \u015aled\u017a mikst w United Cup [NA \u017bYWO]<\/a>&nbsp;&nbsp;sport.tvp.pl<\/li>\n<\/ol>\n","protected":false},"excerpt":{"rendered":"Show w super tie-breaku, Polacy zn\u00f3w to zrobili! Finisz marze\u0144, mamy awans&nbsp;&nbsp;Przegl\u0105d Sportowy Onet Zmiana w ostatniej chwili,&hellip;\n","protected":false},"author":2,"featured_media":191060,"comment_status":"","ping_status":"","sticky":false,"template":"","format":"standard","meta":{"footnotes":""},"categories":[24],"tags":[2080,67,36846,4398,549,42,38,40,39,41,136,128,47,127,135,126,156,13444,157],"class_list":{"0":"post-191059","1":"post","2":"type-post","3":"status-publish","4":"format-standard","5":"has-post-thumbnail","7":"category-sport","8":"tag-atp","9":"tag-intextvideo_splayer","10":"tag-jan_zielinski","11":"tag-katarzyna_kawa","12":"tag-pber","13":"tag-pl","14":"tag-poland","15":"tag-polish","16":"tag-polska","17":"tag-polski","18":"tag-ps_detal_new","19":"tag-psv2","20":"tag-screening_general","21":"tag-sport","22":"tag-sport_sport","23":"tag-sports","24":"tag-tenis","25":"tag-united_cup","26":"tag-wta"},"share_on_mastodon":{"url":"https:\/\/pubeurope.com\/@pl\/115852085992554287","error":""},"_links":{"self":[{"href":"https:\/\/www.europesays.com\/pl\/wp-json\/wp\/v2\/posts\/191059","targetHints":{"allow":["GET"]}}],"collection":[{"href":"https:\/\/www.europesays.com\/pl\/wp-json\/wp\/v2\/posts"}],"about":[{"href":"https:\/\/www.europesays.com\/pl\/wp-json\/wp\/v2\/types\/post"}],"author":[{"embeddable":true,"href":"https:\/\/www.europesays.com\/pl\/wp-json\/wp\/v2\/users\/2"}],"replies":[{"embeddable":true,"href":"https:\/\/www.europesays.com\/pl\/wp-json\/wp\/v2\/comments?post=191059"}],"version-history":[{"count":0,"href":"https:\/\/www.europesays.com\/pl\/wp-json\/wp\/v2\/posts\/191059\/revisions"}],"wp:featuredmedia":[{"embeddable":true,"href":"https:\/\/www.europesays.com\/pl\/wp-json\/wp\/v2\/media\/191060"}],"wp:attachment":[{"href":"https:\/\/www.europesays.com\/pl\/wp-json\/wp\/v2\/media?parent=191059"}],"wp:term":[{"taxonomy":"category","embeddable":true,"href":"https:\/\/www.europesays.com\/pl\/wp-json\/wp\/v2\/categories?post=191059"},{"taxonomy":"post_tag","embeddable":true,"href":"https:\/\/www.europesays.com\/pl\/wp-json\/wp\/v2\/tags?post=191059"}],"curies":[{"name":"wp","href":"https:\/\/api.w.org\/{rel}","templated":true}]}}