{"id":191110,"date":"2026-01-07T06:10:08","date_gmt":"2026-01-07T06:10:08","guid":{"rendered":"https:\/\/www.europesays.com\/pl\/191110\/"},"modified":"2026-01-07T06:10:08","modified_gmt":"2026-01-07T06:10:08","slug":"wiesci-przyszly-tuz-przed-23-00-dramat-rywala-wojciecha-szczesnego-przeglad-sportowy-onet","status":"publish","type":"post","link":"https:\/\/www.europesays.com\/pl\/191110\/","title":{"rendered":"Wie\u015bci przysz\u0142y tu\u017c przed 23.00. Dramat rywala Wojciecha Szcz\u0119snego! &#8211; Przegl\u0105d Sportowy Onet"},"content":{"rendered":"<ol>\n<li><a href=\"https:\/\/news.google.com\/rss\/articles\/CBMiwwFBVV95cUxNVWZENVl3NnAxb2Y1ZUFhRjR6RHRKLUFYdExDS2ppbkZoOVIxd2F6YnU1WUdwbWRXZ2FTZl90Tm5wR1Rvcl9KV0NvYTZBQWtxazlOcjJ3bW1DVzFtQU5oMlpSc0ZBbU1NbWxuaDhLX01yUXplSGhUbVU1bFVCMUhGN3ZWd1hubk1xRHhKQ0NPRTJ4ME9aeUMzTXB5V0VxRlNQdmtxTGxVRmJmSl95dXphQW90S0hWYUVSZmZhVFpxRzVkeHM?oc=5\" target=\"_blank\" rel=\"nofollow noopener\">Wie\u015bci przysz\u0142y tu\u017c przed 23.00. Dramat rywala Wojciecha Szcz\u0119snego!<\/a>&nbsp;&nbsp;Przegl\u0105d Sportowy Onet<\/li>\n<li><a href=\"https:\/\/news.google.com\/rss\/articles\/CBMiwAFBVV95cUxOM3BfMHUwblgweEgtd0NsLUJ5bGlkWWVJX0Q5WFE3WVZlVHE0X0NRc1lhaG5oQVl5azdBSFg3NmhfUE1pV19rZHpLdk5fMGFkeTZfblo4Y2NSdGtfNjlDblJlTWExRUhaVXlWUHl6QU5ndXlzazYtaC1uc19zcGhlNE9ibnBFdW01MFUzcGE4S2VVQ3hWTWVweTVxMlJnbkpHR2tFQVZuTmVsVTFxSFI1NGo2M2c5WGRnZG9JaEJzY0E?oc=5\" target=\"_blank\" rel=\"nofollow noopener\">Dramat Ter Stegena, Barcelona potwierdza. Pilny komunikat ws. Niemca<\/a>&nbsp;&nbsp;Sport w INTERIA.PL<\/li>\n<li><a href=\"https:\/\/news.google.com\/rss\/articles\/CBMikwFBVV95cUxPTFU3d3FteWhVRS0tLU5RUHU1N3g5MWc3SDNHNHpaRUs2UDZWSGh3bTRSY2NfbDlBVGRNcTI4V2xhajlqb2dwcmZDZUoyamc1Wmh1U1V4bzBQY25CVDhzQm82dXF5NE8xTEF6UTZuVVZOWlpLZzFHVlI5U2VROURjNGE2cmFFV3Z4RzNuRWRPZlB0anc?oc=5\" target=\"_blank\" rel=\"nofollow noopener\">Dramat gwiazdy Barcelony. Kolejna kontuzja<\/a>&nbsp;&nbsp;SportoweFakty<\/li>\n<li><a href=\"https:\/\/news.google.com\/rss\/articles\/CBMiqAFBVV95cUxPemtfWXMtaHNxWGJjVHBBNjBUMkhLeG9mVG5KcEFob19LbURKcUkwcHNXX0UtaEJmVmdZWWZpTTF2QWc0RUd3RVBHYUVXSl96RENUNjdIZC1xN04zeHZlNVNXcTlyMGxrZGlYUTNPaGtybkNGRm9lX2x2NFdVWng0NXlVcXp0a2hoZzFhbFZmNjNmRXhaQng1NFhLdVNoa1FxUERBZ1R1eXg?oc=5\" target=\"_blank\" rel=\"nofollow noopener\">Kolejna kontuzja Ter Stegena. Awaryjne powo\u0142anie Barcelony<\/a>&nbsp;&nbsp;Meczyki.pl<\/li>\n<li><a href=\"https:\/\/news.google.com\/rss\/articles\/CBMifkFVX3lxTFBZOWdubWp1S3N5cnh1dlh2ejJuU1hNZ2x0ZTh5ZlpZNnVfRUgzN2NESTdZWnhINm96cFMyOGx0RUYxcDJkdHdvbDFNTGw1SUdtOEVfdk1DaGg0MlE5R1lBMjlWUUFWdnVWWEJ6TTV1bTZiNzBNQi13Ty13bDdlZ9IBgwFBVV95cUxPSkw1MVMyQ3pWVDlIVTQ0a3RwVHNnb01OaXB3ZUozZW9vS1dIV2F1dVZFenJLZDBOVERSX2ZpUE1BM2dTRVllak43TFRncE5aRE5lSkgxeXdfNnM0SkVYMHFnTHBqMVVzXzlBTFdjNjFsSmx4M2d0Q2dpT09ZOUFvb0gtaw?oc=5\" target=\"_blank\" rel=\"nofollow noopener\">Marc-Andre ter Stegen ponownie kontuzjowany<\/a>&nbsp;&nbsp;sport.tvp.pl<\/li>\n<\/ol>\n","protected":false},"excerpt":{"rendered":"Wie\u015bci przysz\u0142y tu\u017c przed 23.00. Dramat rywala Wojciecha Szcz\u0119snego!&nbsp;&nbsp;Przegl\u0105d Sportowy Onet Dramat Ter Stegena, Barcelona potwierdza. Pilny komunikat&hellip;\n","protected":false},"author":2,"featured_media":191111,"comment_status":"","ping_status":"","sticky":false,"template":"","format":"standard","meta":{"footnotes":""},"categories":[24],"tags":[1157,67,2051,746,29806,42,38,40,39,41,136,128,47,127,135,126,37082,130,1789],"class_list":{"0":"post-191110","1":"post","2":"type-post","3":"status-publish","4":"format-standard","5":"has-post-thumbnail","7":"category-sport","8":"tag-barcelona","9":"tag-intextvideo_splayer","10":"tag-laliga","11":"tag-lysy","12":"tag-marc_andre_ter_stegen","13":"tag-pl","14":"tag-poland","15":"tag-polish","16":"tag-polska","17":"tag-polski","18":"tag-ps_detal_new","19":"tag-psv2","20":"tag-screening_general","21":"tag-sport","22":"tag-sport_sport","23":"tag-sports","24":"tag-superpuchar_hiszpanii","25":"tag-wiadomosci_sportowe","26":"tag-wojciech_szczesny"},"share_on_mastodon":{"url":"https:\/\/pubeurope.com\/@pl\/115852333723566534","error":""},"_links":{"self":[{"href":"https:\/\/www.europesays.com\/pl\/wp-json\/wp\/v2\/posts\/191110","targetHints":{"allow":["GET"]}}],"collection":[{"href":"https:\/\/www.europesays.com\/pl\/wp-json\/wp\/v2\/posts"}],"about":[{"href":"https:\/\/www.europesays.com\/pl\/wp-json\/wp\/v2\/types\/post"}],"author":[{"embeddable":true,"href":"https:\/\/www.europesays.com\/pl\/wp-json\/wp\/v2\/users\/2"}],"replies":[{"embeddable":true,"href":"https:\/\/www.europesays.com\/pl\/wp-json\/wp\/v2\/comments?post=191110"}],"version-history":[{"count":0,"href":"https:\/\/www.europesays.com\/pl\/wp-json\/wp\/v2\/posts\/191110\/revisions"}],"wp:featuredmedia":[{"embeddable":true,"href":"https:\/\/www.europesays.com\/pl\/wp-json\/wp\/v2\/media\/191111"}],"wp:attachment":[{"href":"https:\/\/www.europesays.com\/pl\/wp-json\/wp\/v2\/media?parent=191110"}],"wp:term":[{"taxonomy":"category","embeddable":true,"href":"https:\/\/www.europesays.com\/pl\/wp-json\/wp\/v2\/categories?post=191110"},{"taxonomy":"post_tag","embeddable":true,"href":"https:\/\/www.europesays.com\/pl\/wp-json\/wp\/v2\/tags?post=191110"}],"curies":[{"name":"wp","href":"https:\/\/api.w.org\/{rel}","templated":true}]}}