{"id":191125,"date":"2026-01-07T06:21:07","date_gmt":"2026-01-07T06:21:07","guid":{"rendered":"https:\/\/www.europesays.com\/pl\/191125\/"},"modified":"2026-01-07T06:21:07","modified_gmt":"2026-01-07T06:21:07","slug":"donald-trump-alarmuje-jesli-nie-wygramy-czeka-mnie-impeachment","status":"publish","type":"post","link":"https:\/\/www.europesays.com\/pl\/191125\/","title":{"rendered":"Donald Trump alarmuje. &#8222;Je\u015bli nie wygramy, czeka mnie impeachment&#8221;"},"content":{"rendered":"<p class=\"ods-c-paragraph \">&#8222;Musicie wygra\u0107 wybory uzupe\u0142niaj\u0105ce, bo je\u015bli ich nie wygramy, to po prostu\u2026 to znaczy, znajd\u0105 pow\u00f3d, \u017ceby mnie postawi\u0107 w stan oskar\u017cenia&#8221; \u2014 te s\u0142owa pad\u0142y z ust Donalda Trumpa podczas spotkania z republika\u0144skimi kongresmenami w Waszyngtonie.<\/p>\n<p>Dalszy ci\u0105g artyku\u0142u pod materia\u0142em wideo<\/p>\n<p> Jakie wybory s\u0105 planowane w 2026 roku? <\/p>\n<p> Czego obawia si\u0119 Donald Trump w kontek\u015bcie impeachmentu? <\/p>\n<p> Jakie kwestie Trump chce, aby jego partia omawia\u0142a? <\/p>\n<p> Co mo\u017ce spowodowa\u0107 utrata wi\u0119kszo\u015bci przez Republikan\u00f3w? <\/p>\n<p class=\"ods-c-paragraph \">Prezydent wprost zadeklarowa\u0142, \u017ce w przypadku utraty wi\u0119kszo\u015bci przez jego parti\u0119, zostanie poddany procedurze impeachmentu.<\/p>\n<p>Trump apeluje o jedno\u015b\u0107 i boi si\u0119 aktu oskar\u017cenia<\/p>\n<p class=\"ods-c-paragraph \">Podczas przem\u00f3wienia w Kennedy Center, Trump wezwa\u0142 swoich partyjnych koleg\u00f3w do zwarcia szereg\u00f3w i wsp\u00f3lnej walki w kluczowych kwestiach \u015bwiatopogl\u0105dowych i gospodarczych. Prezydent chce, aby partia m\u00f3wi\u0142a jednym g\u0142osem w tematach takich jak:<\/p>\n<ul class=\"ods-m-bullet-list\">\n<li class=\"ods-a-bullet ods-a-bullet--normal\"> polityka p\u0142ci, <\/li>\n<li class=\"ods-a-bullet ods-a-bullet--normal\"> reforma opieki zdrowotnej, <\/li>\n<li class=\"ods-a-bullet ods-a-bullet--normal\"> reforma wyborcza, <\/li>\n<li class=\"ods-a-bullet ods-a-bullet--normal\"> rosn\u0105ce koszty utrzymania obywateli. <\/li>\n<\/ul>\n<p class=\"ods-c-paragraph \">Mimo \u017ce Donald Trump oficjalnie przewiduje &#8222;mia\u017cd\u017c\u0105ce zwyci\u0119stwo&#8221; Republikan\u00f3w, w jego s\u0142owach s\u0142ycha\u0107 wyra\u017any niepok\u00f3j zwi\u0105zany z histori\u0105. Prezydent obawia si\u0119 tzw. historycznego precedensu, wed\u0142ug kt\u00f3rego partia aktualnie urz\u0119duj\u0105cego przyw\u00f3dcy zazwyczaj radzi sobie s\u0142abo w wyborach \u015brodka kadencji.<\/p>\n<p class=\"ods-c-paragraph \">Cho\u0107 Republikanie w Izbie Reprezentant\u00f3w do tej pory okazywali Trumpowi ogromny szacunek, oddaj\u0105c mu znaczn\u0105 w\u0142adz\u0119 nad wydatkami pa\u0144stwowymi, w partii zaczynaj\u0105 pojawia\u0107 si\u0119 pierwsze oznaki niezale\u017cno\u015bci.<\/p>\n<p class=\"ods-c-paragraph \">Ju\u017c w tym tygodniu Izba mo\u017ce zag\u0142osowa\u0107 za odrzuceniem weta prezydenta, kt\u00f3re ten zg\u0142osi\u0142 wobec projekt\u00f3w wodnych w stanach Kolorado i Utah. Je\u015bli inicjatywa uzyska wi\u0119kszo\u015b\u0107 dw\u00f3ch trzecich g\u0142os\u00f3w, b\u0119dzie to wyra\u017any sygna\u0142, \u017ce lojalno\u015b\u0107 partyjna ma swoje granice.<\/p>\n<p>   Impeachment dla Donalda Trumpa<\/p>\n<p class=\"ods-c-paragraph \">Obawy Trumpa nie s\u0105 bezpodstawne, bior\u0105c pod uwag\u0119 jego dotychczasow\u0105 histori\u0119. Polityk by\u0142 ju\u017c dwukrotnie poddawany procedurze impeachmentu przez Izb\u0119 Reprezentant\u00f3w kontrolowan\u0105 przez Demokrat\u00f3w w latach 2017-2021.<\/p>\n<p class=\"ods-c-paragraph \">W\u00f3wczas oskar\u017cano go o nadu\u017cycia w\u0142adzy zwi\u0105zane z relacjami z Ukrain\u0105 oraz o pod\u017ceganie do zamieszek na Kapitolu 6 stycznia 2021 r. W obu przypadkach od utraty urz\u0119du uratowa\u0142 go Senat, w kt\u00f3rym wi\u0119kszo\u015b\u0107 stanowili Republikanie, g\u0142osuj\u0105c za jego uniewinnieniem. Trump ma \u015bwiadomo\u015b\u0107, \u017ce bez &#8222;bezpiecznika&#8221; w postaci kontroli nad Kongresem, scenariusz ten mo\u017ce si\u0119 powt\u00f3rzy\u0107.<\/p>\n","protected":false},"excerpt":{"rendered":"&#8222;Musicie wygra\u0107 wybory uzupe\u0142niaj\u0105ce, bo je\u015bli ich nie wygramy, to po prostu\u2026 to znaczy, znajd\u0105 pow\u00f3d, \u017ceby mnie&hellip;\n","protected":false},"author":2,"featured_media":191126,"comment_status":"","ping_status":"","sticky":false,"template":"","format":"standard","meta":{"footnotes":""},"categories":[14],"tags":[32,33,44,27,25781,24689,34,35,28,31,48,25,46,5027,40,6571,41,47,80,29,30,71,26,82,83,84],"class_list":{"0":"post-191125","1":"post","2":"type-post","3":"status-publish","4":"format-standard","5":"has-post-thumbnail","7":"category-swiat","8":"tag-breaking-news","9":"tag-breakingnews","10":"tag-donald_trump","11":"tag-headlines","12":"tag-impeachment","13":"tag-izba_reprezentantow","14":"tag-latest-news","15":"tag-latestnews","16":"tag-naglowki","17":"tag-najwazniejsze-artykuly","18":"tag-nat_styl","19":"tag-news","20":"tag-omp","21":"tag-partia_republikanska","22":"tag-polish","23":"tag-polityka_politycy","24":"tag-polski","25":"tag-screening_general","26":"tag-swiat","27":"tag-top-stories","28":"tag-topstories","29":"tag-usa","30":"tag-wiadomosci","31":"tag-world","32":"tag-world-news","33":"tag-worldnews"},"share_on_mastodon":{"url":"https:\/\/pubeurope.com\/@pl\/115852377081440313","error":""},"_links":{"self":[{"href":"https:\/\/www.europesays.com\/pl\/wp-json\/wp\/v2\/posts\/191125","targetHints":{"allow":["GET"]}}],"collection":[{"href":"https:\/\/www.europesays.com\/pl\/wp-json\/wp\/v2\/posts"}],"about":[{"href":"https:\/\/www.europesays.com\/pl\/wp-json\/wp\/v2\/types\/post"}],"author":[{"embeddable":true,"href":"https:\/\/www.europesays.com\/pl\/wp-json\/wp\/v2\/users\/2"}],"replies":[{"embeddable":true,"href":"https:\/\/www.europesays.com\/pl\/wp-json\/wp\/v2\/comments?post=191125"}],"version-history":[{"count":0,"href":"https:\/\/www.europesays.com\/pl\/wp-json\/wp\/v2\/posts\/191125\/revisions"}],"wp:featuredmedia":[{"embeddable":true,"href":"https:\/\/www.europesays.com\/pl\/wp-json\/wp\/v2\/media\/191126"}],"wp:attachment":[{"href":"https:\/\/www.europesays.com\/pl\/wp-json\/wp\/v2\/media?parent=191125"}],"wp:term":[{"taxonomy":"category","embeddable":true,"href":"https:\/\/www.europesays.com\/pl\/wp-json\/wp\/v2\/categories?post=191125"},{"taxonomy":"post_tag","embeddable":true,"href":"https:\/\/www.europesays.com\/pl\/wp-json\/wp\/v2\/tags?post=191125"}],"curies":[{"name":"wp","href":"https:\/\/api.w.org\/{rel}","templated":true}]}}