{"id":191131,"date":"2026-01-07T06:24:16","date_gmt":"2026-01-07T06:24:16","guid":{"rendered":"https:\/\/www.europesays.com\/pl\/191131\/"},"modified":"2026-01-07T06:24:16","modified_gmt":"2026-01-07T06:24:16","slug":"wielka-burza-czolowy-tenisista-swiata-nagle-napisal-o-polsce","status":"publish","type":"post","link":"https:\/\/www.europesays.com\/pl\/191131\/","title":{"rendered":"Wielka burza. Czo\u0142owy tenisista \u015bwiata nagle napisa\u0142 o Polsce"},"content":{"rendered":"<p class=\"Paragraph_desktopParagraph__Fd2e9\">Wszystko zacz\u0119\u0142o si\u0119 po meczu Stan\u00f3w Zjednoczonych z Hiszpani\u0105 w fazie grupowej United Cup. Podczas konferencji prasowej Coco Gauff pozwoli\u0142a sobie na chwil\u0119 szczero\u015bci, kt\u00f3ra momentalnie odbi\u0142a si\u0119 szerokim echem w internecie.<\/p>\n<p class=\"Paragraph_desktopParagraph__Fd2e9\">\u2014 Mam wra\u017cenie, \u017ce w tenisie jeste\u015bmy zdecydowanie najgorsi. Zawsze m\u00f3wi\u0142am, \u017ce chcia\u0142abym, aby nasz kraj, w innych miejscach na \u015bwiecie, wspiera\u0142 zawodnik\u00f3w tak, jak robi\u0105 to mniejsze pa\u0144stwa \u2014 wypali\u0142a 21-letnia tenisistka.<\/p>\n<p class=\"VideoPlayerText_videoPlayerText__zrtJk\">Dalszy ci\u0105g materia\u0142u pod wideo<\/p>\n<p class=\"Paragraph_desktopParagraph__Fd2e9\">Reakcja by\u0142a natychmiastowa. Cz\u0119\u015b\u0107 fan\u00f3w przyzna\u0142a jej racj\u0119, ale wielu odebra\u0142o to jako brak szacunku i wdzi\u0119czno\u015bci. Gauff, widz\u0105c skal\u0119 zamieszania, postanowi\u0142a interweniowa\u0107 w mediach spo\u0142eczno\u015bciowych, t\u0142umacz\u0105c, \u017ce jej s\u0142owa zosta\u0142y nadinterpretowane.<\/p>\n<p class=\"Paragraph_desktopParagraph__Fd2e9\">&#8222;Musz\u0119 to wyja\u015bni\u0107, bo ludzie wyci\u0105gaj\u0105 to ca\u0142kowicie z kontekstu&#8221; \u2014 zacz\u0119\u0142a sw\u00f3j wpis tenisistka.<\/p>\n<p class=\"Paragraph_desktopParagraph__Fd2e9\">Nie oczekuj\u0119, \u017ce ludzie b\u0119d\u0105 podr\u00f3\u017cowa\u0107 na turnieje, \u017ceby nas ogl\u0105da\u0107. Ale jest wiele turniej\u00f3w w Ameryce i za granic\u0105, na kt\u00f3rych Amerykanie i tak s\u0105 obecni niezale\u017cnie od tego, kto gra (z wy\u0142\u0105czeniem US Open), gdzie ludzie przychodz\u0105 i tak naprawd\u0119 nie dopinguj\u0105 swoich rodak\u00f3w.<\/p>\n<p class=\"Paragraph_desktopParagraph__Fd2e9\">Podczas gdy ci z mniejszych kraj\u00f3w przychodz\u0105 w barwach narodowych, z flagami i jasne jest, kogo wspieraj\u0105. M\u00f3wi\u0142am tylko z mojej perspektywy. Uwierzcie mi, rozumiem aspekt finansowy i wiem, \u017ce tenis nie jest dost\u0119pny dla ka\u017cdego. To by\u0142 bardziej komentarz skierowany do tych, kt\u00f3rzy ju\u017c s\u0105 na miejscu \u2014 o tym, jak bardzo chcia\u0142abym, \u017ceby byli tak samo pe\u0142ni pasji jak ci z innych kraj\u00f3w, zw\u0142aszcza podczas imprez dru\u017cynowych.<\/p>\n<p class=\"Paragraph_desktopParagraph__Fd2e9\">Ludzie nie s\u0105 mi nic winni. Po prostu szczerze odpowiedzia\u0142am na zadane pytanie i by\u0142a to zwyk\u0142a obserwacja dotycz\u0105ca innych kraj\u00f3w w por\u00f3wnaniu do mojego, to wszystko. Niemniej jednak jestem wdzi\u0119czna za ka\u017cde wsparcie, bez wzgl\u0119du na to, jak du\u017ce czy ma\u0142e ono jest&#8221; \u2014 napisa\u0142a Gauff.<\/p>\n<p>Fritz wskazuje na Polsk\u0119<\/p>\n<p class=\"Paragraph_desktopParagraph__Fd2e9\">Gdy dyskusja nabiera\u0142a rozp\u0119du, g\u0142os zabra\u0142 Taylor Fritz. Czo\u0142owy ameryka\u0144ski tenisista stan\u0105\u0142 murem za swoj\u0105 rodaczk\u0105, a argumentuj\u0105c swoje zdanie, wskaza\u0142 na&#8230; Polsk\u0119 jako wz\u00f3r kultury kibicowania.<\/p>\n<p class=\"Paragraph_desktopParagraph__Fd2e9\">&#8222;Ludzie zawsze chc\u0105 interpretowa\u0107 wszystko w najgorszy mo\u017cliwy spos\u00f3b. Siedzia\u0142em tam obok niej i wiem dok\u0142adnie, co Coco mia\u0142a na my\u015bli i co pr\u00f3bowa\u0142a przekaza\u0107 \u2014 i ma racj\u0119. W tej wypowiedzi nie by\u0142o absolutnie \u017cadnego braku szacunku wobec ameryka\u0144skich fan\u00f3w.<\/p>\n<p class=\"Paragraph_desktopParagraph__Fd2e9\">Gdyby\u015bmy grali tutaj na United Cup z Czechami albo Polsk\u0105, pojawi\u0142aby si\u0119 ogromna grupa kibic\u00f3w szalej\u0105cych na ich punkcie. Kochamy Amerykan\u00f3w, kt\u00f3rzy przychodz\u0105 nas wspiera\u0107. Niekt\u00f3re inne kraje maj\u0105 po prostu szalon\u0105 kultur\u0119 sportow\u0105, ale doceniamy ka\u017cdego Amerykanina, kt\u00f3ry pojawia si\u0119 na trybunach, by nas ogl\u0105da\u0107&#8221; \u2014 zaskoczy\u0142 Amerykanin.<\/p>\n<p class=\"Paragraph_desktopParagraph__Fd2e9\">Przypomnijmy, \u017ce reprezentacja Stan\u00f3w Zjednoczonych wygra\u0142a zar\u00f3wno z Argentyn\u0105, jak i z Hiszpani\u0105 i awansowa\u0142a do fazy pucharowej.<\/p>\n","protected":false},"excerpt":{"rendered":"Wszystko zacz\u0119\u0142o si\u0119 po meczu Stan\u00f3w Zjednoczonych z Hiszpani\u0105 w fazie grupowej United Cup. Podczas konferencji prasowej Coco&hellip;\n","protected":false},"author":2,"featured_media":191132,"comment_status":"","ping_status":"","sticky":false,"template":"","format":"standard","meta":{"footnotes":""},"categories":[24],"tags":[5218,67,746,42,38,40,39,41,136,128,47,127,126,655,14965,156,13444,130],"class_list":{"0":"post-191131","1":"post","2":"type-post","3":"status-publish","4":"format-standard","5":"has-post-thumbnail","7":"category-sport","8":"tag-coco_gauff","9":"tag-intextvideo_splayer","10":"tag-lysy","11":"tag-pl","12":"tag-poland","13":"tag-polish","14":"tag-polska","15":"tag-polski","16":"tag-ps_detal_new","17":"tag-psv2","18":"tag-screening_general","19":"tag-sport","20":"tag-sports","21":"tag-styl_zycia_lifestyle_","22":"tag-taylor_fritz","23":"tag-tenis","24":"tag-united_cup","25":"tag-wiadomosci_sportowe"},"share_on_mastodon":{"url":"https:\/\/pubeurope.com\/@pl\/115852388791921525","error":""},"_links":{"self":[{"href":"https:\/\/www.europesays.com\/pl\/wp-json\/wp\/v2\/posts\/191131","targetHints":{"allow":["GET"]}}],"collection":[{"href":"https:\/\/www.europesays.com\/pl\/wp-json\/wp\/v2\/posts"}],"about":[{"href":"https:\/\/www.europesays.com\/pl\/wp-json\/wp\/v2\/types\/post"}],"author":[{"embeddable":true,"href":"https:\/\/www.europesays.com\/pl\/wp-json\/wp\/v2\/users\/2"}],"replies":[{"embeddable":true,"href":"https:\/\/www.europesays.com\/pl\/wp-json\/wp\/v2\/comments?post=191131"}],"version-history":[{"count":0,"href":"https:\/\/www.europesays.com\/pl\/wp-json\/wp\/v2\/posts\/191131\/revisions"}],"wp:featuredmedia":[{"embeddable":true,"href":"https:\/\/www.europesays.com\/pl\/wp-json\/wp\/v2\/media\/191132"}],"wp:attachment":[{"href":"https:\/\/www.europesays.com\/pl\/wp-json\/wp\/v2\/media?parent=191131"}],"wp:term":[{"taxonomy":"category","embeddable":true,"href":"https:\/\/www.europesays.com\/pl\/wp-json\/wp\/v2\/categories?post=191131"},{"taxonomy":"post_tag","embeddable":true,"href":"https:\/\/www.europesays.com\/pl\/wp-json\/wp\/v2\/tags?post=191131"}],"curies":[{"name":"wp","href":"https:\/\/api.w.org\/{rel}","templated":true}]}}