{"id":191170,"date":"2026-01-07T07:03:06","date_gmt":"2026-01-07T07:03:06","guid":{"rendered":"https:\/\/www.europesays.com\/pl\/191170\/"},"modified":"2026-01-07T07:03:06","modified_gmt":"2026-01-07T07:03:06","slug":"chiny-nakladaja-sankcje-te-osoby-beda-scigane-do-konca-zycia-money-pl","status":"publish","type":"post","link":"https:\/\/www.europesays.com\/pl\/191170\/","title":{"rendered":"Chiny nak\u0142adaj\u0105 sankcje. Te osoby b\u0119d\u0105 &quot;\u015bcigane do ko\u0144ca \u017cycia&quot; &#8211; Money.pl"},"content":{"rendered":"<ol>\n<li><a href=\"https:\/\/news.google.com\/rss\/articles\/CBMitgFBVV95cUxNQ3FzTWVtMU1OVVNoR3NvUEphTkhwRUVOTDJsNloweERuU1BJMEdpNWo2NGZ3YkZNb05tbFFSREloRDJDQ3NPSEpIVTk4Tm8wTkZOYlJDZWhZOVZxUC1jRlY3UllCRGZoUjNCbjlQVm91YkFMZkp2d0pmUEZTOWtDR3pXRDJfeEhVTjljb0dadDhhNGUwVk1KSXJxUFllQjRpZW5oT01VdFhpUkU3NXAtMExwQmwyUQ?oc=5\" target=\"_blank\" rel=\"nofollow noopener\">Chiny nak\u0142adaj\u0105 sankcje. Te osoby b\u0119d\u0105 &#8222;\u015bcigane do ko\u0144ca \u017cycia&#8221;<\/a>&nbsp;&nbsp;Money.pl<\/li>\n<li><a href=\"https:\/\/news.google.com\/rss\/articles\/CBMitgFBVV95cUxNS0xuTUFKNUlzeE4zQXQ1SnJoNl96S1V3RXVreDVXVzF3LVFzTkdNOUlGVVEtejVtOFY3OHRZS3hVZEhPbGplOV9GeGVDZXpvYUJkbDVDMTlXSWQ5aDR3dEhqQWhMQkE4OV91Q2dud1lic29fcFM0bEhGQnQ0QTUtN3o2ZGNzWFBHTG1tSE5xc0ZWbktDallTV3ZpWUtFMGZNc0p0ZF9JczNIejFxVms1eFpDNm12QQ?oc=5\" target=\"_blank\" rel=\"nofollow noopener\">Tajwan obawia si\u0119 powt\u00f3rki z Wenezueli. Wojsko \u0107wiczy scenariusze obronne<\/a>&nbsp;&nbsp;WP Wiadomo\u015bci<\/li>\n<li><a href=\"https:\/\/news.google.com\/rss\/articles\/CBMiqgFBVV95cUxORENDN1hSMWFtcGx2WjEyOUxHWUl6dHIzVVVGZURBRVRBUUF1Y1lpSkZjSjU1X0hLSE9XTFFqd0NIZUhJRjRFVEZiVS1VV2xlM0ZDYlZtRjFibXBaVDV2cnVfSkhkb1phUzhfTm1zMl84QnlJNkRpM0VKT0N2SlJkUHd4OGxWUTZHYTlWN05vNnBnNEpEWkMtdTFMckd3VjNSMk8xMWpkOTJHdw?oc=5\" target=\"_blank\" rel=\"nofollow noopener\">&#8222;Krn\u0105brni separaty\u015bci&#8221;. Chiny nak\u0142adaj\u0105 sankcje na polityk\u00f3w Tajwanu<\/a>&nbsp;&nbsp;Onet Wiadomo\u015bci<\/li>\n<li><a href=\"https:\/\/news.google.com\/rss\/articles\/CBMiqwFBVV95cUxNYmt1RkRaWlp4ZUdnMGUzeXZ5enN0VXRGOC1sSFNLX05WamhPWjFLWFJZVzVoRVNKbnFreWdXUFFzQWotVU9hQ2dXY3hGU3BkaGdpQ0hDR0p3ZFp2VjU2dzdFTjNjTkJxMEJqZHg4OHBXb2NsOW01R0l4VXpDVktBd0RyeThoVFQ2SjdfSVZjTHJ2ZERzVVJXYXlHbFZ2aHQzcXk1SnhKVUk1UHc?oc=5\" target=\"_blank\" rel=\"nofollow noopener\">Chiny wezm\u0105 przyk\u0142ad z USA? &#8222;Wojsko ma procedury ochrony dla g\u0142owy pa\u0144stwa&#8221;<\/a>&nbsp;&nbsp;TVN24<\/li>\n<li><a href=\"https:\/\/news.google.com\/rss\/articles\/CBMiswFBVV95cUxOa3F0RWNmZ0FGNkkzemljV0xKNmNPN21JcU0temlxOXZrczVuaWRVS3ZNMEtUMV83eDFZMGNSUlZ5MEluaFBiMlRwenJjVlpkQ0JObjd5bVM1bGk1TmtCWUxjZ0dMaW1WeGpJbWdiZWxyb3F0R1ZCSFR6YmVBNDVIU0ZWRDhKRDhlbDV1eXFHZk5KWFptU080MERYbnk0SVRKeFJYYXpwejZvNFh5WnpacnlXOA?oc=5\" target=\"_blank\" rel=\"nofollow noopener\">2,6 miliona atak\u00f3w dziennie. Hakerzy z Chin chc\u0105 sparali\u017cowa\u0107 Tajwan<\/a>&nbsp;&nbsp;Bankier.pl<\/li>\n<\/ol>\n","protected":false},"excerpt":{"rendered":"Chiny nak\u0142adaj\u0105 sankcje. Te osoby b\u0119d\u0105 &#8222;\u015bcigane do ko\u0144ca \u017cycia&#8221;&nbsp;&nbsp;Money.pl Tajwan obawia si\u0119 powt\u00f3rki z Wenezueli. Wojsko \u0107wiczy&hellip;\n","protected":false},"author":2,"featured_media":191171,"comment_status":"","ping_status":"","sticky":false,"template":"","format":"standard","meta":{"footnotes":""},"categories":[14],"tags":[32,33,27,34,35,28,31,25,40,41,80,29,30,26,82,83,84],"class_list":{"0":"post-191170","1":"post","2":"type-post","3":"status-publish","4":"format-standard","5":"has-post-thumbnail","7":"category-swiat","8":"tag-breaking-news","9":"tag-breakingnews","10":"tag-headlines","11":"tag-latest-news","12":"tag-latestnews","13":"tag-naglowki","14":"tag-najwazniejsze-artykuly","15":"tag-news","16":"tag-polish","17":"tag-polski","18":"tag-swiat","19":"tag-top-stories","20":"tag-topstories","21":"tag-wiadomosci","22":"tag-world","23":"tag-world-news","24":"tag-worldnews"},"share_on_mastodon":{"url":"https:\/\/pubeurope.com\/@pl\/115852542380802423","error":""},"_links":{"self":[{"href":"https:\/\/www.europesays.com\/pl\/wp-json\/wp\/v2\/posts\/191170","targetHints":{"allow":["GET"]}}],"collection":[{"href":"https:\/\/www.europesays.com\/pl\/wp-json\/wp\/v2\/posts"}],"about":[{"href":"https:\/\/www.europesays.com\/pl\/wp-json\/wp\/v2\/types\/post"}],"author":[{"embeddable":true,"href":"https:\/\/www.europesays.com\/pl\/wp-json\/wp\/v2\/users\/2"}],"replies":[{"embeddable":true,"href":"https:\/\/www.europesays.com\/pl\/wp-json\/wp\/v2\/comments?post=191170"}],"version-history":[{"count":0,"href":"https:\/\/www.europesays.com\/pl\/wp-json\/wp\/v2\/posts\/191170\/revisions"}],"wp:featuredmedia":[{"embeddable":true,"href":"https:\/\/www.europesays.com\/pl\/wp-json\/wp\/v2\/media\/191171"}],"wp:attachment":[{"href":"https:\/\/www.europesays.com\/pl\/wp-json\/wp\/v2\/media?parent=191170"}],"wp:term":[{"taxonomy":"category","embeddable":true,"href":"https:\/\/www.europesays.com\/pl\/wp-json\/wp\/v2\/categories?post=191170"},{"taxonomy":"post_tag","embeddable":true,"href":"https:\/\/www.europesays.com\/pl\/wp-json\/wp\/v2\/tags?post=191170"}],"curies":[{"name":"wp","href":"https:\/\/api.w.org\/{rel}","templated":true}]}}