{"id":191181,"date":"2026-01-07T07:13:07","date_gmt":"2026-01-07T07:13:07","guid":{"rendered":"https:\/\/www.europesays.com\/pl\/191181\/"},"modified":"2026-01-07T07:13:07","modified_gmt":"2026-01-07T07:13:07","slug":"alez-bitwa-magdaleny-frech-z-czeska-gwiazda-zwrot-po-pierwszym-secie-przeglad-sportowy-onet","status":"publish","type":"post","link":"https:\/\/www.europesays.com\/pl\/191181\/","title":{"rendered":"Ale\u017c bitwa Magdaleny Fr\u0119ch z czesk\u0105 gwiazd\u0105! Zwrot po pierwszym secie &#8211; Przegl\u0105d Sportowy Onet"},"content":{"rendered":"<ol>\n<li><a href=\"https:\/\/news.google.com\/rss\/articles\/CBMitgFBVV95cUxOaEh2YWZ2ZERJMmVBbzJYaVFfZm9WZk4xaFpwS1pRTEhzQkoyYW12Q3hxVTlzcTdrWENjUF85WWRXVUlrajZPZHBoSHRMYlZaVjNyTTFaYklzRmtuVko0Z3dNQm5EY2N3WmNnUkJrNXR4TUVySVdvaExkUGdRcUYyMk5tM0lYQUpxYlNLYzFTZWxmVDhaT1lTTmo3Wjg0VXRFdzdKQXllMkxSbmc4N0JZVkk5NUNCZw?oc=5\" target=\"_blank\" rel=\"nofollow noopener\">Ale\u017c bitwa Magdaleny Fr\u0119ch z czesk\u0105 gwiazd\u0105! Zwrot po pierwszym secie<\/a>&nbsp;&nbsp;Przegl\u0105d Sportowy Onet<\/li>\n<li><a href=\"https:\/\/news.google.com\/rss\/articles\/CBMitAFBVV95cUxPQ2pkRDVGQTNUWjUxZ2IzY1k1NEU2YjZSWTRjTE40VXZlSUFweWNTbGtzX2hiRnJfeVRGQTFPNG9ScV9aNldYZFZuU1puR2ppU0hTRzNQTzBtblFPTVlQWUNxNTNfVlNiaHBVLS1BV1lNeFF3LXFfbFhFQ2E0c0NUaEJBVXBvblA5dEFjM3JBeHpLTXNYYVJrSElnY05weGRFR0MtZGk0UmwyZzNfZlZLZmZQWVE?oc=5\" target=\"_blank\" rel=\"nofollow noopener\">WTA Brisbane: Magdalena Fr\u0119ch &#8211; Linda Noskova [RELACJA NA \u017bYWO]<\/a>&nbsp;&nbsp;Przegl\u0105d Sportowy Onet<\/li>\n<li><a href=\"https:\/\/news.google.com\/rss\/articles\/CBMijwFBVV95cUxOVGd2SU1HVDhQYW9KUEh5a0ZTdjU5c0NNWHlzV2ZHOGZWRjQxN2kxcGdSWnJGN3REU0Z2WWJSbXRuMzhRVkdaMXdIUk9NdlJOY1RrUUl3Qm0zVWxVQTBTYWRWUTdSZTd6bEdyd1lpQ2JwYVJGVDNCcEpPR0FtNXA0VDhxVTd0UFVJZmgxRzhnRQ?oc=5\" target=\"_blank\" rel=\"nofollow noopener\">Emocjonuj\u0105ca batalia tym razem nie dla Fr\u0119ch<\/a>&nbsp;&nbsp;SportoweFakty<\/li>\n<li><a href=\"https:\/\/news.google.com\/rss\/articles\/CBMiigFBVV95cUxPQ19ZeTFUeDUxTi11aXpJTUE0SXNHVDVjY3NWWWlua20zdXJwcGgtWE9WbWdJamdZclphQlo0SW1nTldIN19PTHNvYkFNNHNDNjZIUU9YNklXQUlTN0t2TjUxRHQ0enRZUmJ5SDI5eEFYMDRxc3Uxb1dYdGdwTkdXU0ViVnA0T3BNeGc?oc=5\" target=\"_blank\" rel=\"nofollow noopener\">WTA 500 Brisbane International<\/a>&nbsp;&nbsp;CANAL+<\/li>\n<li><a href=\"https:\/\/news.google.com\/rss\/articles\/CBMivwFBVV95cUxOVklCMXlfNUdMd1RNaHcyZ091SnJxcjNIWGJoZHhmWlVjWHctckhtWTVmNDRPNVNVcjVTMDExX19FMGZRU05JN3gwdkxTSWhaU1BVNWZrazdYUFBTSUMzSVBYN0g2VzV2Nm40bUZ0TnY2bEk0R0s0dUdWbW00WnIyeV9pLU5TQjFaT0kxTC1qZjZGYUVQVkhzNWRWckNrLVpnOGRJczRHNlBkbnFFSUtwUHIwVUJGemRXT1h2ekJ0cw?oc=5\" target=\"_blank\" rel=\"nofollow noopener\">WTA w Brisbane: Magdalena Fr\u0119ch &#8211; Linda Noskova. Relacja live i wynik na \u017cywo<\/a>&nbsp;&nbsp;www.polsatsport.pl<\/li>\n<\/ol>\n","protected":false},"excerpt":{"rendered":"Ale\u017c bitwa Magdaleny Fr\u0119ch z czesk\u0105 gwiazd\u0105! Zwrot po pierwszym secie&nbsp;&nbsp;Przegl\u0105d Sportowy Onet WTA Brisbane: Magdalena Fr\u0119ch &#8211;&hellip;\n","protected":false},"author":2,"featured_media":191182,"comment_status":"","ping_status":"","sticky":false,"template":"","format":"standard","meta":{"footnotes":""},"categories":[24],"tags":[37066,67,7849,5369,11744,42,38,40,39,41,136,128,47,127,135,126,156,130],"class_list":{"0":"post-191181","1":"post","2":"type-post","3":"status-publish","4":"format-standard","5":"has-post-thumbnail","7":"category-sport","8":"tag-brisbane","9":"tag-intextvideo_splayer","10":"tag-linda_noskova","11":"tag-magdalena_frech","12":"tag-ogor","13":"tag-pl","14":"tag-poland","15":"tag-polish","16":"tag-polska","17":"tag-polski","18":"tag-ps_detal_new","19":"tag-psv2","20":"tag-screening_general","21":"tag-sport","22":"tag-sport_sport","23":"tag-sports","24":"tag-tenis","25":"tag-wiadomosci_sportowe"},"share_on_mastodon":{"url":"https:\/\/pubeurope.com\/@pl\/115852581411915592","error":""},"_links":{"self":[{"href":"https:\/\/www.europesays.com\/pl\/wp-json\/wp\/v2\/posts\/191181","targetHints":{"allow":["GET"]}}],"collection":[{"href":"https:\/\/www.europesays.com\/pl\/wp-json\/wp\/v2\/posts"}],"about":[{"href":"https:\/\/www.europesays.com\/pl\/wp-json\/wp\/v2\/types\/post"}],"author":[{"embeddable":true,"href":"https:\/\/www.europesays.com\/pl\/wp-json\/wp\/v2\/users\/2"}],"replies":[{"embeddable":true,"href":"https:\/\/www.europesays.com\/pl\/wp-json\/wp\/v2\/comments?post=191181"}],"version-history":[{"count":0,"href":"https:\/\/www.europesays.com\/pl\/wp-json\/wp\/v2\/posts\/191181\/revisions"}],"wp:featuredmedia":[{"embeddable":true,"href":"https:\/\/www.europesays.com\/pl\/wp-json\/wp\/v2\/media\/191182"}],"wp:attachment":[{"href":"https:\/\/www.europesays.com\/pl\/wp-json\/wp\/v2\/media?parent=191181"}],"wp:term":[{"taxonomy":"category","embeddable":true,"href":"https:\/\/www.europesays.com\/pl\/wp-json\/wp\/v2\/categories?post=191181"},{"taxonomy":"post_tag","embeddable":true,"href":"https:\/\/www.europesays.com\/pl\/wp-json\/wp\/v2\/tags?post=191181"}],"curies":[{"name":"wp","href":"https:\/\/api.w.org\/{rel}","templated":true}]}}