{"id":191195,"date":"2026-01-07T07:38:08","date_gmt":"2026-01-07T07:38:08","guid":{"rendered":"https:\/\/www.europesays.com\/pl\/191195\/"},"modified":"2026-01-07T07:38:08","modified_gmt":"2026-01-07T07:38:08","slug":"bundeswehra-nie-w-ukrainie-a-w-polsce-drugie-dno-sugestii-kanclerza-niemiec","status":"publish","type":"post","link":"https:\/\/www.europesays.com\/pl\/191195\/","title":{"rendered":"Bundeswehra nie w Ukrainie, a w Polsce? Drugie dno sugestii kanclerza Niemiec"},"content":{"rendered":"<p>Kanclerz Niemiec wyra\u017anie stwierdzi\u0142, \u017ce nawet przy trwa\u0142ym zawieszeniu broni mi\u0119dzy Ukrain\u0105 a Rosj\u0105 na razie nie b\u0119dzie niemieckich \u017co\u0142nierzy na terytorium Ukrainy.<\/p>\n<p>Friedrich Merz zasugerowa\u0142 jedynie innego rodzaju mo\u017cliwo\u015b\u0107 zabezpieczenia ewentualnego zawieszenia broni na Ukrainie. \u2014 Mo\u017ce to np. oznacza\u0107, \u017ce po zawieszeniu broni skierujemy si\u0142y wspieraj\u0105ce Ukrain\u0119 na s\u0105siaduj\u0105ce z ni\u0105 terytoria pa\u0144stw NATO \u2014 powiedzia\u0142 Merz po spotkaniu sojusznik\u00f3w Ukrainy w Pary\u017cu.<\/p>\n<p>Innymi s\u0142owy Merz by\u0142by got\u00f3w skierowa\u0107 Bundeswehr\u0119 do Polski lub innych pa\u0144stw s\u0105siaduj\u0105cych z Ukrain\u0105, nale\u017c\u0105cych do NATO. Nie przewiduje jednak obecno\u015bci niemieckich \u017co\u0142nierzy w samej Ukrainie.<\/p>\n<p class=\"ods-c-paragraph \">Jeszcze 16 grudnia Merz wraz z innymi europejskimi przyw\u00f3dcami zobowi\u0105za\u0142 si\u0119 do utworzenia &#8222;wielonarodowej grupy dla Ukrainy&#8221;. \u017bo\u0142nierze tej grupy mieliby wspiera\u0107 Ukrain\u0119 r\u00f3wnie\u017c w przypadku kolejnego ataku ze strony Rosji.<\/p>\n<p>Dalszy ci\u0105g artyku\u0142u pod materia\u0142em wideo<\/p>\n<p class=\"ods-c-paragraph \">A teraz zwrot o 180 stopni? Wed\u0142ug naszych informacji kanclerz &#8222;nie wyklucza niczego&#8221;, ale musi jeszcze uwzgl\u0119dnia\u0107 stanowisko SPD. Merz chce teraz zainicjowa\u0107 debat\u0119 polityczn\u0105 na temat warunk\u00f3w, w jakich niemieccy \u017co\u0142nierze mogliby by\u0107 stacjonowani. Obejmowa\u0142yby one w szczeg\u00f3lno\u015bci &#8222;siln\u0105, prawnie wi\u0105\u017c\u0105c\u0105 gwarancj\u0119 bezpiecze\u0144stwa ze strony USA oraz ameryka\u0144ski mechanizm zabezpieczaj\u0105cy europejskie zaanga\u017cowanie&#8221; \u2014 powiedzia\u0142 kanclerz.<\/p>\n<p class=\"ods-c-paragraph \">Wyrazi\u0142 przekonanie, \u017ce Stany Zjednoczone s\u0105 gotowe do podj\u0119cia takich dzia\u0142a\u0144. \u2014 Niemcy b\u0119d\u0105 nadal anga\u017cowa\u0107 si\u0119 politycznie, finansowo, a tak\u017ce militarnie \u2014 podkre\u015bli\u0142. <a href=\"https:\/\/wiadomosci.onet.pl\/swiat\/znaczne-postepy-wyslannik-usa-reaguje-po-spotkaniu-koalicji-chetnych\/c0gjftc\" id=\"0aba6c3b-17f6-40e1-ad22-460e27ff0bda\" rel=\"nofollow noopener\" target=\"_blank\">Ameryka\u0144ski wys\u0142annik Steve Witkoff<\/a> okre\u015bli\u0142 plany bezpiecze\u0144stwa dotycz\u0105ce Ukrainy jako &#8222;w du\u017cej mierze sfinalizowane&#8221;.<\/p>\n<p>   Wymowna nieobecno\u015b\u0107 kanclerza. Deklaracja zosta\u0142a podpisana bez niego<\/p>\n<p class=\"ods-c-paragraph \">Na pocz\u0105tku konferencji prasowej, kt\u00f3ra rozpocz\u0119\u0142a si\u0119 z 45-minutowym op\u00f3\u017anieniem, prezydent Francji Emmanuel Macron, premier Wielkiej Brytanii Keir Starmer i prezydent Ukrainy Wo\u0142odymyr Ze\u0142enski uroczy\u015bcie podpisali <a href=\"https:\/\/wiadomosci.onet.pl\/swiat\/gwarancje-sojusznikow-wobec-ukrainy-jest-tresc-deklaracji-paryskiej\/ryf7547\" id=\"b6cda5f3-0512-4e65-80ff-3fcb3aad9b7a\" rel=\"nofollow noopener\" target=\"_blank\">wsp\u00f3lny plan dotycz\u0105cy rozmieszczenia wojsk w Ukrainie<\/a>: deklaracj\u0119 intencji utworzenia mi\u0119dzynarodowych si\u0142 po zawarciu rozejmu mi\u0119dzy Rosj\u0105 a Ukrain\u0105.<\/p>\n<p><img decoding=\"async\" src=\"https:\/\/www.europesays.com\/pl\/wp-content\/uploads\/2026\/01\/1qck9lGaHR0cHM6Ly9vY2RuLmV1L3B1bHNjbXMvTURBXy82YWNkYzBhZi1kYTY0LTQ5NDEtODRiMS1jZjBlZmQwNDVmN2EuanBlZ.jpeg\" height=\"627\" width=\"940\" alt=\"Wo\u0142odymyr Ze\u0142enski, prezydent Ukrainy, Emmanuel Macron, prezydent Francji, i Keri Starmer, brytyjski premier. Pary\u017c, 6 stycznia 2025 r.\" loading=\"lazy\" class=\"ods-c-image__img ods-c-image__img--viewport-width\"\/><\/p>\n<p>Wo\u0142odymyr Ze\u0142enski, prezydent Ukrainy, Emmanuel Macron, prezydent Francji, i Keri Starmer, brytyjski premier. Pary\u017c, 6 stycznia 2025 r.PAP\/EPA\/LUDOVIC MARIN \/ POOL<\/p>\n<p class=\"ods-c-paragraph \">Zwraca uwag\u0119, \u017ce kanclerz Friedrich Merz, kt\u00f3ry zabra\u0142 g\u0142os jako czwarty, nie by\u0142 obecny podczas tej kr\u00f3tkiej prezentacji, podobnie jak ameryka\u0144ski wys\u0142annik Steve Witkoff.<\/p>\n<p class=\"ods-c-paragraph \">Jak podkre\u015bli\u0142 prezydent Ze\u0142enski, rozmowy mia\u0142y na celu zwi\u0119kszenie bezpiecze\u0144stwa i wzmocnienie Ukrainy, kt\u00f3ra polega na swoich partnerach i na dzia\u0142aniach, kt\u00f3re mog\u0105 przynie\u015b\u0107 realne gwarancje bezpiecze\u0144stwa. &#8222;Dyplomacja i realna pomoc musz\u0105 i\u015b\u0107 ze sob\u0105 w parze&#8221; \u2014 napisa\u0142 Ze\u0142enski na platformie X.<\/p>\n<p class=\"ods-c-paragraph \">&#8222;Rosja nie przestaje atakowa\u0107 naszego kraju, a teraz musimy wzmocni\u0107 obron\u0119 powietrzn\u0105, by chroni\u0107 ludno\u015b\u0107, spo\u0142eczno\u015bci i kluczow\u0105 infrastruktur\u0119&#8221; \u2014 doda\u0142. O tych kwestiach rozmawia\u0142 wcze\u015bniej z prezydentem Francji Emmanuelem Macronem.<\/p>\n<p>&#8222;Stany Zjednoczone nie porzuci\u0142y Ukrainy&#8221;<\/p>\n<p class=\"ods-c-paragraph \">Potencjalne naruszenia oczekiwanego zawieszenia broni b\u0119d\u0105 musia\u0142y by\u0107 na bie\u017c\u0105co nadzorowane, by mo\u017cna by\u0142o na nie odpowiednio zareagowa\u0107. Pa\u0142ac Elizejski przypomina, \u017ce po aneksji Krymu w 2014 r. codziennie pojawia\u0142y si\u0119 doniesienia o naruszeniach rozejmu.<\/p>\n<p class=\"ods-c-paragraph \">Osobisty udzia\u0142 ameryka\u0144skich negocjator\u00f3w Steve\u2019a Witkoffa i Jareda Kushnera, zi\u0119cia prezydenta Donalda Trumpa, by\u0142 uznawany za oznak\u0119 &#8222;ponownego zbli\u017cenia&#8221; mi\u0119dzy Ukrain\u0105, Europ\u0105 i USA. W Pa\u0142acu Elizejskim podkre\u015blono, \u017ce Koalicja Ch\u0119tnych doprowadzi\u0142a do tego, i\u017c &#8222;Stany Zjednoczone nie porzuci\u0142y Ukrainy&#8221;.<\/p>\n","protected":false},"excerpt":{"rendered":"Kanclerz Niemiec wyra\u017anie stwierdzi\u0142, \u017ce nawet przy trwa\u0142ym zawieszeniu broni mi\u0119dzy Ukrain\u0105 a Rosj\u0105 na razie nie b\u0119dzie&hellip;\n","protected":false},"author":2,"featured_media":191196,"comment_status":"","ping_status":"","sticky":false,"template":"","format":"standard","meta":{"footnotes":""},"categories":[14],"tags":[56,32,33,3096,340,345,27,76,34,35,28,31,48,25,295,46,40,41,47,11050,80,29,30,71,26,309,82,83,84],"class_list":{"0":"post-191195","1":"post","2":"type-post","3":"status-publish","4":"format-standard","5":"has-post-thumbnail","7":"category-swiat","8":"tag-article_premium","9":"tag-breaking-news","10":"tag-breakingnews","11":"tag-bundeswehra","12":"tag-emmanuel_macron","13":"tag-friedrich_merz","14":"tag-headlines","15":"tag-inwazja_rosji_na_ukraine","16":"tag-latest-news","17":"tag-latestnews","18":"tag-naglowki","19":"tag-najwazniejsze-artykuly","20":"tag-nat_styl","21":"tag-news","22":"tag-niemcy","23":"tag-omp","24":"tag-polish","25":"tag-polski","26":"tag-screening_general","27":"tag-steve_witkoff","28":"tag-swiat","29":"tag-top-stories","30":"tag-topstories","31":"tag-usa","32":"tag-wiadomosci","33":"tag-wolodymyr_zelenski","34":"tag-world","35":"tag-world-news","36":"tag-worldnews"},"share_on_mastodon":{"url":"https:\/\/pubeurope.com\/@pl\/115852679833216370","error":""},"_links":{"self":[{"href":"https:\/\/www.europesays.com\/pl\/wp-json\/wp\/v2\/posts\/191195","targetHints":{"allow":["GET"]}}],"collection":[{"href":"https:\/\/www.europesays.com\/pl\/wp-json\/wp\/v2\/posts"}],"about":[{"href":"https:\/\/www.europesays.com\/pl\/wp-json\/wp\/v2\/types\/post"}],"author":[{"embeddable":true,"href":"https:\/\/www.europesays.com\/pl\/wp-json\/wp\/v2\/users\/2"}],"replies":[{"embeddable":true,"href":"https:\/\/www.europesays.com\/pl\/wp-json\/wp\/v2\/comments?post=191195"}],"version-history":[{"count":0,"href":"https:\/\/www.europesays.com\/pl\/wp-json\/wp\/v2\/posts\/191195\/revisions"}],"wp:featuredmedia":[{"embeddable":true,"href":"https:\/\/www.europesays.com\/pl\/wp-json\/wp\/v2\/media\/191196"}],"wp:attachment":[{"href":"https:\/\/www.europesays.com\/pl\/wp-json\/wp\/v2\/media?parent=191195"}],"wp:term":[{"taxonomy":"category","embeddable":true,"href":"https:\/\/www.europesays.com\/pl\/wp-json\/wp\/v2\/categories?post=191195"},{"taxonomy":"post_tag","embeddable":true,"href":"https:\/\/www.europesays.com\/pl\/wp-json\/wp\/v2\/tags?post=191195"}],"curies":[{"name":"wp","href":"https:\/\/api.w.org\/{rel}","templated":true}]}}