{"id":191227,"date":"2026-01-07T07:59:08","date_gmt":"2026-01-07T07:59:08","guid":{"rendered":"https:\/\/www.europesays.com\/pl\/191227\/"},"modified":"2026-01-07T07:59:08","modified_gmt":"2026-01-07T07:59:08","slug":"z-zimna-krwia-zamordowal-studentow-i-wykladowce-w-usa-latami-planowal-zbrodnie","status":"publish","type":"post","link":"https:\/\/www.europesays.com\/pl\/191227\/","title":{"rendered":"Z zimn\u0105 krwi\u0105 zamordowa\u0142 student\u00f3w i wyk\u0142adowc\u0119 w USA. &#8222;Latami planowa\u0142 zbrodni\u0119&#8221;"},"content":{"rendered":"<p class=\"ods-c-paragraph \">Zw\u0142oki 48-letniego Portugalczyka znaleziono w magazynie w New Hampshire. 13 grudnia m\u0119\u017cczyzna zabi\u0142 dw\u00f3ch student\u00f3w i rani\u0142 dziewi\u0119\u0107 innych os\u00f3b na terenie kampusu Uniwersytetu Brown. Dwa dni p\u00f3\u017aniej, w swoim domu w Brookline na przedmie\u015bciach Bostonu, z r\u0105k Valente zgin\u0105\u0142 profesor MIT, tak\u017ce Portugalczyk Nuno F.G. Loureiro.<\/p>\n<p>Dalszy ci\u0105g artyku\u0142u pod materia\u0142em wideo<\/p>\n<p> Jak d\u0142ugo Claudio Neves Valente planowa\u0142 zbrodni\u0119? <\/p>\n<p> Ilu student\u00f3w zabi\u0142 Valente na Uniwersytecie Brown? <\/p>\n<p> Co powiedzia\u0142 Valente na temat skruchy? <\/p>\n<p> Dlaczego Valente by\u0142 zdziwiony czasem, jaki zaj\u0119\u0142o jego odnalezienie? <\/p>\n<p>  Zamordowa\u0142 student\u00f3w. &#8222;Latami planowa\u0142 zbrodni\u0119&#8221;<\/p>\n<p class=\"ods-c-paragraph \">W nagraniach, kt\u00f3re Valente pozostawi\u0142, przyzna\u0142, \u017ce &#8222;pracowa\u0142 nad szczeg\u00f3\u0142ami przez co najmniej trzy lata&#8221;. Nie poda\u0142 konkretnego motywu, podkre\u015blaj\u0105c jednocze\u015bnie, \u017ce nie czuje potrzeby wyra\u017cania skruchy.<\/p>\n<p class=\"ods-c-paragraph \">\u2014 Nie zamierzam przeprasza\u0107, bo w ci\u0105gu mojego \u017cycia nikt nigdy szczerze mnie nie przeprosi\u0142 \u2014 stwierdzi\u0142 morderca. Zaznaczy\u0142 przy tym, \u017ce nie cierpi na chorob\u0119 psychiczn\u0105, nie szuka s\u0142awy, a jego nagrania &#8222;nie s\u0105 manifestem&#8221;.<\/p>\n<p class=\"ods-c-paragraph \">Jak poda\u0142a agencja AP, Valente wyja\u015bnia\u0142, \u017ce jego &#8222;jedynym celem by\u0142o odej\u015b\u0107 mniej wi\u0119cej na w\u0142asnych warunkach&#8221; i nie dopu\u015bci\u0107 do tego, by &#8222;to on najbardziej na tym wszystkim ucierpia\u0142&#8221;. \u2014 Je\u015bli ci si\u0119 to nie podoba, trudno \u2014 doda\u0142 zab\u00f3jca.<\/p>\n<p class=\"ods-c-paragraph \">Oceniaj\u0105c krytycznie w\u0142asne dzia\u0142ania, nazwa\u0142 je &#8222;troch\u0119 niekompetentnymi&#8221;, dodaj\u0105c jednak: &#8222;przynajmniej co\u015b zosta\u0142o zrobione&#8221;.<\/p>\n<p>   Morderca dziwi\u0142 si\u0119, \u017ce tak d\u0142ugo go szukali<\/p>\n<p class=\"ods-c-paragraph \">Valente opisa\u0142 r\u00f3wnie\u017c swoje wahania przed atakiem: &#8222;mia\u0142em wiele okazji, szczeg\u00f3lnie w tym semestrze, ale zawsze tch\u00f3rzy\u0142em&#8221;. T\u0142umaczy\u0142, \u017ce nie chcia\u0142 strzela\u0107 w pe\u0142nym audytorium i poczu\u0142 rozczarowanie, gdy pocz\u0105tkowo s\u0105dzi\u0142, \u017ce wybrana przez niego sala jest pusta.<\/p>\n<p class=\"ods-c-paragraph \">Sprawca odni\u00f3s\u0142 si\u0119 tak\u017ce do kr\u0105\u017c\u0105cych w sieci teorii influencerki, kt\u00f3ra sugerowa\u0142a, \u017ce podczas ataku m\u00f3wi\u0142 po arabsku. Stanowczo temu zaprzeczy\u0142, wyja\u015bniaj\u0105c, \u017ce nie zna tego j\u0119zyka, a je\u015bli cokolwiek wykrzycza\u0142, by\u0142 to jedynie spontaniczny okrzyk frustracji.<\/p>\n<p class=\"ods-c-paragraph \">W nagraniach wyrazi\u0142 zdziwienie, \u017ce organom \u015bcigania odnalezienie go zaj\u0119\u0142o tak du\u017co czasu. Kr\u00f3tko nawi\u0105za\u0142 do samych czyn\u00f3w, skupiaj\u0105c si\u0119 g\u0142\u00f3wnie na konsekwencjach dla samego siebie.<\/p>\n<p class=\"ods-c-paragraph \">Valente o\u015bwiadczy\u0142, \u017ce nie \u017cywi ani nienawi\u015bci, ani mi\u0142o\u015bci do Ameryki, gdzie przyby\u0142 oko\u0142o 25 lat temu, aby studiowa\u0107 fizyk\u0119 w programie podyplomowym na Uniwersytecie Browna. W 2017 r. otrzyma\u0142 prawo sta\u0142ego pobytu.<\/p>\n","protected":false},"excerpt":{"rendered":"Zw\u0142oki 48-letniego Portugalczyka znaleziono w magazynie w New Hampshire. 13 grudnia m\u0119\u017cczyzna zabi\u0142 dw\u00f3ch student\u00f3w i rani\u0142 dziewi\u0119\u0107&hellip;\n","protected":false},"author":2,"featured_media":191228,"comment_status":"","ping_status":"","sticky":false,"template":"","format":"standard","meta":{"footnotes":""},"categories":[14],"tags":[32,33,27,34,35,37387,28,31,48,25,46,40,41,1627,47,80,29,30,7896,71,26,82,83,84,411],"class_list":{"0":"post-191227","1":"post","2":"type-post","3":"status-publish","4":"format-standard","5":"has-post-thumbnail","7":"category-swiat","8":"tag-breaking-news","9":"tag-breakingnews","10":"tag-headlines","11":"tag-latest-news","12":"tag-latestnews","13":"tag-morderca","14":"tag-naglowki","15":"tag-najwazniejsze-artykuly","16":"tag-nat_styl","17":"tag-news","18":"tag-omp","19":"tag-polish","20":"tag-polski","21":"tag-prokuratura","22":"tag-screening_general","23":"tag-swiat","24":"tag-top-stories","25":"tag-topstories","26":"tag-uczelnie_wyzsze_studenci","27":"tag-usa","28":"tag-wiadomosci","29":"tag-world","30":"tag-world-news","31":"tag-worldnews","32":"tag-zabojstwo"},"share_on_mastodon":{"url":"https:\/\/pubeurope.com\/@pl\/115852762468742438","error":""},"_links":{"self":[{"href":"https:\/\/www.europesays.com\/pl\/wp-json\/wp\/v2\/posts\/191227","targetHints":{"allow":["GET"]}}],"collection":[{"href":"https:\/\/www.europesays.com\/pl\/wp-json\/wp\/v2\/posts"}],"about":[{"href":"https:\/\/www.europesays.com\/pl\/wp-json\/wp\/v2\/types\/post"}],"author":[{"embeddable":true,"href":"https:\/\/www.europesays.com\/pl\/wp-json\/wp\/v2\/users\/2"}],"replies":[{"embeddable":true,"href":"https:\/\/www.europesays.com\/pl\/wp-json\/wp\/v2\/comments?post=191227"}],"version-history":[{"count":0,"href":"https:\/\/www.europesays.com\/pl\/wp-json\/wp\/v2\/posts\/191227\/revisions"}],"wp:featuredmedia":[{"embeddable":true,"href":"https:\/\/www.europesays.com\/pl\/wp-json\/wp\/v2\/media\/191228"}],"wp:attachment":[{"href":"https:\/\/www.europesays.com\/pl\/wp-json\/wp\/v2\/media?parent=191227"}],"wp:term":[{"taxonomy":"category","embeddable":true,"href":"https:\/\/www.europesays.com\/pl\/wp-json\/wp\/v2\/categories?post=191227"},{"taxonomy":"post_tag","embeddable":true,"href":"https:\/\/www.europesays.com\/pl\/wp-json\/wp\/v2\/tags?post=191227"}],"curies":[{"name":"wp","href":"https:\/\/api.w.org\/{rel}","templated":true}]}}