{"id":191316,"date":"2026-01-07T09:00:13","date_gmt":"2026-01-07T09:00:13","guid":{"rendered":"https:\/\/www.europesays.com\/pl\/191316\/"},"modified":"2026-01-07T09:00:13","modified_gmt":"2026-01-07T09:00:13","slug":"premiera-realme-16-pro-plus-5g-ceny-i-specyfikacja-kiedy-w-polsce","status":"publish","type":"post","link":"https:\/\/www.europesays.com\/pl\/191316\/","title":{"rendered":"Premiera Realme 16 Pro Plus 5G. Ceny i specyfikacja. Kiedy w Polsce?"},"content":{"rendered":"<p>Realme 16 Pro Plus 5G to nowy smartfon marki, kt\u00f3rego premiera odby\u0142a si\u0119 zgodnie z zapowiedziami. Specyfikacja techniczna telefonu obejmuje m.in. aparat fotograficzny z 200-megapikselowym sensorem. Zobaczmy, jak prezentuj\u0105 si\u0119 ceny Realme 16 Pro Plus 5G oraz kiedy nowy smartfon mo\u017ce pojawi\u0107 si\u0119 w sprzeda\u017cy w Polsce.<\/p>\n<p>Realme 16 Pro Plus 5G to nowy smartfon, kt\u00f3ry debiutuje zgodnie z <a href=\"https:\/\/www.tablety.pl\/android\/2025-12-17\/realme-16-pro-plus-5g-z-dobra-cena-jest-specyfikacja-smartfona\/\" target=\"_blank\" rel=\"noreferrer noopener nofollow\">zapowiedziami<\/a>. Premiera odby\u0142a si\u0119 w Indiach, gdzie sprzeda\u017c rusza w pierwszej kolejno\u015bci. W Polsce jeszcze chwil\u0119 poczekamy. Tymczasem zobaczmy, jak prezentuj\u0105 si\u0119 ceny i specyfikacja techniczna telefonu. \u015aredniak jest z pewno\u015bci\u0105 ciekawy.<\/p>\n<p>Ceny Realme 16 Pro Plus 5G i kiedy nowy smartfon w Polsce<\/p>\n<p>Premiera Realme 16 Pro Plus 5G odby\u0142a si\u0119 w Indiach i na razie znamy ceny na tym rynku. Tym razem producent <a rel=\"noreferrer noopener nofollow\" href=\"https:\/\/www.tablety.pl\/android\/2025-12-27\/premiera-realme-16-pro-plus-5g-blisko-ceny-smartfona-beda-wyzsze\/\" target=\"_blank\">zaserwowa\u0142 podwy\u017cki<\/a>. Urz\u0105dzenie jest dro\u017csze od <a rel=\"noreferrer noopener nofollow\" href=\"https:\/\/www.tablety.pl\/android\/2025-07-16\/realme-15-pro-5g-nowy-smartfon-z-data-premiery-jest-specyfikacja\/\" target=\"_blank\">modelu 15 Pro<\/a>, kt\u00f3ry to w Polsce nigdy si\u0119 nie pojawi\u0142. Ile kosztuje nowe urz\u0105dzenie? Cennik w ramach przedsprzeda\u017cy widoczny jest ni\u017cej.<\/p>\n<ul>\n<li>Realme 16 Pro Plus 5G z 8 GB RAM i 128 GB miejsca na dane \u2013 39999 rupii (oko\u0142o 1590 z\u0142otych)<\/li>\n<li>Realme 16 Pro Plus 5G z 8 GB RAM i 256 GB miejsca na dane \u2013 41999 rupii (oko\u0142o 1670 z\u0142otych)<\/li>\n<li>Realme 16 Pro Plus 5G z 12 GB RAM i 256 GB miejsca na dane \u2013 44999 rupii (oko\u0142o 1790 z\u0142otych)<\/li>\n<\/ul>\n<p><img decoding=\"async\" data-attachment-id=\"251657\" data-permalink=\"https:\/\/www.tablety.pl\/android\/2026-01-06\/premiera-realme-16-pro-plus-5g-ceny-i-specyfikacja-kiedy-w-polsce\/attachment\/realme-16-pro-teaser\/\" data-orig-file=\"https:\/\/www.europesays.com\/pl\/wp-content\/uploads\/2026\/01\/realme-16-Pro-teaser.jpg\" data-orig-size=\"1024,552\" data-comments-opened=\"1\" data-image-meta=\"{&quot;aperture&quot;:&quot;0&quot;,&quot;credit&quot;:&quot;&quot;,&quot;camera&quot;:&quot;&quot;,&quot;caption&quot;:&quot;&quot;,&quot;created_timestamp&quot;:&quot;0&quot;,&quot;copyright&quot;:&quot;&quot;,&quot;focal_length&quot;:&quot;0&quot;,&quot;iso&quot;:&quot;0&quot;,&quot;shutter_speed&quot;:&quot;0&quot;,&quot;title&quot;:&quot;&quot;,&quot;orientation&quot;:&quot;0&quot;}\" data-image-title=\"Premiera Realme 16 Pro Plus 5G. Ceny i specyfikacja. Kiedy w Polsce?\" data-image-description=\"\" data-medium-file=\"https:\/\/www.tablety.pl\/wp-content\/uploads\/2026\/01\/realme-16-Pro-teaser-320x173.jpg\" data-large-file=\"https:\/\/www.europesays.com\/pl\/wp-content\/uploads\/2026\/01\/realme-16-Pro-teaser.jpg\" loading=\"lazy\" width=\"1024\" height=\"552\" src=\"https:\/\/www.europesays.com\/pl\/wp-content\/uploads\/2026\/01\/realme-16-Pro-teaser.jpg\" alt=\"Premiera Realme 16 Pro Plus 5G. Ceny i specyfikacja. Kiedy w Polsce?\" class=\"wp-image-251657\"  \/><\/p>\n<p>Do wyboru s\u0105 trzy kolory obudowy. To z\u0142oty, czarny oraz ekskluzywny r\u00f3\u017cowy. Kiedy nowy smartfon pojawi si\u0119 w Polsce? Konkretnego terminu na razie nie ma, ale z pewno\u015bci\u0105 nast\u0105pi to jeszcze w pierwszym kwartale 2026 r. Na konkretne informacje na ten temat trzeba b\u0119dzie poczeka\u0107. Urz\u0105dzenie w kraju powalczy o klient\u00f3w z seri\u0105 <a rel=\"noreferrer noopener nofollow\" href=\"https:\/\/www.tablety.pl\/android\/2025-12-11\/redmi-note-15-pro-plus-5g-z-cicha-premiera-w-polsce-ceny-i-specyfikacja\/\" target=\"_blank\">Redmi Note 15 Pro<\/a>.<\/p>\n<p>Specyfikacja techniczna smartfona Realme 16 Pro Plus 5G<\/p>\n<p>Smartfon Realme 16 Pro Plus otrzyma\u0142 konkretny aparat fotograficzny. G\u0142\u00f3wny obiektyw z super OIS zosta\u0142 po\u0142\u0105czony z 200-megapikselowym sensorem Samsung HP5. Znajdziemy tu r\u00f3wnie\u017c teleobiektyw 3,5x wsp\u00f3\u0142pracuj\u0105cy z 50-megapikselowym czujnikiem. Producent wykorzysta\u0142 r\u00f3wnie\u017c nowe algorytmy LumaColor, co poprawia jako\u015b\u0107 zdj\u0119\u0107 robionych noc\u0105.<\/p>\n<p><img decoding=\"async\" data-attachment-id=\"251656\" data-permalink=\"https:\/\/www.tablety.pl\/android\/2026-01-06\/premiera-realme-16-pro-plus-5g-ceny-i-specyfikacja-kiedy-w-polsce\/attachment\/realme_16_pro_plus_5g_1\/\" data-orig-file=\"https:\/\/www.tablety.pl\/wp-content\/uploads\/2026\/01\/realme_16_pro_plus_5g_1-scaled.jpg\" data-orig-size=\"2560,1186\" data-comments-opened=\"1\" data-image-meta=\"{&quot;aperture&quot;:&quot;0&quot;,&quot;credit&quot;:&quot;&quot;,&quot;camera&quot;:&quot;&quot;,&quot;caption&quot;:&quot;&quot;,&quot;created_timestamp&quot;:&quot;0&quot;,&quot;copyright&quot;:&quot;&quot;,&quot;focal_length&quot;:&quot;0&quot;,&quot;iso&quot;:&quot;0&quot;,&quot;shutter_speed&quot;:&quot;0&quot;,&quot;title&quot;:&quot;&quot;,&quot;orientation&quot;:&quot;0&quot;}\" data-image-title=\"Premiera Realme 16 Pro Plus 5G. Ceny i specyfikacja. Kiedy w Polsce?\" data-image-description=\"\" data-medium-file=\"https:\/\/www.tablety.pl\/wp-content\/uploads\/2026\/01\/realme_16_pro_plus_5g_1-320x148.jpg\" data-large-file=\"https:\/\/www.europesays.com\/pl\/wp-content\/uploads\/2026\/01\/realme_16_pro_plus_5g_1-1200x556.jpg\" loading=\"lazy\" width=\"1200\" height=\"556\" src=\"https:\/\/www.europesays.com\/pl\/wp-content\/uploads\/2026\/01\/realme_16_pro_plus_5g_1-1200x556.jpg\" alt=\"Premiera Realme 16 Pro Plus 5G. Ceny i specyfikacja. Kiedy w Polsce?\" class=\"wp-image-251656\"  \/><\/p>\n<p>Nowy telefon ma r\u00f3wnie\u017c wysokiej klasy ekran AMOLED-owy o przek\u0105tnej 6,8 cala oraz rozdzielczo\u015bci 1.5K i certyfikatem HDR Netfliksa. Jasno\u015b\u0107 maksymalna si\u0119ga lokalnie nawet 6,5 tys. nit\u00f3w. Energi\u0119 dostarcza du\u017ca bateria o pojemno\u015bci 7000 mAh. Wspiera ona szybkie \u0142adowanie z u\u017cyciem \u0142adowarki o mocy 80 W. Znajdziemy tu r\u00f3wnie\u017c wysokiej klasy stereofoniczne g\u0142o\u015bniki.<\/p>\n<p>Pod obudow\u0105 Realme 16 Pro Plus 5G umieszczono procesor Qualcomm Snapdragon 7 Gen 4. Czip jest wspomagany przez 8 lub 12 GB pami\u0119ci RAM typu LPDDR5x. Na dane przeznaczono 128 lub 256 GB miejsca. Ca\u0142o\u015b\u0107 oferuje wodoszczelno\u015b\u0107 na poziomie IP69. Producent deklaruje nawet wytrzyma\u0142o\u015b\u0107 na ciecz o temperaturze 80 stopni Celsjusza.<\/p>\n<p>Nowy smartfon pracuje pod kontrol\u0105 Androida 16 z now\u0105 nak\u0142adk\u0105 UI 7.0. Oprogramowanie zawiera pakiet nowych narz\u0119dzi AI Edit Genie 2.0 z uaktualnionymi filtrami StyleMe oraz LightMe.<\/p>\n<p>Przeczytaj tak\u017ce: <a rel=\"noreferrer noopener nofollow\" href=\"https:\/\/www.tablety.pl\/windows_tablet_os\/2021-11-28\/windows-11-triki-sztuczki\/\" target=\"_blank\">Najlepsze wskaz\u00f3wki i triki dla Windows 11<\/a><\/p>\n<p>Chcesz wiedzie\u0107 wi\u0119cej? <a rel=\"noreferrer noopener nofollow\" href=\"https:\/\/news.google.com\/publications\/CAAqJAgKIh5DQklTRUFnTWFnd0tDblJoWW14bGRIa3VjR3dvQUFQAQ?ceid=PL:pl&amp;oc=3\" target=\"_blank\">Obserwuj nas<\/a> koniecznie w Google News!<\/p>\n<p>\u017ar\u00f3d\u0142o: Realme<\/p>\n","protected":false},"excerpt":{"rendered":"Realme 16 Pro Plus 5G to nowy smartfon marki, kt\u00f3rego premiera odby\u0142a si\u0119 zgodnie z zapowiedziami. Specyfikacja techniczna&hellip;\n","protected":false},"author":2,"featured_media":191317,"comment_status":"","ping_status":"","sticky":false,"template":"","format":"standard","meta":{"footnotes":""},"categories":[20],"tags":[120,118,119,42,38,40,39,41,116,114,115,121,117],"class_list":{"0":"post-191316","1":"post","2":"type-post","3":"status-publish","4":"format-standard","5":"has-post-thumbnail","7":"category-nauka-i-technika","8":"tag-nauka","9":"tag-nauka-i-technika","10":"tag-naukatechnika","11":"tag-pl","12":"tag-poland","13":"tag-polish","14":"tag-polska","15":"tag-polski","16":"tag-science","17":"tag-science-and-technology","18":"tag-sciencetechnology","19":"tag-technika","20":"tag-technology"},"share_on_mastodon":{"url":"https:\/\/pubeurope.com\/@pl\/115853002237390764","error":""},"_links":{"self":[{"href":"https:\/\/www.europesays.com\/pl\/wp-json\/wp\/v2\/posts\/191316","targetHints":{"allow":["GET"]}}],"collection":[{"href":"https:\/\/www.europesays.com\/pl\/wp-json\/wp\/v2\/posts"}],"about":[{"href":"https:\/\/www.europesays.com\/pl\/wp-json\/wp\/v2\/types\/post"}],"author":[{"embeddable":true,"href":"https:\/\/www.europesays.com\/pl\/wp-json\/wp\/v2\/users\/2"}],"replies":[{"embeddable":true,"href":"https:\/\/www.europesays.com\/pl\/wp-json\/wp\/v2\/comments?post=191316"}],"version-history":[{"count":0,"href":"https:\/\/www.europesays.com\/pl\/wp-json\/wp\/v2\/posts\/191316\/revisions"}],"wp:featuredmedia":[{"embeddable":true,"href":"https:\/\/www.europesays.com\/pl\/wp-json\/wp\/v2\/media\/191317"}],"wp:attachment":[{"href":"https:\/\/www.europesays.com\/pl\/wp-json\/wp\/v2\/media?parent=191316"}],"wp:term":[{"taxonomy":"category","embeddable":true,"href":"https:\/\/www.europesays.com\/pl\/wp-json\/wp\/v2\/categories?post=191316"},{"taxonomy":"post_tag","embeddable":true,"href":"https:\/\/www.europesays.com\/pl\/wp-json\/wp\/v2\/tags?post=191316"}],"curies":[{"name":"wp","href":"https:\/\/api.w.org\/{rel}","templated":true}]}}