{"id":191351,"date":"2026-01-07T09:25:07","date_gmt":"2026-01-07T09:25:07","guid":{"rendered":"https:\/\/www.europesays.com\/pl\/191351\/"},"modified":"2026-01-07T09:25:07","modified_gmt":"2026-01-07T09:25:07","slug":"nielegalne-oto-co-zrobila-iga-swiatek-w-united-cup-przeglad-sportowy-onet","status":"publish","type":"post","link":"https:\/\/www.europesays.com\/pl\/191351\/","title":{"rendered":"&quot;Nielegalne&quot;. Oto co zrobi\u0142a Iga \u015awi\u0105tek w United Cup &#8211; Przegl\u0105d Sportowy Onet"},"content":{"rendered":"<ol>\n<li><a href=\"https:\/\/news.google.com\/rss\/articles\/CBMingFBVV95cUxQMHh4WVhGNThvMDRaSlg1UE5wbnI5SVF5MWlONnhVVjBFR2RjVmQ2SUtjX1M1YlVMdFhfazNsalljVEVaV0F6TG1PR1VoYVhDNlN0UmN6UjNzYmtHZHY2YTZiSTRMYzhYOU5qLWl3T0RERXptaEMzMEVOR0pvdEZNcnhmVXFHb1pKNVdVQkNuNDhBSlZOaHFRRWhTcG10dw?oc=5\" target=\"_blank\" rel=\"nofollow noopener\">&#8222;Nielegalne&#8221;. Oto co zrobi\u0142a Iga \u015awi\u0105tek w United Cup<\/a>&nbsp;&nbsp;Przegl\u0105d Sportowy Onet<\/li>\n<li><a href=\"https:\/\/news.google.com\/rss\/articles\/CBMisAFBVV95cUxPOXp6a183YjVwaEZWWjM5YnlKdnI3NGk0WC1HdmdkbGN5LXZYZTh4MExhYWVDVG54SGpVbUxmNGtpcHpTNU8zS1NfT3psOGQxaVltQU9Xc1R2bVBIak5CV25kRy03bGg2MHRJdmZhX0NSN1hyT0tvc1dBT0lMMzFmNUxiWngyV0NNUFluc1MtX2o5Mi02SGg0bGRXSDUwZXpIdDdiMllISjI1bXFPN1RwRQ?oc=5\" target=\"_blank\" rel=\"nofollow noopener\">72 minuty i koniec nocnego meczu Igi \u015awi\u0105tek! Ma ukryte znaczenie<\/a>&nbsp;&nbsp;Przegl\u0105d Sportowy Onet<\/li>\n<li><a href=\"https:\/\/news.google.com\/rss\/articles\/CBMitgFBVV95cUxOdl8zOHVVeEpsU0tWbG94VURROUpNbUhoTDFTSHZmZW01NGNmX01MY21GWUtXMDR0Z2xXeGRzR1I5ck5DeXpDVERQbFBNVVBPcWpmWWdXM1V4UmZRRlBfemlpV19DYWFBaFlEaEE4Zmk1eGJHWVlzdXZnZmFyT0pHR0g1TTV2N1JuSmJPRllxZTc2TWNFTmVJT0ZabnpzUXpXcXNYdnRSSVBhN3NXejQ5S1hKd1ZFQQ?oc=5\" target=\"_blank\" rel=\"nofollow noopener\">Deklasacja w meczu \u015awi\u0105tek z mistrzyni\u0105 z Osaki. Koniec po 72 minutach<\/a>&nbsp;&nbsp;Sport w INTERIA.PL<\/li>\n<li><a href=\"https:\/\/news.google.com\/rss\/articles\/CBMirwFBVV95cUxOTTU4aDYzQlloVS1LUVFIeDV6dFBxMlhDeTNweXJ3RkxySjA5NzRXQUp0UG9uSU56NGtXS2NNbkQzOVRzNHBQUnkxbERxWVF5QWw1b0pkT1ppRHAyaFlrM1hPMmNiMVM2a1U5QjRTZ0NFdWpRMTRqaWpMcnFkSUtNX3BDNXlpd0kxTEtHeEpvb3NXT1FXVUdoTVZiQWdta0JZMkozeG1CdkRSaWNzNmJv?oc=5\" target=\"_blank\" rel=\"nofollow noopener\">\u015awi\u0105tek rzuci\u0142a rakiet\u0105 i staranowa\u0142a siatk\u0119. Ta sytuacja m\u00f3wi wszystko Tenis<\/a>&nbsp;&nbsp;Sport.pl<\/li>\n<li><a href=\"https:\/\/news.google.com\/rss\/articles\/CBMiqwFBVV95cUxOMmpIZm9nWmJFbTh4dWstT3NCY2xfSlRjelFUSnlGVFZ3Qi1lbkYzaHEybW54YXJGWElIYzlvX1lkMjl1ckpKOTFFYzlLOWtnbXA2U29pZ19VTzM1Rmc2eGNyUHVQRl84bGZhUl8tS280S2hDdktqNUtkcVpOZ0pleDhWWEdpaHpwTmh4YThGV2k4WDBYNTEzcjhPdmNRdkxmNnI4ekNXR1RDazA?oc=5\" target=\"_blank\" rel=\"nofollow noopener\">To nie \u015awi\u0105tek czaruje. Polak zachwyci\u0142 ca\u0142y tenisowy \u015bwiat [OPINIA]<\/a>&nbsp;&nbsp;SportoweFakty<\/li>\n<\/ol>\n","protected":false},"excerpt":{"rendered":"&#8222;Nielegalne&#8221;. Oto co zrobi\u0142a Iga \u015awi\u0105tek w United Cup&nbsp;&nbsp;Przegl\u0105d Sportowy Onet 72 minuty i koniec nocnego meczu Igi&hellip;\n","protected":false},"author":2,"featured_media":191352,"comment_status":"","ping_status":"","sticky":false,"template":"","format":"standard","meta":{"footnotes":""},"categories":[5],"tags":[32,33,36,37,27,252,67,34,35,28,31,25,11744,42,38,40,39,41,136,128,47,135,156,2678,29,30,13444,26,130],"class_list":{"0":"post-191351","1":"post","2":"type-post","3":"status-publish","4":"format-standard","5":"has-post-thumbnail","7":"category-naglowki","8":"tag-breaking-news","9":"tag-breakingnews","10":"tag-featured-news","11":"tag-featurednews","12":"tag-headlines","13":"tag-iga_swiatek","14":"tag-intextvideo_splayer","15":"tag-latest-news","16":"tag-latestnews","17":"tag-naglowki","18":"tag-najwazniejsze-artykuly","19":"tag-news","20":"tag-ogor","21":"tag-pl","22":"tag-poland","23":"tag-polish","24":"tag-polska","25":"tag-polski","26":"tag-ps_detal_new","27":"tag-psv2","28":"tag-screening_general","29":"tag-sport_sport","30":"tag-tenis","31":"tag-tennis","32":"tag-top-stories","33":"tag-topstories","34":"tag-united_cup","35":"tag-wiadomosci","36":"tag-wiadomosci_sportowe"},"share_on_mastodon":{"url":"https:\/\/pubeurope.com\/@pl\/115853100640139464","error":""},"_links":{"self":[{"href":"https:\/\/www.europesays.com\/pl\/wp-json\/wp\/v2\/posts\/191351","targetHints":{"allow":["GET"]}}],"collection":[{"href":"https:\/\/www.europesays.com\/pl\/wp-json\/wp\/v2\/posts"}],"about":[{"href":"https:\/\/www.europesays.com\/pl\/wp-json\/wp\/v2\/types\/post"}],"author":[{"embeddable":true,"href":"https:\/\/www.europesays.com\/pl\/wp-json\/wp\/v2\/users\/2"}],"replies":[{"embeddable":true,"href":"https:\/\/www.europesays.com\/pl\/wp-json\/wp\/v2\/comments?post=191351"}],"version-history":[{"count":0,"href":"https:\/\/www.europesays.com\/pl\/wp-json\/wp\/v2\/posts\/191351\/revisions"}],"wp:featuredmedia":[{"embeddable":true,"href":"https:\/\/www.europesays.com\/pl\/wp-json\/wp\/v2\/media\/191352"}],"wp:attachment":[{"href":"https:\/\/www.europesays.com\/pl\/wp-json\/wp\/v2\/media?parent=191351"}],"wp:term":[{"taxonomy":"category","embeddable":true,"href":"https:\/\/www.europesays.com\/pl\/wp-json\/wp\/v2\/categories?post=191351"},{"taxonomy":"post_tag","embeddable":true,"href":"https:\/\/www.europesays.com\/pl\/wp-json\/wp\/v2\/tags?post=191351"}],"curies":[{"name":"wp","href":"https:\/\/api.w.org\/{rel}","templated":true}]}}